{"id":3912,"date":"2018-06-14T17:58:48","date_gmt":"2018-06-14T23:58:48","guid":{"rendered":"http:\/\/hombresymujeresdelacasa.com\/home\/?p=3912"},"modified":"2018-06-15T09:27:45","modified_gmt":"2018-06-15T15:27:45","slug":"consolidar-la-vivienda-productiva-objetivo-de-vinte","status":"publish","type":"post","link":"https:\/\/hombresymujeresdelacasa.com\/home\/consolidar-la-vivienda-productiva-objetivo-de-vinte\/","title":{"rendered":"Consolidar la vivienda productiva, objetivo de Vinte"},"content":{"rendered":"<p>Por Ernesto Gil<\/p>\n<p><em>Con la puesta en marcha de la vivienda H\u00edbrida Cero Gas, dijo Sergio Leal, la firma ratifica su compromiso con la innovaci\u00f3n<\/em><span id=\"more-73080\"><\/span><\/p>\n<p>Romper el paradigma que mantiene a la casa como un lugar cuadrado y de resguardo familiar para hacerla m\u00e1s interactiva con los habitantes, a la vez que permita ahorrar en t\u00e9rminos econ\u00f3micos y producir datos estad\u00edsticos sobre sus usos y costumbres, es el pensamiento de\u00a0<a href=\"https:\/\/www.vinte.com.mx\/\" target=\"_blank\" rel=\"noopener noreferrer nofollow\"><strong>Inmobiliaria Vinte<\/strong><\/a>, se\u00f1al\u00f3\u00a0<a href=\"https:\/\/twitter.com\/SergioLealVinte?lang=es\" target=\"_blank\" rel=\"noopener noreferrer nofollow\"><strong>Sergio Leal<\/strong><\/a>, fundador y director general de la firma.<\/p>\n<p>En entrevista para\u00a0<strong>Desde<\/strong>\u00a0<strong>Centro<\/strong>\u00a0<strong>Urbano<\/strong>, el arquitecto habl\u00f3 sobre la m\u00e1s reciente innovaci\u00f3n de su empresa: la Casa H\u00edbrida Cero Gas. Vinte, caracterizada por sus innovaciones como la vivienda digital, con un enfoque de desarrollo integral sustentable lanz\u00f3 este nuevo hito de su oferta.<\/p>\n<p>\u201cCon un trabajo a lo largo de quince a\u00f1os, en la XVI Conferencia de las Partes (COP 16) presentamos la casa de cero energ\u00eda; parecen cosas aisladas, pero nuestras innovaciones vienen a sumarse a un concepto que llamamos casa productiva\u201d, explic\u00f3 el desarrollador.<\/p>\n<p>Tras presentar el proyecto el 24 de mayo en Washington ante funcionarios del\u00a0<a href=\"https:\/\/www.iadb.org\/es\" target=\"_blank\" rel=\"noopener noreferrer nofollow\"><strong>Banco Interamericano de Desarrollo (BID)<\/strong><\/a>\u00a0y la\u00a0<a href=\"https:\/\/www.ifc.org\/wps\/wcm\/connect\/multilingual_ext_content\/ifc_external_corporate_site\/home_es\" target=\"_blank\" rel=\"noopener noreferrer nofollow\"><strong>Corporaci\u00f3n Financiera Internacional<\/strong><\/a>\u00a0(IFC, por sus siglas en ingl\u00e9s), la inmobiliaria hizo lo propio en M\u00e9xico el 11 de junio. Al respecto, Leal expresa que tienen buenas noticias, pues el producto se recibe con inter\u00e9s en nuestro pa\u00eds.<\/p>\n<p>La Casa H\u00edbrida Cero Gas permite a los usuarios decidir si usan o no este combustible. Como complemento, la vivienda produce la electricidad que utiliza: elementos como la estufa y los calentadores funcionan con esa fuente de energ\u00eda. Producto de desarrollo e investigaci\u00f3n de a\u00f1os, la construcci\u00f3n de esta nueva opci\u00f3n disminuy\u00f3 su costo con el paso del tiempo. \u201cCreo que es necesario que la tecnolog\u00eda sea mucho m\u00e1s accesible\u201d, enfatiz\u00f3 Leal.<\/p>\n<p>El nuevo producto est\u00e1 pensado para las nuevas formas de familia, que son compactas. Millenials, madres o padres solteros y familias con pocos integrantes pueden adquirir este tipo de viviendas con un costo menor a los 500,000 pesos. El empresario explic\u00f3 que en los pilotos del proyecto, que se ubicaron en Quer\u00e9taro, Estado de M\u00e9xico y Playa del Carmen, las familias llegaron a ahorrar hasta 6% de su ingreso mensual.<\/p>\n<p>Vinte lanz\u00f3 ya 100 viviendas de este g\u00e9nero en el Estado de M\u00e9xico, las cuales estar\u00e1n en comercializaci\u00f3n a partir de noviembre de este a\u00f1o; se busca entregarlas a los compradores a inicios de 2019. Leal se\u00f1al\u00f3 tambi\u00e9n que el objetivo es disponer de esta modalidad en sus 18 desarrollos para finales del pr\u00f3ximo a\u00f1o. \u201cTenemos una aceptaci\u00f3n enorme; por medio de redes sociales la gente pregunta, se apunta y quiere saber m\u00e1s del concepto de casa que ofrecemos\u201d, concluy\u00f3.<\/p>\n","protected":false},"excerpt":{"rendered":"<p>Por Ernesto Gil Con la puesta en marcha de la vivienda H\u00edbrida Cero Gas, dijo Sergio Leal, la firma ratifica su compromiso con la innovaci\u00f3n Romper el paradigma que mantiene a la casa como un lugar cuadrado y de resguardo familiar para hacerla m\u00e1s interactiva con los habitantes, a la vez que permita ahorrar en [&hellip;]<\/p>\n","protected":false},"author":1,"featured_media":3913,"comment_status":"open","ping_status":"open","sticky":false,"template":"","format":"standard","meta":{"site-sidebar-layout":"default","site-content-layout":"","ast-site-content-layout":"default","site-content-style":"default","site-sidebar-style":"default","ast-global-header-display":"","ast-banner-title-visibility":"","ast-main-header-display":"","ast-hfb-above-header-display":"","ast-hfb-below-header-display":"","ast-hfb-mobile-header-display":"","site-post-title":"","ast-breadcrumbs-content":"","ast-featured-img":"","footer-sml-layout":"","ast-disable-related-posts":"","theme-transparent-header-meta":"","adv-header-id-meta":"","stick-header-meta":"","header-above-stick-meta":"","header-main-stick-meta":"","header-below-stick-meta":"","astra-migrate-meta-layouts":"default","ast-page-background-enabled":"default","ast-page-background-meta":{"desktop":{"background-color":"var(--ast-global-color-4)","background-image":"","background-repeat":"repeat","background-position":"center center","background-size":"auto","background-attachment":"scroll","background-type":"","background-media":"","overlay-type":"","overlay-color":"","overlay-opacity":"","overlay-gradient":""},"tablet":{"background-color":"","background-image":"","background-repeat":"repeat","background-position":"center center","background-size":"auto","background-attachment":"scroll","background-type":"","background-media":"","overlay-type":"","overlay-color":"","overlay-opacity":"","overlay-gradient":""},"mobile":{"background-color":"","background-image":"","background-repeat":"repeat","background-position":"center center","background-size":"auto","background-attachment":"scroll","background-type":"","background-media":"","overlay-type":"","overlay-color":"","overlay-opacity":"","overlay-gradient":""}},"ast-content-background-meta":{"desktop":{"background-color":"var(--ast-global-color-5)","background-image":"","background-repeat":"repeat","background-position":"center center","background-size":"auto","background-attachment":"scroll","background-type":"","background-media":"","overlay-type":"","overlay-color":"","overlay-opacity":"","overlay-gradient":""},"tablet":{"background-color":"var(--ast-global-color-5)","background-image":"","background-repeat":"repeat","background-position":"center center","background-size":"auto","background-attachment":"scroll","background-type":"","background-media":"","overlay-type":"","overlay-color":"","overlay-opacity":"","overlay-gradient":""},"mobile":{"background-color":"var(--ast-global-color-5)","background-image":"","background-repeat":"repeat","background-position":"center center","background-size":"auto","background-attachment":"scroll","background-type":"","background-media":"","overlay-type":"","overlay-color":"","overlay-opacity":"","overlay-gradient":""}},"footnotes":""},"categories":[2],"tags":[103,176,177],"class_list":["post-3912","post","type-post","status-publish","format-standard","has-post-thumbnail","hentry","category-entrevistas","tag-inmobiliaria","tag-vinte","tag-vivienda"],"_links":{"self":[{"href":"https:\/\/hombresymujeresdelacasa.com\/home\/wp-json\/wp\/v2\/posts\/3912","targetHints":{"allow":["GET"]}}],"collection":[{"href":"https:\/\/hombresymujeresdelacasa.com\/home\/wp-json\/wp\/v2\/posts"}],"about":[{"href":"https:\/\/hombresymujeresdelacasa.com\/home\/wp-json\/wp\/v2\/types\/post"}],"author":[{"embeddable":true,"href":"https:\/\/hombresymujeresdelacasa.com\/home\/wp-json\/wp\/v2\/users\/1"}],"replies":[{"embeddable":true,"href":"https:\/\/hombresymujeresdelacasa.com\/home\/wp-json\/wp\/v2\/comments?post=3912"}],"version-history":[{"count":1,"href":"https:\/\/hombresymujeresdelacasa.com\/home\/wp-json\/wp\/v2\/posts\/3912\/revisions"}],"predecessor-version":[{"id":3914,"href":"https:\/\/hombresymujeresdelacasa.com\/home\/wp-json\/wp\/v2\/posts\/3912\/revisions\/3914"}],"wp:featuredmedia":[{"embeddable":true,"href":"https:\/\/hombresymujeresdelacasa.com\/home\/wp-json\/wp\/v2\/media\/3913"}],"wp:attachment":[{"href":"https:\/\/hombresymujeresdelacasa.com\/home\/wp-json\/wp\/v2\/media?parent=3912"}],"wp:term":[{"taxonomy":"category","embeddable":true,"href":"https:\/\/hombresymujeresdelacasa.com\/home\/wp-json\/wp\/v2\/categories?post=3912"},{"taxonomy":"post_tag","embeddable":true,"href":"https:\/\/hombresymujeresdelacasa.com\/home\/wp-json\/wp\/v2\/tags?post=3912"}],"curies":[{"name":"wp","href":"https:\/\/api.w.org\/{rel}","templated":true}]}}