{"id":3897,"date":"2018-06-12T12:24:22","date_gmt":"2018-06-12T18:24:22","guid":{"rendered":"http:\/\/hombresymujeresdelacasa.com\/home\/?p=3897"},"modified":"2018-06-13T10:01:25","modified_gmt":"2018-06-13T16:01:25","slug":"piden-suspender-cobro-de-hipotecas-a-damnificados","status":"publish","type":"post","link":"https:\/\/hombresymujeresdelacasa.com\/home\/piden-suspender-cobro-de-hipotecas-a-damnificados\/","title":{"rendered":"Piden suspender cobro de hipotecas a damnificados"},"content":{"rendered":"<p>Por Diego Rodr\u00edgez<\/p>\n<p><em>La mayor\u00eda de las viviendas afectadas en la CDMX est\u00e1n en condominios y muchos fueron desalojados<\/em><br \/>\n<span id=\"more-72888\"><\/span><\/p>\n<p>El gobierno de la Ciudad de M\u00e9xico pidi\u00f3 al\u00a0<a href=\"https:\/\/www.gob.mx\/fovissste\" target=\"_blank\" rel=\"noopener nofollow\">Fondo de Vivienda del Instituto de Seguridad y Servicios Sociales de los Trabajadores del Estado<\/a>\u00a0(Fovissste), al\u00a0<a href=\"http:\/\/portal.infonavit.org.mx\/wps\/wcm\/connect\/infonavit\/inicio\" target=\"_blank\" rel=\"noopener nofollow\">Instituto del Fondo Nacional de la Vivienda para los Trabajadores<\/a>\u00a0(Infonavit) y a la\u00a0<a href=\"https:\/\/www.gob.mx\/cnbv\" target=\"_blank\" rel=\"noopener nofollow\">Comisi\u00f3n Nacional Bancaria y de Valores<\/a>\u00a0(CNBV) suspender y sin cobro de intereses los pagos mensuales de los cr\u00e9ditos hipotecarios a los afectados por el sismo del 19 de septiembre.<\/p>\n<p>Jos\u00e9 Ram\u00f3n Amieva, jefe de Gobierno de la Ciudad de M\u00e9xico, explic\u00f3 que esta medida s\u00f3lo aplicar\u00eda hasta que concluyan las acciones de reconstrucci\u00f3n o rehabilitaci\u00f3n de sus hogares. Por lo que se enviaron oficios a los titulares de dichas instrucciones para que consideren esta medida, \u201chasta que se resuelva la condici\u00f3n de vulnerabilidad que enfrentan los damnificados y que les impide continuar con sus pagos\u201d.<\/p>\n<p>Expuso que derivado de las reuniones sostenidas en los \u00faltimos meses con las familias afectadas, buscan avanzar en una medida que permita brindarles atenci\u00f3n integral, ya que expresaron su preocupaci\u00f3n por las complicaciones para continuar con el pago de sus cr\u00e9ditos hipotecarios, que en muchos casos a\u00fan no han sido saldados y al mismo tiempo realizar el pago de renta y los gastos accesorios para ocupar otro inmueble.<\/p>\n<p>\u201cLa suspensi\u00f3n no contempla el pago de seguros, a efecto de garantizar el beneficio que en su caso otorgan las aseguradoras. Asimismo, se design\u00f3 como enlace al secretario de Gobierno de la Ciudad de M\u00e9xico y al Comisionado para la Reconstrucci\u00f3n para cualquier informaci\u00f3n o gesti\u00f3n que se requiera\u201d.<\/p>\n<p>Los inmuebles que tuvieron mayores da\u00f1os fueron viviendas en condominios, algunos fueron dictaminados como inhabitables por alto o medio riesgo estructural, por lo que fueron desocupados.<\/p>\n<p>La mayor\u00eda de las viviendas se adquiri\u00f3 con cr\u00e9ditos hipotecarios, por lo que es necesaria la colaboraci\u00f3n de diversas instituciones en labores para la reconstrucci\u00f3n y rehabilitaci\u00f3n de la Ciudad de M\u00e9xico, as\u00ed como el compromiso mostrado en beneficio de la sociedad, agreg\u00f3.<\/p>\n<p>Este planteamiento se suma a las acciones, planes y programas de apoyo para la demolici\u00f3n, rehabilitaci\u00f3n y reconstrucci\u00f3n, as\u00ed como para el pago de rentas a los afectados. \u201cEs importante que estas instituciones y los bancos valoren y, en su caso, aprueben la medida complementaria a favor de las personas damnificadas\u201d.<\/p>\n<p>La pol\u00edtica o directriz de suspensi\u00f3n de pagos de las mensualidades solicitada, se fundamenta en los art\u00edculos 67 fracci\u00f3n XXV del Estatuto de Gobierno del Distrito Federal, 6, 9 fracci\u00f3n V de la Ley para la Reconstrucci\u00f3n, Recuperaci\u00f3n y Transformaci\u00f3n de la Ciudad de M\u00e9xico en una cada vez m\u00e1s Resiliente.<\/p>\n","protected":false},"excerpt":{"rendered":"<p>Por Diego Rodr\u00edgez La mayor\u00eda de las viviendas afectadas en la CDMX est\u00e1n en condominios y muchos fueron desalojados El gobierno de la Ciudad de M\u00e9xico pidi\u00f3 al\u00a0Fondo de Vivienda del Instituto de Seguridad y Servicios Sociales de los Trabajadores del Estado\u00a0(Fovissste), al\u00a0Instituto del Fondo Nacional de la Vivienda para los Trabajadores\u00a0(Infonavit) y a la\u00a0Comisi\u00f3n [&hellip;]<\/p>\n","protected":false},"author":1,"featured_media":3898,"comment_status":"open","ping_status":"open","sticky":false,"template":"","format":"standard","meta":{"site-sidebar-layout":"default","site-content-layout":"","ast-site-content-layout":"default","site-content-style":"default","site-sidebar-style":"default","ast-global-header-display":"","ast-banner-title-visibility":"","ast-main-header-display":"","ast-hfb-above-header-display":"","ast-hfb-below-header-display":"","ast-hfb-mobile-header-display":"","site-post-title":"","ast-breadcrumbs-content":"","ast-featured-img":"","footer-sml-layout":"","ast-disable-related-posts":"","theme-transparent-header-meta":"","adv-header-id-meta":"","stick-header-meta":"","header-above-stick-meta":"","header-main-stick-meta":"","header-below-stick-meta":"","astra-migrate-meta-layouts":"default","ast-page-background-enabled":"default","ast-page-background-meta":{"desktop":{"background-color":"var(--ast-global-color-4)","background-image":"","background-repeat":"repeat","background-position":"center center","background-size":"auto","background-attachment":"scroll","background-type":"","background-media":"","overlay-type":"","overlay-color":"","overlay-opacity":"","overlay-gradient":""},"tablet":{"background-color":"","background-image":"","background-repeat":"repeat","background-position":"center center","background-size":"auto","background-attachment":"scroll","background-type":"","background-media":"","overlay-type":"","overlay-color":"","overlay-opacity":"","overlay-gradient":""},"mobile":{"background-color":"","background-image":"","background-repeat":"repeat","background-position":"center center","background-size":"auto","background-attachment":"scroll","background-type":"","background-media":"","overlay-type":"","overlay-color":"","overlay-opacity":"","overlay-gradient":""}},"ast-content-background-meta":{"desktop":{"background-color":"var(--ast-global-color-5)","background-image":"","background-repeat":"repeat","background-position":"center center","background-size":"auto","background-attachment":"scroll","background-type":"","background-media":"","overlay-type":"","overlay-color":"","overlay-opacity":"","overlay-gradient":""},"tablet":{"background-color":"var(--ast-global-color-5)","background-image":"","background-repeat":"repeat","background-position":"center center","background-size":"auto","background-attachment":"scroll","background-type":"","background-media":"","overlay-type":"","overlay-color":"","overlay-opacity":"","overlay-gradient":""},"mobile":{"background-color":"var(--ast-global-color-5)","background-image":"","background-repeat":"repeat","background-position":"center center","background-size":"auto","background-attachment":"scroll","background-type":"","background-media":"","overlay-type":"","overlay-color":"","overlay-opacity":"","overlay-gradient":""}},"footnotes":""},"categories":[4],"tags":[41,833,57,289,86,834,102],"class_list":["post-3897","post","type-post","status-publish","format-standard","has-post-thumbnail","hentry","category-noticias","tag-cdmx","tag-cnbv","tag-creditos","tag-damnificados","tag-fovissste","tag-hipotecarios","tag-infonavit"],"_links":{"self":[{"href":"https:\/\/hombresymujeresdelacasa.com\/home\/wp-json\/wp\/v2\/posts\/3897","targetHints":{"allow":["GET"]}}],"collection":[{"href":"https:\/\/hombresymujeresdelacasa.com\/home\/wp-json\/wp\/v2\/posts"}],"about":[{"href":"https:\/\/hombresymujeresdelacasa.com\/home\/wp-json\/wp\/v2\/types\/post"}],"author":[{"embeddable":true,"href":"https:\/\/hombresymujeresdelacasa.com\/home\/wp-json\/wp\/v2\/users\/1"}],"replies":[{"embeddable":true,"href":"https:\/\/hombresymujeresdelacasa.com\/home\/wp-json\/wp\/v2\/comments?post=3897"}],"version-history":[{"count":1,"href":"https:\/\/hombresymujeresdelacasa.com\/home\/wp-json\/wp\/v2\/posts\/3897\/revisions"}],"predecessor-version":[{"id":3899,"href":"https:\/\/hombresymujeresdelacasa.com\/home\/wp-json\/wp\/v2\/posts\/3897\/revisions\/3899"}],"wp:featuredmedia":[{"embeddable":true,"href":"https:\/\/hombresymujeresdelacasa.com\/home\/wp-json\/wp\/v2\/media\/3898"}],"wp:attachment":[{"href":"https:\/\/hombresymujeresdelacasa.com\/home\/wp-json\/wp\/v2\/media?parent=3897"}],"wp:term":[{"taxonomy":"category","embeddable":true,"href":"https:\/\/hombresymujeresdelacasa.com\/home\/wp-json\/wp\/v2\/categories?post=3897"},{"taxonomy":"post_tag","embeddable":true,"href":"https:\/\/hombresymujeresdelacasa.com\/home\/wp-json\/wp\/v2\/tags?post=3897"}],"curies":[{"name":"wp","href":"https:\/\/api.w.org\/{rel}","templated":true}]}}