{"id":3894,"date":"2018-06-12T14:03:44","date_gmt":"2018-06-12T20:03:44","guid":{"rendered":"http:\/\/hombresymujeresdelacasa.com\/home\/?p=3894"},"modified":"2018-06-13T09:52:51","modified_gmt":"2018-06-13T15:52:51","slug":"dar-viabilidad-a-la-cdmx-la-prioridad-sheinbaum","status":"publish","type":"post","link":"https:\/\/hombresymujeresdelacasa.com\/home\/dar-viabilidad-a-la-cdmx-la-prioridad-sheinbaum\/","title":{"rendered":"Dar viabilidad a la CDMX, la prioridad: Sheinbaum"},"content":{"rendered":"<p>Por Edgar Rosas<\/p>\n<p><em>La candidata sostuvo una reuni\u00f3n con desarrolladores de vivienda agrupados en Canadevi<\/em><span id=\"more-72906\"><\/span><\/p>\n<p>Es fundamental darle viabilidad a la\u00a0<strong>Ciudad de M\u00e9xico<\/strong>\u00a0y concretar un plan sustentable de largo plazo en materia de desarrollo urbano, consider\u00f3\u00a0<strong>Claudia Sheinbaum<\/strong>, candidata de la coalici\u00f3n \u2018<strong>Juntos Haremos Historia<\/strong>\u2019 por la gubernatura de la Ciudad de M\u00e9xico.<\/p>\n<p>En reuni\u00f3n con socios de la C\u00e1mara Nacional de la Industria de Desarrollo y Promoci\u00f3n de la Vivienda (<strong>Canadevi<\/strong>) delegaci\u00f3n\u00a0<strong>Valle de M\u00e9xico<\/strong>, la aspirante subray\u00f3 que no es posible que la capital mexicana siga en crecimiento sin antes atender temas fundamentales, como el abasto de agua o movilidad.<\/p>\n<p>La candidata dijo a los empresarios de la vivienda que, si bien el desarrollo no se detendr\u00e1, si ser\u00e1 necesario definir en d\u00f3nde s\u00ed y d\u00f3nde no se puede intervenir. Dijo que es fundamental otorgar certeza a quienes invierten, adem\u00e1s de consolidar la transparencia.<\/p>\n<p>Entre otras cosas, Claudia Sheinbaum enfatiz\u00f3 que es necesario definir un plan de actuaci\u00f3n en la Ciudad de M\u00e9xico. A\u00f1adi\u00f3 que, en coordinaci\u00f3n con iniciativa privada y sociedad civil, se debe establecer hacia d\u00f3nde se debe orientar el crecimiento.<\/p>\n<p>De manera particular, apunt\u00f3 que una de las propuestas de la opci\u00f3n que encabeza es reducir a uno el estudio de impacto y mitigaci\u00f3n al realizarse un desarrollo inmobiliario; adem\u00e1s asegur\u00f3 que es fundamental garantizar que los derechos que pagan los desarrolladores por construir se vean reflejados en las zonas donde intervienen.<\/p>\n","protected":false},"excerpt":{"rendered":"<p>Por Edgar Rosas La candidata sostuvo una reuni\u00f3n con desarrolladores de vivienda agrupados en Canadevi Es fundamental darle viabilidad a la\u00a0Ciudad de M\u00e9xico\u00a0y concretar un plan sustentable de largo plazo en materia de desarrollo urbano, consider\u00f3\u00a0Claudia Sheinbaum, candidata de la coalici\u00f3n \u2018Juntos Haremos Historia\u2019 por la gubernatura de la Ciudad de M\u00e9xico. En reuni\u00f3n con [&hellip;]<\/p>\n","protected":false},"author":1,"featured_media":3895,"comment_status":"open","ping_status":"open","sticky":false,"template":"","format":"standard","meta":{"site-sidebar-layout":"default","site-content-layout":"","ast-site-content-layout":"default","site-content-style":"default","site-sidebar-style":"default","ast-global-header-display":"","ast-banner-title-visibility":"","ast-main-header-display":"","ast-hfb-above-header-display":"","ast-hfb-below-header-display":"","ast-hfb-mobile-header-display":"","site-post-title":"","ast-breadcrumbs-content":"","ast-featured-img":"","footer-sml-layout":"","ast-disable-related-posts":"","theme-transparent-header-meta":"","adv-header-id-meta":"","stick-header-meta":"","header-above-stick-meta":"","header-main-stick-meta":"","header-below-stick-meta":"","astra-migrate-meta-layouts":"default","ast-page-background-enabled":"default","ast-page-background-meta":{"desktop":{"background-color":"var(--ast-global-color-4)","background-image":"","background-repeat":"repeat","background-position":"center center","background-size":"auto","background-attachment":"scroll","background-type":"","background-media":"","overlay-type":"","overlay-color":"","overlay-opacity":"","overlay-gradient":""},"tablet":{"background-color":"","background-image":"","background-repeat":"repeat","background-position":"center center","background-size":"auto","background-attachment":"scroll","background-type":"","background-media":"","overlay-type":"","overlay-color":"","overlay-opacity":"","overlay-gradient":""},"mobile":{"background-color":"","background-image":"","background-repeat":"repeat","background-position":"center center","background-size":"auto","background-attachment":"scroll","background-type":"","background-media":"","overlay-type":"","overlay-color":"","overlay-opacity":"","overlay-gradient":""}},"ast-content-background-meta":{"desktop":{"background-color":"var(--ast-global-color-5)","background-image":"","background-repeat":"repeat","background-position":"center center","background-size":"auto","background-attachment":"scroll","background-type":"","background-media":"","overlay-type":"","overlay-color":"","overlay-opacity":"","overlay-gradient":""},"tablet":{"background-color":"var(--ast-global-color-5)","background-image":"","background-repeat":"repeat","background-position":"center center","background-size":"auto","background-attachment":"scroll","background-type":"","background-media":"","overlay-type":"","overlay-color":"","overlay-opacity":"","overlay-gradient":""},"mobile":{"background-color":"var(--ast-global-color-5)","background-image":"","background-repeat":"repeat","background-position":"center center","background-size":"auto","background-attachment":"scroll","background-type":"","background-media":"","overlay-type":"","overlay-color":"","overlay-opacity":"","overlay-gradient":""}},"footnotes":""},"categories":[4],"tags":[830,363,831,832,759,177],"class_list":["post-3894","post","type-post","status-publish","format-standard","has-post-thumbnail","hentry","category-noticias","tag-canadevi-vm","tag-ciudad-de-mexico","tag-claudia-sheinbaum","tag-juntos-haremos-historia","tag-morena","tag-vivienda"],"_links":{"self":[{"href":"https:\/\/hombresymujeresdelacasa.com\/home\/wp-json\/wp\/v2\/posts\/3894","targetHints":{"allow":["GET"]}}],"collection":[{"href":"https:\/\/hombresymujeresdelacasa.com\/home\/wp-json\/wp\/v2\/posts"}],"about":[{"href":"https:\/\/hombresymujeresdelacasa.com\/home\/wp-json\/wp\/v2\/types\/post"}],"author":[{"embeddable":true,"href":"https:\/\/hombresymujeresdelacasa.com\/home\/wp-json\/wp\/v2\/users\/1"}],"replies":[{"embeddable":true,"href":"https:\/\/hombresymujeresdelacasa.com\/home\/wp-json\/wp\/v2\/comments?post=3894"}],"version-history":[{"count":1,"href":"https:\/\/hombresymujeresdelacasa.com\/home\/wp-json\/wp\/v2\/posts\/3894\/revisions"}],"predecessor-version":[{"id":3896,"href":"https:\/\/hombresymujeresdelacasa.com\/home\/wp-json\/wp\/v2\/posts\/3894\/revisions\/3896"}],"wp:featuredmedia":[{"embeddable":true,"href":"https:\/\/hombresymujeresdelacasa.com\/home\/wp-json\/wp\/v2\/media\/3895"}],"wp:attachment":[{"href":"https:\/\/hombresymujeresdelacasa.com\/home\/wp-json\/wp\/v2\/media?parent=3894"}],"wp:term":[{"taxonomy":"category","embeddable":true,"href":"https:\/\/hombresymujeresdelacasa.com\/home\/wp-json\/wp\/v2\/categories?post=3894"},{"taxonomy":"post_tag","embeddable":true,"href":"https:\/\/hombresymujeresdelacasa.com\/home\/wp-json\/wp\/v2\/tags?post=3894"}],"curies":[{"name":"wp","href":"https:\/\/api.w.org\/{rel}","templated":true}]}}