{"id":3891,"date":"2018-06-12T13:48:05","date_gmt":"2018-06-12T19:48:05","guid":{"rendered":"http:\/\/hombresymujeresdelacasa.com\/home\/?p=3891"},"modified":"2018-06-13T09:46:03","modified_gmt":"2018-06-13T15:46:03","slug":"a-pesar-de-la-cautela-en-elecciones-sector-vivienda-crece-stern","status":"publish","type":"post","link":"https:\/\/hombresymujeresdelacasa.com\/home\/a-pesar-de-la-cautela-en-elecciones-sector-vivienda-crece-stern\/","title":{"rendered":"A pesar de la cautela en elecciones, sector vivienda crece: Stern"},"content":{"rendered":"<div class=\"post_content\">\n<p>Por Ernesto Gil<\/p>\n<p><em>Precios de vivienda se encarecieron por aumento de inversi\u00f3n p\u00fablica, por el alza en insumos y por los efectos de la renegociaci\u00f3n del TLCAN sobre el d\u00f3lar<\/em><span id=\"more-72898\"><\/span><\/p>\n<p>Con todo y el periodo electoral en curso y la incertidumbre que este genera entre la poblaci\u00f3n, el crecimiento urbano de la Ciudad de M\u00e9xico y del resto del pa\u00eds no se detiene, se\u00f1al\u00f3 el arquitecto Rub\u00e9n Stern, director general de\u00a0<a href=\"http:\/\/www.grupostar.com.mx\/\" target=\"_blank\" rel=\"noopener noreferrer nofollow\"><strong>Grupo Star<\/strong><\/a>.<\/p>\n<p>En entrevista para Desde Centro Urbano, el empresario afirm\u00f3 que la \u00fanica modificaci\u00f3n que existir\u00e1 como consecuencia de las elecciones ser\u00e1 la direcci\u00f3n que tome el desarrollo de la econom\u00eda. \u201cEs un ciclo que va constante y no frena; a pesar de esta inquietud, el Infonavit, el Fovissste y las instituciones bancarias siguen su curso y el motor no va a parar; es la forma de crecer de las ciudades\u201d, explic\u00f3.<\/p>\n<p>Stern expres\u00f3 que de acuerdo con la\u00a0<a href=\"https:\/\/www.gob.mx\/conavi\" target=\"_blank\" rel=\"noopener noreferrer nofollow\"><strong>Comisi\u00f3n Nacional de Vivienda (Conavi)<\/strong><\/a>, en 2014 la construcci\u00f3n de vivienda en el pa\u00eds registr\u00f3 un rezago de cerca de 32 millones de casas; en la Ciudad de M\u00e9xico faltan aproximadamente 2.5 millones de viviendas. A esto se suman las condiciones que tuvo 2017, a\u00f1o que calific\u00f3 como \u201ctibio\u201d, pues el incremento de gasto p\u00fablico, el encarecimiento de insumos y la incertidumbre por la renegociaci\u00f3n del Tratado de Libre Comercio de Am\u00e9rica del Norte (TLCAN) encarecieron los precios.<\/p>\n<p>Durante 2017 los precios se mantuvieron al alza, adem\u00e1s de registrar una contracci\u00f3n de 1.7% en la oferta de vivienda en la CDMX. Seg\u00fan Stern, actualmente es dif\u00edcil encontrar vivienda econ\u00f3mica en la capital; la mayor\u00eda son de nivel medio, por encima del mill\u00f3n de pesos. \u201cNo hay suficiente oferta de cr\u00e9dito en este momento; la inversi\u00f3n est\u00e1 bajando un poco, pero es un bache. Hay incertidumbre, pero los precios en ciudades grandes como Guadalajara y Monterrey siguen subiendo\u201d, indic\u00f3.<\/p>\n<p>El primer trimestre de 2018 se presenta \u201cflojo\u201d, de acuerdo con estimaciones del desarrollador. Sin embargo, aclar\u00f3 que el rezago de ventas se registra entre personas en busca de vivienda m\u00e1s cara, con otras modalidades de pago; las cifras de beneficiarios de cr\u00e9ditos de Infonavit y Fovissste no sufrieron alteraciones destacables.<\/p>\n<p>\u201cNosotros no frenamos; ya tenemos en lanzamiento dos nuevos proyectos. Lo que vivimos es un reacomodo: tenemos tasas de inter\u00e9s estable, instituciones de cr\u00e9dito que lo otorgan, as\u00ed que solo es cuesti\u00f3n de acomodar la nueva manera en que se otorgar\u00e1n las licencias. Las ventas de Grupo Star no se detienen, y nuestro calendario est\u00e1 abierto para 2019 tambi\u00e9n\u201d, concluy\u00f3.<\/p>\n<\/div>\n","protected":false},"excerpt":{"rendered":"<p>Por Ernesto Gil Precios de vivienda se encarecieron por aumento de inversi\u00f3n p\u00fablica, por el alza en insumos y por los efectos de la renegociaci\u00f3n del TLCAN sobre el d\u00f3lar Con todo y el periodo electoral en curso y la incertidumbre que este genera entre la poblaci\u00f3n, el crecimiento urbano de la Ciudad de M\u00e9xico [&hellip;]<\/p>\n","protected":false},"author":1,"featured_media":3892,"comment_status":"open","ping_status":"open","sticky":false,"template":"","format":"standard","meta":{"site-sidebar-layout":"default","site-content-layout":"","ast-site-content-layout":"default","site-content-style":"default","site-sidebar-style":"default","ast-global-header-display":"","ast-banner-title-visibility":"","ast-main-header-display":"","ast-hfb-above-header-display":"","ast-hfb-below-header-display":"","ast-hfb-mobile-header-display":"","site-post-title":"","ast-breadcrumbs-content":"","ast-featured-img":"","footer-sml-layout":"","ast-disable-related-posts":"","theme-transparent-header-meta":"","adv-header-id-meta":"","stick-header-meta":"","header-above-stick-meta":"","header-main-stick-meta":"","header-below-stick-meta":"","astra-migrate-meta-layouts":"default","ast-page-background-enabled":"default","ast-page-background-meta":{"desktop":{"background-color":"var(--ast-global-color-4)","background-image":"","background-repeat":"repeat","background-position":"center center","background-size":"auto","background-attachment":"scroll","background-type":"","background-media":"","overlay-type":"","overlay-color":"","overlay-opacity":"","overlay-gradient":""},"tablet":{"background-color":"","background-image":"","background-repeat":"repeat","background-position":"center center","background-size":"auto","background-attachment":"scroll","background-type":"","background-media":"","overlay-type":"","overlay-color":"","overlay-opacity":"","overlay-gradient":""},"mobile":{"background-color":"","background-image":"","background-repeat":"repeat","background-position":"center center","background-size":"auto","background-attachment":"scroll","background-type":"","background-media":"","overlay-type":"","overlay-color":"","overlay-opacity":"","overlay-gradient":""}},"ast-content-background-meta":{"desktop":{"background-color":"var(--ast-global-color-5)","background-image":"","background-repeat":"repeat","background-position":"center center","background-size":"auto","background-attachment":"scroll","background-type":"","background-media":"","overlay-type":"","overlay-color":"","overlay-opacity":"","overlay-gradient":""},"tablet":{"background-color":"var(--ast-global-color-5)","background-image":"","background-repeat":"repeat","background-position":"center center","background-size":"auto","background-attachment":"scroll","background-type":"","background-media":"","overlay-type":"","overlay-color":"","overlay-opacity":"","overlay-gradient":""},"mobile":{"background-color":"var(--ast-global-color-5)","background-image":"","background-repeat":"repeat","background-position":"center center","background-size":"auto","background-attachment":"scroll","background-type":"","background-media":"","overlay-type":"","overlay-color":"","overlay-opacity":"","overlay-gradient":""}},"footnotes":""},"categories":[2],"tags":[41,49,560,427,829,177],"class_list":["post-3891","post","type-post","status-publish","format-standard","has-post-thumbnail","hentry","category-entrevistas","tag-cdmx","tag-conavi","tag-elecciones-2018","tag-grupo-star","tag-ruben-stern","tag-vivienda"],"_links":{"self":[{"href":"https:\/\/hombresymujeresdelacasa.com\/home\/wp-json\/wp\/v2\/posts\/3891","targetHints":{"allow":["GET"]}}],"collection":[{"href":"https:\/\/hombresymujeresdelacasa.com\/home\/wp-json\/wp\/v2\/posts"}],"about":[{"href":"https:\/\/hombresymujeresdelacasa.com\/home\/wp-json\/wp\/v2\/types\/post"}],"author":[{"embeddable":true,"href":"https:\/\/hombresymujeresdelacasa.com\/home\/wp-json\/wp\/v2\/users\/1"}],"replies":[{"embeddable":true,"href":"https:\/\/hombresymujeresdelacasa.com\/home\/wp-json\/wp\/v2\/comments?post=3891"}],"version-history":[{"count":1,"href":"https:\/\/hombresymujeresdelacasa.com\/home\/wp-json\/wp\/v2\/posts\/3891\/revisions"}],"predecessor-version":[{"id":3893,"href":"https:\/\/hombresymujeresdelacasa.com\/home\/wp-json\/wp\/v2\/posts\/3891\/revisions\/3893"}],"wp:featuredmedia":[{"embeddable":true,"href":"https:\/\/hombresymujeresdelacasa.com\/home\/wp-json\/wp\/v2\/media\/3892"}],"wp:attachment":[{"href":"https:\/\/hombresymujeresdelacasa.com\/home\/wp-json\/wp\/v2\/media?parent=3891"}],"wp:term":[{"taxonomy":"category","embeddable":true,"href":"https:\/\/hombresymujeresdelacasa.com\/home\/wp-json\/wp\/v2\/categories?post=3891"},{"taxonomy":"post_tag","embeddable":true,"href":"https:\/\/hombresymujeresdelacasa.com\/home\/wp-json\/wp\/v2\/tags?post=3891"}],"curies":[{"name":"wp","href":"https:\/\/api.w.org\/{rel}","templated":true}]}}