{"id":3885,"date":"2018-06-11T13:59:01","date_gmt":"2018-06-11T19:59:01","guid":{"rendered":"http:\/\/hombresymujeresdelacasa.com\/home\/?p=3885"},"modified":"2018-06-13T09:32:48","modified_gmt":"2018-06-13T15:32:48","slug":"presentan-socio-infonavit-para-tener-beneficios-comerciales","status":"publish","type":"post","link":"https:\/\/hombresymujeresdelacasa.com\/home\/presentan-socio-infonavit-para-tener-beneficios-comerciales\/","title":{"rendered":"Presentan Socio Infonavit para tener beneficios comerciales"},"content":{"rendered":"<p>Por Diego Rodr\u00edgez<\/p>\n<p><em>A trav\u00e9s de \u2018Mi Cuenta Infonavit\u2019 se generar\u00e1 un ID para buscar la oferta que ofrecen las empresas<\/em><br \/>\n<span id=\"more-72828\"><\/span><\/p>\n<p>Jos\u00e9 Luis Ant\u00f3n, subdirector general de Comunicaci\u00f3n del\u00a0<a href=\"http:\/\/portal.infonavit.org.mx\/wps\/wcm\/connect\/infonavit\/inicio\" target=\"_blank\" rel=\"noopener nofollow\">Instituto del Fondo Nacional de la Vivienda para los Trabajadores<\/a>\u00a0(Infovit) y David Penchyna, director general de la instituci\u00f3n, presentaron el programa Socio Infonavit, con el cual todos los derechohabientes podr\u00e1n tener acceso a diversos beneficios en servicios que ofrecen varias empresas y que responden a sus necesidades habituales.<\/p>\n<p>En la explanada del Museo Tamayo, Jos\u00e9 Luis Ant\u00f3n explic\u00f3 que con este programa se busca mejorar la data del Infonavit, con el objetivo de ofrecer mayor calidad en sus servicios para acercar la oferta crediticia a los derechohabientes<\/p>\n<p>\u201cEste es un programa de experiencias digitales que busca acercarse a los acreditados a trav\u00e9s de beneficios exclusivos, con marcas, con productos y servicios. Toda la familia Infonavit puede ser parte, los 60 millones de afiliados activos y no activos, que tengan su Cuenta Infonavit\u201d.<\/p>\n<p>El funcionario detall\u00f3 que los interesados deben entrar a \u2018Mi Cuenta Infonavit\u2019, para tener un ID con el que podr\u00e1n comenzar a buscar las ofertas que les interesen, no es necesario que tengan un cr\u00e9dito vigente para poder usar esta plataforma.<\/p>\n<p>\u201cEs un programa de beneficios, donde los reconocemos por cumplir y por tener actualizados sus datos, es un incentivo para que conozca sus derechos, cu\u00e1nto tienen en el Infonavit, cu\u00e1nto pagamos de rendimiento el a\u00f1o pasado, cu\u00e1nto se ha pagado en los \u00faltimos diez a\u00f1os. Lo que queremos es que la gente se acerque a conocer esos n\u00fameros que materializan su derecho a la vivienda y al ahorro; adem\u00e1s, en cuento m\u00e1s la usen, podr\u00e1n tener m\u00e1s beneficios\u201d.<\/p>\n<p>Las marcas que participan son\u00a0<strong>Alsea, Cin\u00e9polis, Click Onero, CMR, Dish, Dormimundo, Experimenta, Freedompop, Gaia, Izzi, funeraria J. Garc\u00eda L\u00f3pez, Osom Recorchorlis,<\/strong>\u00a0entre otras.<\/p>\n<p>Penchyna dijo que con este programa la instituci\u00f3n no s\u00f3lo trabaja para materializar el derecho constitucional a la vivienda, sino que da la posibilidad de tener beneficios concretos y tangibles.<\/p>\n<p>\u201cSocio Infonavit est\u00e1 abierto a todas las marcas que quieran aliarse a este programa y que acerquen beneficios a los trabajadores, la \u00fanica condici\u00f3n es ofrecer esos beneficios en la vida cotidiana, es un programa absolutamente gratuito para el Instituto; adem\u00e1s, podremos conocer de mejor manera as necesidades de nuestros derechohabientes para ampliar productos de cr\u00e9dito, del ahorro y de su cuidado\u201d.<\/p>\n<p>Finalmente, se espera que este programa beneficie a los 60 millones de trabajadores registrados en el Infonavit, los pagos se realizar\u00e1n por otros medios que no sean la subcuenta de vivienda, la plataforma \u2018Mi Cuenta Infonavit\u2019 s\u00f3lo servir\u00e1 para conocer la oferta que ofrecen las empresas.<\/p>\n","protected":false},"excerpt":{"rendered":"<p>Por Diego Rodr\u00edgez A trav\u00e9s de \u2018Mi Cuenta Infonavit\u2019 se generar\u00e1 un ID para buscar la oferta que ofrecen las empresas Jos\u00e9 Luis Ant\u00f3n, subdirector general de Comunicaci\u00f3n del\u00a0Instituto del Fondo Nacional de la Vivienda para los Trabajadores\u00a0(Infovit) y David Penchyna, director general de la instituci\u00f3n, presentaron el programa Socio Infonavit, con el cual todos [&hellip;]<\/p>\n","protected":false},"author":1,"featured_media":3886,"comment_status":"open","ping_status":"open","sticky":false,"template":"","format":"standard","meta":{"site-sidebar-layout":"default","site-content-layout":"","ast-site-content-layout":"default","site-content-style":"default","site-sidebar-style":"default","ast-global-header-display":"","ast-banner-title-visibility":"","ast-main-header-display":"","ast-hfb-above-header-display":"","ast-hfb-below-header-display":"","ast-hfb-mobile-header-display":"","site-post-title":"","ast-breadcrumbs-content":"","ast-featured-img":"","footer-sml-layout":"","ast-disable-related-posts":"","theme-transparent-header-meta":"","adv-header-id-meta":"","stick-header-meta":"","header-above-stick-meta":"","header-main-stick-meta":"","header-below-stick-meta":"","astra-migrate-meta-layouts":"default","ast-page-background-enabled":"default","ast-page-background-meta":{"desktop":{"background-color":"var(--ast-global-color-4)","background-image":"","background-repeat":"repeat","background-position":"center center","background-size":"auto","background-attachment":"scroll","background-type":"","background-media":"","overlay-type":"","overlay-color":"","overlay-opacity":"","overlay-gradient":""},"tablet":{"background-color":"","background-image":"","background-repeat":"repeat","background-position":"center center","background-size":"auto","background-attachment":"scroll","background-type":"","background-media":"","overlay-type":"","overlay-color":"","overlay-opacity":"","overlay-gradient":""},"mobile":{"background-color":"","background-image":"","background-repeat":"repeat","background-position":"center center","background-size":"auto","background-attachment":"scroll","background-type":"","background-media":"","overlay-type":"","overlay-color":"","overlay-opacity":"","overlay-gradient":""}},"ast-content-background-meta":{"desktop":{"background-color":"var(--ast-global-color-5)","background-image":"","background-repeat":"repeat","background-position":"center center","background-size":"auto","background-attachment":"scroll","background-type":"","background-media":"","overlay-type":"","overlay-color":"","overlay-opacity":"","overlay-gradient":""},"tablet":{"background-color":"var(--ast-global-color-5)","background-image":"","background-repeat":"repeat","background-position":"center center","background-size":"auto","background-attachment":"scroll","background-type":"","background-media":"","overlay-type":"","overlay-color":"","overlay-opacity":"","overlay-gradient":""},"mobile":{"background-color":"var(--ast-global-color-5)","background-image":"","background-repeat":"repeat","background-position":"center center","background-size":"auto","background-attachment":"scroll","background-type":"","background-media":"","overlay-type":"","overlay-color":"","overlay-opacity":"","overlay-gradient":""}},"footnotes":""},"categories":[4],"tags":[59,825,102,826,827],"class_list":["post-3885","post","type-post","status-publish","format-standard","has-post-thumbnail","hentry","category-noticias","tag-david-penchyna","tag-descuentos-comerciales","tag-infonavit","tag-mi-cuenta-infonavit","tag-socio-infonavit"],"_links":{"self":[{"href":"https:\/\/hombresymujeresdelacasa.com\/home\/wp-json\/wp\/v2\/posts\/3885","targetHints":{"allow":["GET"]}}],"collection":[{"href":"https:\/\/hombresymujeresdelacasa.com\/home\/wp-json\/wp\/v2\/posts"}],"about":[{"href":"https:\/\/hombresymujeresdelacasa.com\/home\/wp-json\/wp\/v2\/types\/post"}],"author":[{"embeddable":true,"href":"https:\/\/hombresymujeresdelacasa.com\/home\/wp-json\/wp\/v2\/users\/1"}],"replies":[{"embeddable":true,"href":"https:\/\/hombresymujeresdelacasa.com\/home\/wp-json\/wp\/v2\/comments?post=3885"}],"version-history":[{"count":1,"href":"https:\/\/hombresymujeresdelacasa.com\/home\/wp-json\/wp\/v2\/posts\/3885\/revisions"}],"predecessor-version":[{"id":3887,"href":"https:\/\/hombresymujeresdelacasa.com\/home\/wp-json\/wp\/v2\/posts\/3885\/revisions\/3887"}],"wp:featuredmedia":[{"embeddable":true,"href":"https:\/\/hombresymujeresdelacasa.com\/home\/wp-json\/wp\/v2\/media\/3886"}],"wp:attachment":[{"href":"https:\/\/hombresymujeresdelacasa.com\/home\/wp-json\/wp\/v2\/media?parent=3885"}],"wp:term":[{"taxonomy":"category","embeddable":true,"href":"https:\/\/hombresymujeresdelacasa.com\/home\/wp-json\/wp\/v2\/categories?post=3885"},{"taxonomy":"post_tag","embeddable":true,"href":"https:\/\/hombresymujeresdelacasa.com\/home\/wp-json\/wp\/v2\/tags?post=3885"}],"curies":[{"name":"wp","href":"https:\/\/api.w.org\/{rel}","templated":true}]}}