{"id":3875,"date":"2018-06-11T07:00:56","date_gmt":"2018-06-11T13:00:56","guid":{"rendered":"http:\/\/hombresymujeresdelacasa.com\/home\/?p=3875"},"modified":"2018-06-11T11:05:40","modified_gmt":"2018-06-11T17:05:40","slug":"otorga-sp-maxima-calificacion-al-infonavit","status":"publish","type":"post","link":"https:\/\/hombresymujeresdelacasa.com\/home\/otorga-sp-maxima-calificacion-al-infonavit\/","title":{"rendered":"Otorga S&#038;P m\u00e1xima calificaci\u00f3n al Infonavit"},"content":{"rendered":"<p>Por Edgar Rosas<\/p>\n<p><em>La agencia mantuvo la perspectiva \u2018Estable\u2019 para el organismo<\/em><span id=\"more-72808\"><\/span><\/p>\n<p>La agencia<strong>\u00a0S&amp;P Global Ratings<\/strong>\u00a0otorg\u00f3 la calificaci\u00f3n en escala nacional de largo plazo \u201cmxAAA\u201d al Instituto del Fondo Nacional de la Vivienda para los Trabajadores (Infonavit). Con esto, la firma internacional confirm\u00f3 la m\u00e1xima valoraci\u00f3n para el organismo que dirige David Penchyna Grub.<\/p>\n<p>En el reporte emitido, S&amp;P mantuvo la perspectiva \u2018Estable\u2019 para el Instituto; adem\u00e1s ratific\u00f3 las calificaciones del Instituto en escala global, en moneda local y extranjera.<\/p>\n<p>La agencia calificadora se\u00f1al\u00f3 que el Instituto cuenta con \u201cun alto nivel de solvencia financiera\u201d. Aunado a lo anterior, destac\u00f3 la sanidad de la cartera del organismo al se\u00f1alar que la morosidad se ha mantenido en niveles estables.<\/p>\n<p>S&amp;P hizo \u00e9nfasis en el rendimiento que el Infonavit ha otorgado a los trabajadores. Record\u00f3 que \u00e9ste ha crecido de manera consistente, y se coloc\u00f3 en 8.32 por ciento.<\/p>\n","protected":false},"excerpt":{"rendered":"<p>Por Edgar Rosas La agencia mantuvo la perspectiva \u2018Estable\u2019 para el organismo La agencia\u00a0S&amp;P Global Ratings\u00a0otorg\u00f3 la calificaci\u00f3n en escala nacional de largo plazo \u201cmxAAA\u201d al Instituto del Fondo Nacional de la Vivienda para los Trabajadores (Infonavit). Con esto, la firma internacional confirm\u00f3 la m\u00e1xima valoraci\u00f3n para el organismo que dirige David Penchyna Grub. En [&hellip;]<\/p>\n","protected":false},"author":1,"featured_media":3876,"comment_status":"open","ping_status":"open","sticky":false,"template":"","format":"standard","meta":{"site-sidebar-layout":"default","site-content-layout":"","ast-site-content-layout":"default","site-content-style":"default","site-sidebar-style":"default","ast-global-header-display":"","ast-banner-title-visibility":"","ast-main-header-display":"","ast-hfb-above-header-display":"","ast-hfb-below-header-display":"","ast-hfb-mobile-header-display":"","site-post-title":"","ast-breadcrumbs-content":"","ast-featured-img":"","footer-sml-layout":"","ast-disable-related-posts":"","theme-transparent-header-meta":"","adv-header-id-meta":"","stick-header-meta":"","header-above-stick-meta":"","header-main-stick-meta":"","header-below-stick-meta":"","astra-migrate-meta-layouts":"default","ast-page-background-enabled":"default","ast-page-background-meta":{"desktop":{"background-color":"var(--ast-global-color-4)","background-image":"","background-repeat":"repeat","background-position":"center center","background-size":"auto","background-attachment":"scroll","background-type":"","background-media":"","overlay-type":"","overlay-color":"","overlay-opacity":"","overlay-gradient":""},"tablet":{"background-color":"","background-image":"","background-repeat":"repeat","background-position":"center center","background-size":"auto","background-attachment":"scroll","background-type":"","background-media":"","overlay-type":"","overlay-color":"","overlay-opacity":"","overlay-gradient":""},"mobile":{"background-color":"","background-image":"","background-repeat":"repeat","background-position":"center center","background-size":"auto","background-attachment":"scroll","background-type":"","background-media":"","overlay-type":"","overlay-color":"","overlay-opacity":"","overlay-gradient":""}},"ast-content-background-meta":{"desktop":{"background-color":"var(--ast-global-color-5)","background-image":"","background-repeat":"repeat","background-position":"center center","background-size":"auto","background-attachment":"scroll","background-type":"","background-media":"","overlay-type":"","overlay-color":"","overlay-opacity":"","overlay-gradient":""},"tablet":{"background-color":"var(--ast-global-color-5)","background-image":"","background-repeat":"repeat","background-position":"center center","background-size":"auto","background-attachment":"scroll","background-type":"","background-media":"","overlay-type":"","overlay-color":"","overlay-opacity":"","overlay-gradient":""},"mobile":{"background-color":"var(--ast-global-color-5)","background-image":"","background-repeat":"repeat","background-position":"center center","background-size":"auto","background-attachment":"scroll","background-type":"","background-media":"","overlay-type":"","overlay-color":"","overlay-opacity":"","overlay-gradient":""}},"footnotes":""},"categories":[4],"tags":[102,262,177],"class_list":["post-3875","post","type-post","status-publish","format-standard","has-post-thumbnail","hentry","category-noticias","tag-infonavit","tag-sp-global-ratings","tag-vivienda"],"_links":{"self":[{"href":"https:\/\/hombresymujeresdelacasa.com\/home\/wp-json\/wp\/v2\/posts\/3875","targetHints":{"allow":["GET"]}}],"collection":[{"href":"https:\/\/hombresymujeresdelacasa.com\/home\/wp-json\/wp\/v2\/posts"}],"about":[{"href":"https:\/\/hombresymujeresdelacasa.com\/home\/wp-json\/wp\/v2\/types\/post"}],"author":[{"embeddable":true,"href":"https:\/\/hombresymujeresdelacasa.com\/home\/wp-json\/wp\/v2\/users\/1"}],"replies":[{"embeddable":true,"href":"https:\/\/hombresymujeresdelacasa.com\/home\/wp-json\/wp\/v2\/comments?post=3875"}],"version-history":[{"count":1,"href":"https:\/\/hombresymujeresdelacasa.com\/home\/wp-json\/wp\/v2\/posts\/3875\/revisions"}],"predecessor-version":[{"id":3877,"href":"https:\/\/hombresymujeresdelacasa.com\/home\/wp-json\/wp\/v2\/posts\/3875\/revisions\/3877"}],"wp:featuredmedia":[{"embeddable":true,"href":"https:\/\/hombresymujeresdelacasa.com\/home\/wp-json\/wp\/v2\/media\/3876"}],"wp:attachment":[{"href":"https:\/\/hombresymujeresdelacasa.com\/home\/wp-json\/wp\/v2\/media?parent=3875"}],"wp:term":[{"taxonomy":"category","embeddable":true,"href":"https:\/\/hombresymujeresdelacasa.com\/home\/wp-json\/wp\/v2\/categories?post=3875"},{"taxonomy":"post_tag","embeddable":true,"href":"https:\/\/hombresymujeresdelacasa.com\/home\/wp-json\/wp\/v2\/tags?post=3875"}],"curies":[{"name":"wp","href":"https:\/\/api.w.org\/{rel}","templated":true}]}}