{"id":3783,"date":"2018-05-23T08:00:29","date_gmt":"2018-05-23T14:00:29","guid":{"rendered":"http:\/\/hombresymujeresdelacasa.com\/home\/?p=3783"},"modified":"2018-05-23T09:46:52","modified_gmt":"2018-05-23T15:46:52","slug":"aumenta-participacion-de-vivienda-popular-en-ruv","status":"publish","type":"post","link":"https:\/\/hombresymujeresdelacasa.com\/home\/aumenta-participacion-de-vivienda-popular-en-ruv\/","title":{"rendered":"Aumenta participaci\u00f3n de vivienda popular en RUV"},"content":{"rendered":"<p>Por Edgar Rosas<\/p>\n<p><em>Este incremento, dijo Conavi, est\u00e1 alineado a la focalizaci\u00f3n de subsidio en personas de bajos ingresos<\/em><span id=\"more-71872\"><\/span><\/p>\n<p>Durante el 1T2017, la inscripci\u00f3n de vivienda popular en el Registro \u00danico de Vivienda (RUV) present\u00f3 un aumento. De esta manera, en el periodo reportado, la participaci\u00f3n de las unidades con valor menor a 158 veces salario m\u00ednimo aument\u00f3 a 50.1 por ciento.<\/p>\n<p>De acuerdo con el Reporte Mensual del Sector Vivienda, en los primeros tres meses de 2018, el RUV registr\u00f3 60,500 unidades. Esta cifra equivale a un incremento de 16.3% en relaci\u00f3n a los observado entre enero y marzo de 2017.<\/p>\n<p>\u201cEn l\u00ednea con el fortalecimiento de la focalizaci\u00f3n del subsidio federal en los segmentos de menores ingresos, la participaci\u00f3n de las viviendas con valor menor a 158 vsm aument\u00f3 a 50.1%, mientras que para las viviendas con valor entre 158 y 200 vsm se redujo a 10.4 por ciento. Los segmentos de vivienda media y residencial tambi\u00e9n acentuaron su contribuci\u00f3n al registro de vivienda\u201d, explic\u00f3 Conavi.<\/p>\n<p>El organismo se\u00f1al\u00f3 que 80.2% de las viviendas inscritas entre enero y marzo se ubicaron dentro de los Permitiros de Contenci\u00f3n Urbana (PCU). Adem\u00e1s, explic\u00f3 que se reportaron 258,800 unidades en proceso de construcci\u00f3n.<\/p>\n<p>\u201cEl tiempo de venta en marzo report\u00f3 un promedio de 125 d\u00edas y una mediana de 71 d\u00edas. Si bien se aprecia una estabilizaci\u00f3n respecto de la medici\u00f3n previa, es pertinente hacer notar que el nivel de ambos indicadores representa el m\u00e1ximo en los \u00faltimos 5 meses\u201d, se\u00f1al\u00f3 la Comisi\u00f3n.<\/p>\n","protected":false},"excerpt":{"rendered":"<p>Por Edgar Rosas Este incremento, dijo Conavi, est\u00e1 alineado a la focalizaci\u00f3n de subsidio en personas de bajos ingresos Durante el 1T2017, la inscripci\u00f3n de vivienda popular en el Registro \u00danico de Vivienda (RUV) present\u00f3 un aumento. De esta manera, en el periodo reportado, la participaci\u00f3n de las unidades con valor menor a 158 veces [&hellip;]<\/p>\n","protected":false},"author":1,"featured_media":3784,"comment_status":"open","ping_status":"open","sticky":false,"template":"","format":"standard","meta":{"site-sidebar-layout":"default","site-content-layout":"","ast-site-content-layout":"default","site-content-style":"default","site-sidebar-style":"default","ast-global-header-display":"","ast-banner-title-visibility":"","ast-main-header-display":"","ast-hfb-above-header-display":"","ast-hfb-below-header-display":"","ast-hfb-mobile-header-display":"","site-post-title":"","ast-breadcrumbs-content":"","ast-featured-img":"","footer-sml-layout":"","ast-disable-related-posts":"","theme-transparent-header-meta":"","adv-header-id-meta":"","stick-header-meta":"","header-above-stick-meta":"","header-main-stick-meta":"","header-below-stick-meta":"","astra-migrate-meta-layouts":"default","ast-page-background-enabled":"default","ast-page-background-meta":{"desktop":{"background-color":"var(--ast-global-color-4)","background-image":"","background-repeat":"repeat","background-position":"center center","background-size":"auto","background-attachment":"scroll","background-type":"","background-media":"","overlay-type":"","overlay-color":"","overlay-opacity":"","overlay-gradient":""},"tablet":{"background-color":"","background-image":"","background-repeat":"repeat","background-position":"center center","background-size":"auto","background-attachment":"scroll","background-type":"","background-media":"","overlay-type":"","overlay-color":"","overlay-opacity":"","overlay-gradient":""},"mobile":{"background-color":"","background-image":"","background-repeat":"repeat","background-position":"center center","background-size":"auto","background-attachment":"scroll","background-type":"","background-media":"","overlay-type":"","overlay-color":"","overlay-opacity":"","overlay-gradient":""}},"ast-content-background-meta":{"desktop":{"background-color":"var(--ast-global-color-5)","background-image":"","background-repeat":"repeat","background-position":"center center","background-size":"auto","background-attachment":"scroll","background-type":"","background-media":"","overlay-type":"","overlay-color":"","overlay-opacity":"","overlay-gradient":""},"tablet":{"background-color":"var(--ast-global-color-5)","background-image":"","background-repeat":"repeat","background-position":"center center","background-size":"auto","background-attachment":"scroll","background-type":"","background-media":"","overlay-type":"","overlay-color":"","overlay-opacity":"","overlay-gradient":""},"mobile":{"background-color":"var(--ast-global-color-5)","background-image":"","background-repeat":"repeat","background-position":"center center","background-size":"auto","background-attachment":"scroll","background-type":"","background-media":"","overlay-type":"","overlay-color":"","overlay-opacity":"","overlay-gradient":""}},"footnotes":""},"categories":[4],"tags":[139,177,783],"class_list":["post-3783","post","type-post","status-publish","format-standard","has-post-thumbnail","hentry","category-noticias","tag-ruv","tag-vivienda","tag-vivienda-popular"],"_links":{"self":[{"href":"https:\/\/hombresymujeresdelacasa.com\/home\/wp-json\/wp\/v2\/posts\/3783","targetHints":{"allow":["GET"]}}],"collection":[{"href":"https:\/\/hombresymujeresdelacasa.com\/home\/wp-json\/wp\/v2\/posts"}],"about":[{"href":"https:\/\/hombresymujeresdelacasa.com\/home\/wp-json\/wp\/v2\/types\/post"}],"author":[{"embeddable":true,"href":"https:\/\/hombresymujeresdelacasa.com\/home\/wp-json\/wp\/v2\/users\/1"}],"replies":[{"embeddable":true,"href":"https:\/\/hombresymujeresdelacasa.com\/home\/wp-json\/wp\/v2\/comments?post=3783"}],"version-history":[{"count":1,"href":"https:\/\/hombresymujeresdelacasa.com\/home\/wp-json\/wp\/v2\/posts\/3783\/revisions"}],"predecessor-version":[{"id":3785,"href":"https:\/\/hombresymujeresdelacasa.com\/home\/wp-json\/wp\/v2\/posts\/3783\/revisions\/3785"}],"wp:featuredmedia":[{"embeddable":true,"href":"https:\/\/hombresymujeresdelacasa.com\/home\/wp-json\/wp\/v2\/media\/3784"}],"wp:attachment":[{"href":"https:\/\/hombresymujeresdelacasa.com\/home\/wp-json\/wp\/v2\/media?parent=3783"}],"wp:term":[{"taxonomy":"category","embeddable":true,"href":"https:\/\/hombresymujeresdelacasa.com\/home\/wp-json\/wp\/v2\/categories?post=3783"},{"taxonomy":"post_tag","embeddable":true,"href":"https:\/\/hombresymujeresdelacasa.com\/home\/wp-json\/wp\/v2\/tags?post=3783"}],"curies":[{"name":"wp","href":"https:\/\/api.w.org\/{rel}","templated":true}]}}