{"id":3769,"date":"2018-05-21T13:08:45","date_gmt":"2018-05-21T19:08:45","guid":{"rendered":"http:\/\/hombresymujeresdelacasa.com\/home\/?p=3769"},"modified":"2018-05-22T09:51:03","modified_gmt":"2018-05-22T15:51:03","slug":"a-2-semanas-cambiavit-registra-3000-solicitudes","status":"publish","type":"post","link":"https:\/\/hombresymujeresdelacasa.com\/home\/a-2-semanas-cambiavit-registra-3000-solicitudes\/","title":{"rendered":"A 2 semanas, Cambiavit registra 3,000 solicitudes"},"content":{"rendered":"<p>Por Edgar Rosas<\/p>\n<p><em>El Director General del Infonavit se\u00f1al\u00f3 que el programa ha despertado inter\u00e9s, lo que ha impulsado un buen inicio del esquema<\/em><span id=\"more-71716\"><\/span><\/p>\n<p>A tres semanas de su lanzamiento, el programa\u00a0<strong>Cambiavit\u00a0<\/strong>registra 3,000 solicitudes por parte de los derechohabientes, inform\u00f3\u00a0<strong>David Penchyna Grub<\/strong>, director general del Instituto del Fondo Nacional de la Vivienda para los Trabajadores (<strong>Infonavit<\/strong>).<\/p>\n<p>En entrevista luego de encabezar el inicio de la Colecta Nacional de la\u00a0<strong>Cruz Roja<\/strong>, el directivo calific\u00f3 como bueno el arranque de este nuevo esquema que atiende la movilidad hipotecaria. A\u00f1adi\u00f3 que el Instituto ya trabaja con cada uno de los derechohabientes interesados en el programa.<\/p>\n<p>\u201cDel lanzamiento a la fecha, en Cambiavit ya tenemos 3,000 solicitudes registradas, y ya estamos caminando con atenci\u00f3n personalizada a cada uno de estos derechohabientes que se han acercado para materializar el poder usar el producto\u201d, se\u00f1al\u00f3.<\/p>\n<p>El Director General del Infonavit manifest\u00f3 que este nuevo producto ha generado inter\u00e9s en la poblaci\u00f3n. Reiter\u00f3 que Cambiavit atiende la realidad de los trabajadores al ofrecer una soluci\u00f3n ante \u201cla movilidad urbana, la movilidad laboral y la aspiraci\u00f3n de los mexicanos por tener un mejor espacio d\u00f3nde vivir\u201d.<\/p>\n","protected":false},"excerpt":{"rendered":"<p>Por Edgar Rosas El Director General del Infonavit se\u00f1al\u00f3 que el programa ha despertado inter\u00e9s, lo que ha impulsado un buen inicio del esquema A tres semanas de su lanzamiento, el programa\u00a0Cambiavit\u00a0registra 3,000 solicitudes por parte de los derechohabientes, inform\u00f3\u00a0David Penchyna Grub, director general del Instituto del Fondo Nacional de la Vivienda para los Trabajadores [&hellip;]<\/p>\n","protected":false},"author":1,"featured_media":3770,"comment_status":"open","ping_status":"open","sticky":false,"template":"","format":"standard","meta":{"site-sidebar-layout":"default","site-content-layout":"","ast-site-content-layout":"default","site-content-style":"default","site-sidebar-style":"default","ast-global-header-display":"","ast-banner-title-visibility":"","ast-main-header-display":"","ast-hfb-above-header-display":"","ast-hfb-below-header-display":"","ast-hfb-mobile-header-display":"","site-post-title":"","ast-breadcrumbs-content":"","ast-featured-img":"","footer-sml-layout":"","ast-disable-related-posts":"","theme-transparent-header-meta":"","adv-header-id-meta":"","stick-header-meta":"","header-above-stick-meta":"","header-main-stick-meta":"","header-below-stick-meta":"","astra-migrate-meta-layouts":"default","ast-page-background-enabled":"default","ast-page-background-meta":{"desktop":{"background-color":"var(--ast-global-color-4)","background-image":"","background-repeat":"repeat","background-position":"center center","background-size":"auto","background-attachment":"scroll","background-type":"","background-media":"","overlay-type":"","overlay-color":"","overlay-opacity":"","overlay-gradient":""},"tablet":{"background-color":"","background-image":"","background-repeat":"repeat","background-position":"center center","background-size":"auto","background-attachment":"scroll","background-type":"","background-media":"","overlay-type":"","overlay-color":"","overlay-opacity":"","overlay-gradient":""},"mobile":{"background-color":"","background-image":"","background-repeat":"repeat","background-position":"center center","background-size":"auto","background-attachment":"scroll","background-type":"","background-media":"","overlay-type":"","overlay-color":"","overlay-opacity":"","overlay-gradient":""}},"ast-content-background-meta":{"desktop":{"background-color":"var(--ast-global-color-5)","background-image":"","background-repeat":"repeat","background-position":"center center","background-size":"auto","background-attachment":"scroll","background-type":"","background-media":"","overlay-type":"","overlay-color":"","overlay-opacity":"","overlay-gradient":""},"tablet":{"background-color":"var(--ast-global-color-5)","background-image":"","background-repeat":"repeat","background-position":"center center","background-size":"auto","background-attachment":"scroll","background-type":"","background-media":"","overlay-type":"","overlay-color":"","overlay-opacity":"","overlay-gradient":""},"mobile":{"background-color":"var(--ast-global-color-5)","background-image":"","background-repeat":"repeat","background-position":"center center","background-size":"auto","background-attachment":"scroll","background-type":"","background-media":"","overlay-type":"","overlay-color":"","overlay-opacity":"","overlay-gradient":""}},"footnotes":""},"categories":[4],"tags":[757,60,618,102],"class_list":["post-3769","post","type-post","status-publish","format-standard","has-post-thumbnail","hentry","category-noticias","tag-cambiavit","tag-david-penchyna-grub","tag-derechohabientes","tag-infonavit"],"_links":{"self":[{"href":"https:\/\/hombresymujeresdelacasa.com\/home\/wp-json\/wp\/v2\/posts\/3769","targetHints":{"allow":["GET"]}}],"collection":[{"href":"https:\/\/hombresymujeresdelacasa.com\/home\/wp-json\/wp\/v2\/posts"}],"about":[{"href":"https:\/\/hombresymujeresdelacasa.com\/home\/wp-json\/wp\/v2\/types\/post"}],"author":[{"embeddable":true,"href":"https:\/\/hombresymujeresdelacasa.com\/home\/wp-json\/wp\/v2\/users\/1"}],"replies":[{"embeddable":true,"href":"https:\/\/hombresymujeresdelacasa.com\/home\/wp-json\/wp\/v2\/comments?post=3769"}],"version-history":[{"count":1,"href":"https:\/\/hombresymujeresdelacasa.com\/home\/wp-json\/wp\/v2\/posts\/3769\/revisions"}],"predecessor-version":[{"id":3771,"href":"https:\/\/hombresymujeresdelacasa.com\/home\/wp-json\/wp\/v2\/posts\/3769\/revisions\/3771"}],"wp:featuredmedia":[{"embeddable":true,"href":"https:\/\/hombresymujeresdelacasa.com\/home\/wp-json\/wp\/v2\/media\/3770"}],"wp:attachment":[{"href":"https:\/\/hombresymujeresdelacasa.com\/home\/wp-json\/wp\/v2\/media?parent=3769"}],"wp:term":[{"taxonomy":"category","embeddable":true,"href":"https:\/\/hombresymujeresdelacasa.com\/home\/wp-json\/wp\/v2\/categories?post=3769"},{"taxonomy":"post_tag","embeddable":true,"href":"https:\/\/hombresymujeresdelacasa.com\/home\/wp-json\/wp\/v2\/tags?post=3769"}],"curies":[{"name":"wp","href":"https:\/\/api.w.org\/{rel}","templated":true}]}}