{"id":3739,"date":"2018-05-14T15:30:29","date_gmt":"2018-05-14T21:30:29","guid":{"rendered":"http:\/\/hombresymujeresdelacasa.com\/home\/?p=3739"},"modified":"2018-05-15T09:43:04","modified_gmt":"2018-05-15T15:43:04","slug":"recibe-infonavit-el-premio-dubai-por-cpi","status":"publish","type":"post","link":"https:\/\/hombresymujeresdelacasa.com\/home\/recibe-infonavit-el-premio-dubai-por-cpi\/","title":{"rendered":"Recibe Infonavit el Premio Dub\u00e1i por CPI"},"content":{"rendered":"<p>Por Edgar Rosas<\/p>\n<p><em>El organismo fue reconocido por ONU entre 89 proyectos de todo el mundo<\/em><span id=\"more-71375\"><\/span><\/p>\n<p>El Instituto del Fondo Nacional de la Vivienda para los Trabajadores (<strong>Infonavit<\/strong>) fue galardonado con el\u00a0<strong>Premio Dub\u00e1i<\/strong>\u00a0a las mejores pr\u00e1cticas para el desarrollo urbano sostenible. El reconocimiento fue concedido al organismo de vivienda por la implementaci\u00f3n del\u00a0<strong>\u00cdndice de Ciudades Prosperas<\/strong>\u00a0(CPI, por sus siglas en ingl\u00e9s).<\/p>\n<p>El premio, impulsado por\u00a0<strong>ONU-H\u00e1bitat<\/strong>, fue otorgado a\u00a0<strong>David Penchyna Grub<\/strong>, director general del Instituto. El directivo destac\u00f3 la importancia del CPI y dijo que esta herramienta fomenta el crecimiento\u00a0<strong>ordenado e incluyente<\/strong>\u00a0de las ciudades.<\/p>\n<p>En su discurso, Penchyna Grub subray\u00f3 que el organismo recibe el galard\u00f3n a nombre de M\u00e9xico. A\u00f1adi\u00f3 que la obtenci\u00f3n de este reconocimiento eleva la responsabilidad de la naci\u00f3n frente al reto del desarrollo urbano sostenible.<\/p>\n<p>\u201cDebemos recordar que una vivienda no empieza ni termina en una calle; empieza y termina en una ciudad. Infonavit ha financiado la casa en la que vive pr\u00e1cticamente la mitad de los mexicanos, por lo que la conformaci\u00f3n de las ciudades que los mexicanos quieren y merecen, est\u00e1 directamente vinculada a esta Instituci\u00f3n\u201d, apunt\u00f3.<\/p>\n","protected":false},"excerpt":{"rendered":"<p>Por Edgar Rosas El organismo fue reconocido por ONU entre 89 proyectos de todo el mundo El Instituto del Fondo Nacional de la Vivienda para los Trabajadores (Infonavit) fue galardonado con el\u00a0Premio Dub\u00e1i\u00a0a las mejores pr\u00e1cticas para el desarrollo urbano sostenible. El reconocimiento fue concedido al organismo de vivienda por la implementaci\u00f3n del\u00a0\u00cdndice de Ciudades [&hellip;]<\/p>\n","protected":false},"author":1,"featured_media":3740,"comment_status":"open","ping_status":"open","sticky":false,"template":"","format":"standard","meta":{"site-sidebar-layout":"default","site-content-layout":"","ast-site-content-layout":"default","site-content-style":"default","site-sidebar-style":"default","ast-global-header-display":"","ast-banner-title-visibility":"","ast-main-header-display":"","ast-hfb-above-header-display":"","ast-hfb-below-header-display":"","ast-hfb-mobile-header-display":"","site-post-title":"","ast-breadcrumbs-content":"","ast-featured-img":"","footer-sml-layout":"","ast-disable-related-posts":"","theme-transparent-header-meta":"","adv-header-id-meta":"","stick-header-meta":"","header-above-stick-meta":"","header-main-stick-meta":"","header-below-stick-meta":"","astra-migrate-meta-layouts":"default","ast-page-background-enabled":"default","ast-page-background-meta":{"desktop":{"background-color":"var(--ast-global-color-4)","background-image":"","background-repeat":"repeat","background-position":"center center","background-size":"auto","background-attachment":"scroll","background-type":"","background-media":"","overlay-type":"","overlay-color":"","overlay-opacity":"","overlay-gradient":""},"tablet":{"background-color":"","background-image":"","background-repeat":"repeat","background-position":"center center","background-size":"auto","background-attachment":"scroll","background-type":"","background-media":"","overlay-type":"","overlay-color":"","overlay-opacity":"","overlay-gradient":""},"mobile":{"background-color":"","background-image":"","background-repeat":"repeat","background-position":"center center","background-size":"auto","background-attachment":"scroll","background-type":"","background-media":"","overlay-type":"","overlay-color":"","overlay-opacity":"","overlay-gradient":""}},"ast-content-background-meta":{"desktop":{"background-color":"var(--ast-global-color-5)","background-image":"","background-repeat":"repeat","background-position":"center center","background-size":"auto","background-attachment":"scroll","background-type":"","background-media":"","overlay-type":"","overlay-color":"","overlay-opacity":"","overlay-gradient":""},"tablet":{"background-color":"var(--ast-global-color-5)","background-image":"","background-repeat":"repeat","background-position":"center center","background-size":"auto","background-attachment":"scroll","background-type":"","background-media":"","overlay-type":"","overlay-color":"","overlay-opacity":"","overlay-gradient":""},"mobile":{"background-color":"var(--ast-global-color-5)","background-image":"","background-repeat":"repeat","background-position":"center center","background-size":"auto","background-attachment":"scroll","background-type":"","background-media":"","overlay-type":"","overlay-color":"","overlay-opacity":"","overlay-gradient":""}},"footnotes":""},"categories":[4],"tags":[60,102,177,765],"class_list":["post-3739","post","type-post","status-publish","format-standard","has-post-thumbnail","hentry","category-noticias","tag-david-penchyna-grub","tag-infonavit","tag-vivienda","tag-vivienda-y-desarrollo-urbano-sostenible"],"_links":{"self":[{"href":"https:\/\/hombresymujeresdelacasa.com\/home\/wp-json\/wp\/v2\/posts\/3739","targetHints":{"allow":["GET"]}}],"collection":[{"href":"https:\/\/hombresymujeresdelacasa.com\/home\/wp-json\/wp\/v2\/posts"}],"about":[{"href":"https:\/\/hombresymujeresdelacasa.com\/home\/wp-json\/wp\/v2\/types\/post"}],"author":[{"embeddable":true,"href":"https:\/\/hombresymujeresdelacasa.com\/home\/wp-json\/wp\/v2\/users\/1"}],"replies":[{"embeddable":true,"href":"https:\/\/hombresymujeresdelacasa.com\/home\/wp-json\/wp\/v2\/comments?post=3739"}],"version-history":[{"count":1,"href":"https:\/\/hombresymujeresdelacasa.com\/home\/wp-json\/wp\/v2\/posts\/3739\/revisions"}],"predecessor-version":[{"id":3741,"href":"https:\/\/hombresymujeresdelacasa.com\/home\/wp-json\/wp\/v2\/posts\/3739\/revisions\/3741"}],"wp:featuredmedia":[{"embeddable":true,"href":"https:\/\/hombresymujeresdelacasa.com\/home\/wp-json\/wp\/v2\/media\/3740"}],"wp:attachment":[{"href":"https:\/\/hombresymujeresdelacasa.com\/home\/wp-json\/wp\/v2\/media?parent=3739"}],"wp:term":[{"taxonomy":"category","embeddable":true,"href":"https:\/\/hombresymujeresdelacasa.com\/home\/wp-json\/wp\/v2\/categories?post=3739"},{"taxonomy":"post_tag","embeddable":true,"href":"https:\/\/hombresymujeresdelacasa.com\/home\/wp-json\/wp\/v2\/tags?post=3739"}],"curies":[{"name":"wp","href":"https:\/\/api.w.org\/{rel}","templated":true}]}}