{"id":3676,"date":"2018-04-30T07:00:30","date_gmt":"2018-04-30T13:00:30","guid":{"rendered":"http:\/\/hombresymujeresdelacasa.com\/home\/?p=3676"},"modified":"2018-04-30T09:57:24","modified_gmt":"2018-04-30T15:57:24","slug":"fovissste-garantiza-colocacion-crediticia-tras-cierre-de-sexenio","status":"publish","type":"post","link":"https:\/\/hombresymujeresdelacasa.com\/home\/fovissste-garantiza-colocacion-crediticia-tras-cierre-de-sexenio\/","title":{"rendered":"Fovissste garantiza colocaci\u00f3n crediticia tras cierre de sexenio"},"content":{"rendered":"<p>Por Edgar Rosas<\/p>\n<div class=\"post_content\">\n<p><em>El organismo asegur\u00f3 que existen las condiciones para no detener la entrega de financiamiento una vez que se instale la pr\u00f3xima administraci\u00f3n federal<\/em><span id=\"more-70714\"><\/span><\/p>\n<p>Luis Antonio Godina Herrera, vocal ejecutivo del Fondo de la Vivienda del Issste (Fovissste), asegur\u00f3 que la operaci\u00f3n del organismo est\u00e1 garantizada de cara al cambio en el Poder Ejecutivo. Subray\u00f3 que la administraci\u00f3n que encabeza dejar\u00e1 las condiciones adecuadas para que el Fondo no detenga la colocaci\u00f3n de cr\u00e9dito.<\/p>\n<p>Al participar en el evento \u201cVivienda Sostenible y Agenda 2030 en M\u00e9xico\u201d, organizado por ONU H\u00e1bitat, Godina Herrera destac\u00f3 que el Fovissste cuenta con salud financiera, que le permitir\u00e1 afrontar los retos. A\u00f1adi\u00f3 que el organismo se consolida como socialmente responsable.<\/p>\n<p>\u201cEl Fovissste dejar\u00e1 el camino pavimentado para que la siguiente administraci\u00f3n inicie y contin\u00fae con otorgamiento de cr\u00e9ditos, pr\u00e1cticamente desde el primer d\u00eda\u201d, apunt\u00f3.<\/p>\n<p>Godina Herrera record\u00f3 que a la fecha el Fondo coloca entre 40,000 y 50,000 millones de pesos en cr\u00e9dito. Estas acciones, precis\u00f3, representan la aportaci\u00f3n de un cuarto de punto de Producto Interno Bruto (PIB).<\/p>\n<\/div>\n","protected":false},"excerpt":{"rendered":"<p>Por Edgar Rosas El organismo asegur\u00f3 que existen las condiciones para no detener la entrega de financiamiento una vez que se instale la pr\u00f3xima administraci\u00f3n federal Luis Antonio Godina Herrera, vocal ejecutivo del Fondo de la Vivienda del Issste (Fovissste), asegur\u00f3 que la operaci\u00f3n del organismo est\u00e1 garantizada de cara al cambio en el Poder [&hellip;]<\/p>\n","protected":false},"author":1,"featured_media":3678,"comment_status":"open","ping_status":"open","sticky":false,"template":"","format":"standard","meta":{"site-sidebar-layout":"default","site-content-layout":"","ast-site-content-layout":"default","site-content-style":"default","site-sidebar-style":"default","ast-global-header-display":"","ast-banner-title-visibility":"","ast-main-header-display":"","ast-hfb-above-header-display":"","ast-hfb-below-header-display":"","ast-hfb-mobile-header-display":"","site-post-title":"","ast-breadcrumbs-content":"","ast-featured-img":"","footer-sml-layout":"","ast-disable-related-posts":"","theme-transparent-header-meta":"","adv-header-id-meta":"","stick-header-meta":"","header-above-stick-meta":"","header-main-stick-meta":"","header-below-stick-meta":"","astra-migrate-meta-layouts":"default","ast-page-background-enabled":"default","ast-page-background-meta":{"desktop":{"background-color":"var(--ast-global-color-4)","background-image":"","background-repeat":"repeat","background-position":"center center","background-size":"auto","background-attachment":"scroll","background-type":"","background-media":"","overlay-type":"","overlay-color":"","overlay-opacity":"","overlay-gradient":""},"tablet":{"background-color":"","background-image":"","background-repeat":"repeat","background-position":"center center","background-size":"auto","background-attachment":"scroll","background-type":"","background-media":"","overlay-type":"","overlay-color":"","overlay-opacity":"","overlay-gradient":""},"mobile":{"background-color":"","background-image":"","background-repeat":"repeat","background-position":"center center","background-size":"auto","background-attachment":"scroll","background-type":"","background-media":"","overlay-type":"","overlay-color":"","overlay-opacity":"","overlay-gradient":""}},"ast-content-background-meta":{"desktop":{"background-color":"var(--ast-global-color-5)","background-image":"","background-repeat":"repeat","background-position":"center center","background-size":"auto","background-attachment":"scroll","background-type":"","background-media":"","overlay-type":"","overlay-color":"","overlay-opacity":"","overlay-gradient":""},"tablet":{"background-color":"var(--ast-global-color-5)","background-image":"","background-repeat":"repeat","background-position":"center center","background-size":"auto","background-attachment":"scroll","background-type":"","background-media":"","overlay-type":"","overlay-color":"","overlay-opacity":"","overlay-gradient":""},"mobile":{"background-color":"var(--ast-global-color-5)","background-image":"","background-repeat":"repeat","background-position":"center center","background-size":"auto","background-attachment":"scroll","background-type":"","background-media":"","overlay-type":"","overlay-color":"","overlay-opacity":"","overlay-gradient":""}},"footnotes":""},"categories":[4],"tags":[740,566,86,111,177],"class_list":["post-3676","post","type-post","status-publish","format-standard","has-post-thumbnail","hentry","category-noticias","tag-cierre-de-sexenio","tag-colocacion-de-credito","tag-fovissste","tag-luis-antonio-godina-herrera","tag-vivienda"],"_links":{"self":[{"href":"https:\/\/hombresymujeresdelacasa.com\/home\/wp-json\/wp\/v2\/posts\/3676","targetHints":{"allow":["GET"]}}],"collection":[{"href":"https:\/\/hombresymujeresdelacasa.com\/home\/wp-json\/wp\/v2\/posts"}],"about":[{"href":"https:\/\/hombresymujeresdelacasa.com\/home\/wp-json\/wp\/v2\/types\/post"}],"author":[{"embeddable":true,"href":"https:\/\/hombresymujeresdelacasa.com\/home\/wp-json\/wp\/v2\/users\/1"}],"replies":[{"embeddable":true,"href":"https:\/\/hombresymujeresdelacasa.com\/home\/wp-json\/wp\/v2\/comments?post=3676"}],"version-history":[{"count":1,"href":"https:\/\/hombresymujeresdelacasa.com\/home\/wp-json\/wp\/v2\/posts\/3676\/revisions"}],"predecessor-version":[{"id":3677,"href":"https:\/\/hombresymujeresdelacasa.com\/home\/wp-json\/wp\/v2\/posts\/3676\/revisions\/3677"}],"wp:featuredmedia":[{"embeddable":true,"href":"https:\/\/hombresymujeresdelacasa.com\/home\/wp-json\/wp\/v2\/media\/3678"}],"wp:attachment":[{"href":"https:\/\/hombresymujeresdelacasa.com\/home\/wp-json\/wp\/v2\/media?parent=3676"}],"wp:term":[{"taxonomy":"category","embeddable":true,"href":"https:\/\/hombresymujeresdelacasa.com\/home\/wp-json\/wp\/v2\/categories?post=3676"},{"taxonomy":"post_tag","embeddable":true,"href":"https:\/\/hombresymujeresdelacasa.com\/home\/wp-json\/wp\/v2\/tags?post=3676"}],"curies":[{"name":"wp","href":"https:\/\/api.w.org\/{rel}","templated":true}]}}