{"id":3667,"date":"2018-04-27T12:58:13","date_gmt":"2018-04-27T18:58:13","guid":{"rendered":"http:\/\/hombresymujeresdelacasa.com\/home\/?p=3667"},"modified":"2018-04-27T13:02:54","modified_gmt":"2018-04-27T19:02:54","slug":"presentara-infonavit-movilidad-hipotecaria-en-mayo","status":"publish","type":"post","link":"https:\/\/hombresymujeresdelacasa.com\/home\/presentara-infonavit-movilidad-hipotecaria-en-mayo\/","title":{"rendered":"Presentar\u00e1 Infonavit Movilidad Hipotecaria en mayo"},"content":{"rendered":"<p>Por Edgar Rosas<\/p>\n<p><em>El esquema se suma al abanico de productos con el que el organismo buscar\u00e1 atender la movilidad laboral<span id=\"more-70656\"><\/span><\/em><\/p>\n<p>Para mayo, el Instituto del Fondo Nacional de la Vivienda para los Trabajadores (<a href=\"http:\/\/portal.infonavit.org.mx\/wps\/wcm\/connect\/infonavit\/inicio\" target=\"_blank\" rel=\"noopener noreferrer nofollow\"><strong>Infonavit<\/strong><\/a>) presentar\u00e1 el nuevo programa de\u00a0<strong>Movilidad Hipotecaria<\/strong>. Con este, el organismo permitir\u00e1 a los derechohabientes cambiar de vivienda, a\u00fan si cuentan con cr\u00e9dito vigente.<\/p>\n<p>Sin ofrecer m\u00e1s detalles del esquema,\u00a0<a href=\"https:\/\/twitter.com\/davidpenchyna\" target=\"_blank\" rel=\"noopener noreferrer nofollow\"><strong>David Penchyna Grub<\/strong><\/a>, director general del organismo, manifest\u00f3 que la Movilidad Hipotecaria abrir\u00e1 la puerta para atender la diversidad de necesidades que hoy se ven en los trabajadores que cotizan al organismo. Asegur\u00f3 que es una forma de dar la facilidad a los derechohabientes que quieren cambiar de casa, entre otros, por motivos laborales.<\/p>\n<p>\u201cAntes de que acabe mayo de echar\u00e1 a andar el programa. Ser\u00e1 para toda la derechohabiencia y saldr\u00e1 a la luz en una primera etapa, porque ser\u00e1 un programa que en el tiempo ir\u00e1 adoptando nuevas caracter\u00edsticas de acuerdo a las necesidades de los trabajadores\u201d, dijo.<\/p>\n<p>Entrevistado tras concluir la 116 Asamblea General del organismo, Penchyna se\u00f1al\u00f3 que esta medida se adopta a partir de la m\u00f3vilidad laboral entre los trabajadores que cotizan a Infonavi, fen\u00f3meno que se ha hechoas recurrente.<\/p>\n<p>\u201cEs un programa que pondremos en marcha al observar la realidad de la movilidad laboral. Este mundo cambi\u00f3. La estacionalidad laboral ha disminuido, es decir la gente cambia m\u00e1s veces de trabajo durante su vida y en ese contexto la vivienda no debe ser un ancla\u201d, apunt\u00f3.<\/p>\n<p>El Directo General apunt\u00f3 que antes del 15 de mayo ser\u00e1 anunciado el producto.<\/p>\n","protected":false},"excerpt":{"rendered":"<p>Por Edgar Rosas El esquema se suma al abanico de productos con el que el organismo buscar\u00e1 atender la movilidad laboral Para mayo, el Instituto del Fondo Nacional de la Vivienda para los Trabajadores (Infonavit) presentar\u00e1 el nuevo programa de\u00a0Movilidad Hipotecaria. Con este, el organismo permitir\u00e1 a los derechohabientes cambiar de vivienda, a\u00fan si cuentan [&hellip;]<\/p>\n","protected":false},"author":1,"featured_media":3668,"comment_status":"open","ping_status":"open","sticky":false,"template":"","format":"standard","meta":{"site-sidebar-layout":"default","site-content-layout":"","ast-site-content-layout":"default","site-content-style":"default","site-sidebar-style":"default","ast-global-header-display":"","ast-banner-title-visibility":"","ast-main-header-display":"","ast-hfb-above-header-display":"","ast-hfb-below-header-display":"","ast-hfb-mobile-header-display":"","site-post-title":"","ast-breadcrumbs-content":"","ast-featured-img":"","footer-sml-layout":"","ast-disable-related-posts":"","theme-transparent-header-meta":"","adv-header-id-meta":"","stick-header-meta":"","header-above-stick-meta":"","header-main-stick-meta":"","header-below-stick-meta":"","astra-migrate-meta-layouts":"default","ast-page-background-enabled":"default","ast-page-background-meta":{"desktop":{"background-color":"var(--ast-global-color-4)","background-image":"","background-repeat":"repeat","background-position":"center center","background-size":"auto","background-attachment":"scroll","background-type":"","background-media":"","overlay-type":"","overlay-color":"","overlay-opacity":"","overlay-gradient":""},"tablet":{"background-color":"","background-image":"","background-repeat":"repeat","background-position":"center center","background-size":"auto","background-attachment":"scroll","background-type":"","background-media":"","overlay-type":"","overlay-color":"","overlay-opacity":"","overlay-gradient":""},"mobile":{"background-color":"","background-image":"","background-repeat":"repeat","background-position":"center center","background-size":"auto","background-attachment":"scroll","background-type":"","background-media":"","overlay-type":"","overlay-color":"","overlay-opacity":"","overlay-gradient":""}},"ast-content-background-meta":{"desktop":{"background-color":"var(--ast-global-color-5)","background-image":"","background-repeat":"repeat","background-position":"center center","background-size":"auto","background-attachment":"scroll","background-type":"","background-media":"","overlay-type":"","overlay-color":"","overlay-opacity":"","overlay-gradient":""},"tablet":{"background-color":"var(--ast-global-color-5)","background-image":"","background-repeat":"repeat","background-position":"center center","background-size":"auto","background-attachment":"scroll","background-type":"","background-media":"","overlay-type":"","overlay-color":"","overlay-opacity":"","overlay-gradient":""},"mobile":{"background-color":"var(--ast-global-color-5)","background-image":"","background-repeat":"repeat","background-position":"center center","background-size":"auto","background-attachment":"scroll","background-type":"","background-media":"","overlay-type":"","overlay-color":"","overlay-opacity":"","overlay-gradient":""}},"footnotes":""},"categories":[4],"tags":[735,736,102,737],"class_list":["post-3667","post","type-post","status-publish","format-standard","has-post-thumbnail","hentry","category-noticias","tag-116-asamblea-general-infonavit","tag-asamblea-general","tag-infonavit","tag-movilidad-hipotecaria"],"_links":{"self":[{"href":"https:\/\/hombresymujeresdelacasa.com\/home\/wp-json\/wp\/v2\/posts\/3667","targetHints":{"allow":["GET"]}}],"collection":[{"href":"https:\/\/hombresymujeresdelacasa.com\/home\/wp-json\/wp\/v2\/posts"}],"about":[{"href":"https:\/\/hombresymujeresdelacasa.com\/home\/wp-json\/wp\/v2\/types\/post"}],"author":[{"embeddable":true,"href":"https:\/\/hombresymujeresdelacasa.com\/home\/wp-json\/wp\/v2\/users\/1"}],"replies":[{"embeddable":true,"href":"https:\/\/hombresymujeresdelacasa.com\/home\/wp-json\/wp\/v2\/comments?post=3667"}],"version-history":[{"count":1,"href":"https:\/\/hombresymujeresdelacasa.com\/home\/wp-json\/wp\/v2\/posts\/3667\/revisions"}],"predecessor-version":[{"id":3669,"href":"https:\/\/hombresymujeresdelacasa.com\/home\/wp-json\/wp\/v2\/posts\/3667\/revisions\/3669"}],"wp:featuredmedia":[{"embeddable":true,"href":"https:\/\/hombresymujeresdelacasa.com\/home\/wp-json\/wp\/v2\/media\/3668"}],"wp:attachment":[{"href":"https:\/\/hombresymujeresdelacasa.com\/home\/wp-json\/wp\/v2\/media?parent=3667"}],"wp:term":[{"taxonomy":"category","embeddable":true,"href":"https:\/\/hombresymujeresdelacasa.com\/home\/wp-json\/wp\/v2\/categories?post=3667"},{"taxonomy":"post_tag","embeddable":true,"href":"https:\/\/hombresymujeresdelacasa.com\/home\/wp-json\/wp\/v2\/tags?post=3667"}],"curies":[{"name":"wp","href":"https:\/\/api.w.org\/{rel}","templated":true}]}}