{"id":3613,"date":"2018-04-19T18:44:03","date_gmt":"2018-04-20T00:44:03","guid":{"rendered":"http:\/\/hombresymujeresdelacasa.com\/home\/?p=3613"},"modified":"2018-04-20T11:08:28","modified_gmt":"2018-04-20T17:08:28","slug":"se-viene-un-momento-importante-en-cuestion-de-vivienda-marcos-bejarle","status":"publish","type":"post","link":"https:\/\/hombresymujeresdelacasa.com\/home\/se-viene-un-momento-importante-en-cuestion-de-vivienda-marcos-bejarle\/","title":{"rendered":"Se viene un momento importante en cuesti\u00f3n de vivienda, Marcos Bejarle"},"content":{"rendered":"<p>Por Karla Esperanza<\/p>\n<p><em>Maestros tendr\u00e1n respaldo bancario en prestaci\u00f3n para viviendas<\/em><span id=\"more-70221\"><\/span><\/p>\n<p>Marcos Bejarle, coordinador del Comit\u00e9 de Instituciones Financieras de<strong><a href=\"http:\/\/canadevivalledemexico.com\/\" target=\"_blank\" rel=\"noopener noreferrer nofollow\">\u00a0la C\u00e1mara Nacional de la Industria de Desarrollo y Promoci\u00f3n de Vivienda (Canadevi) del Valle de M\u00e9xico<\/a>,<\/strong>\u00a0indic\u00f3 que la regi\u00f3n atraviesa por un buen momento en cuesti\u00f3n de vivienda, ya que la actual administraci\u00f3n del Estado de M\u00e9xico est\u00e1 m\u00e1s involucrada en el trabajo de hacer de esto un motor de desarrollo.<\/p>\n<p>En entrevista con Desde Centro Urbano se\u00f1al\u00f3 que durante una reuni\u00f3n con directivos de Santander, en la que hablaron sobre los\u00a0<strong>maestros mexiquenses<\/strong>\u00a0y de toda la poblaci\u00f3n no afiliada a alg\u00fan cr\u00e9dito de vivienda, logr\u00f3 acordar que el banco d\u00e9 una buena oportunidad para tener seguridad social.<\/p>\n<p>Lo anterior para apoyar a personas de trabajo independiente de esta prestaci\u00f3n como los asalariados, doctores y los abogados, \u201cen el Estado de M\u00e9xico, los maestros ya tienen una buena sinergia v\u00eda Santander muy s\u00f3lida\u201d.<\/p>\n<p>Destac\u00f3 que se presentar\u00e1 un tiempo importante en cuesti\u00f3n de \u00a0vivienda ya que se ver\u00e1n los resultados del proyecto, \u201clas condiciones est\u00e1n dadas para un buen momento en el Valle de M\u00e9xico y tambi\u00e9n a nivel nacional\u201d, finaliz\u00f3.<\/p>\n","protected":false},"excerpt":{"rendered":"<p>Por Karla Esperanza Maestros tendr\u00e1n respaldo bancario en prestaci\u00f3n para viviendas Marcos Bejarle, coordinador del Comit\u00e9 de Instituciones Financieras de\u00a0la C\u00e1mara Nacional de la Industria de Desarrollo y Promoci\u00f3n de Vivienda (Canadevi) del Valle de M\u00e9xico,\u00a0indic\u00f3 que la regi\u00f3n atraviesa por un buen momento en cuesti\u00f3n de vivienda, ya que la actual administraci\u00f3n del Estado [&hellip;]<\/p>\n","protected":false},"author":1,"featured_media":3614,"comment_status":"open","ping_status":"open","sticky":false,"template":"","format":"standard","meta":{"site-sidebar-layout":"default","site-content-layout":"","ast-site-content-layout":"default","site-content-style":"default","site-sidebar-style":"default","ast-global-header-display":"","ast-banner-title-visibility":"","ast-main-header-display":"","ast-hfb-above-header-display":"","ast-hfb-below-header-display":"","ast-hfb-mobile-header-display":"","site-post-title":"","ast-breadcrumbs-content":"","ast-featured-img":"","footer-sml-layout":"","ast-disable-related-posts":"","theme-transparent-header-meta":"","adv-header-id-meta":"","stick-header-meta":"","header-above-stick-meta":"","header-main-stick-meta":"","header-below-stick-meta":"","astra-migrate-meta-layouts":"default","ast-page-background-enabled":"default","ast-page-background-meta":{"desktop":{"background-color":"var(--ast-global-color-4)","background-image":"","background-repeat":"repeat","background-position":"center center","background-size":"auto","background-attachment":"scroll","background-type":"","background-media":"","overlay-type":"","overlay-color":"","overlay-opacity":"","overlay-gradient":""},"tablet":{"background-color":"","background-image":"","background-repeat":"repeat","background-position":"center center","background-size":"auto","background-attachment":"scroll","background-type":"","background-media":"","overlay-type":"","overlay-color":"","overlay-opacity":"","overlay-gradient":""},"mobile":{"background-color":"","background-image":"","background-repeat":"repeat","background-position":"center center","background-size":"auto","background-attachment":"scroll","background-type":"","background-media":"","overlay-type":"","overlay-color":"","overlay-opacity":"","overlay-gradient":""}},"ast-content-background-meta":{"desktop":{"background-color":"var(--ast-global-color-5)","background-image":"","background-repeat":"repeat","background-position":"center center","background-size":"auto","background-attachment":"scroll","background-type":"","background-media":"","overlay-type":"","overlay-color":"","overlay-opacity":"","overlay-gradient":""},"tablet":{"background-color":"var(--ast-global-color-5)","background-image":"","background-repeat":"repeat","background-position":"center center","background-size":"auto","background-attachment":"scroll","background-type":"","background-media":"","overlay-type":"","overlay-color":"","overlay-opacity":"","overlay-gradient":""},"mobile":{"background-color":"var(--ast-global-color-5)","background-image":"","background-repeat":"repeat","background-position":"center center","background-size":"auto","background-attachment":"scroll","background-type":"","background-media":"","overlay-type":"","overlay-color":"","overlay-opacity":"","overlay-gradient":""}},"footnotes":""},"categories":[2],"tags":[34,514,493,610],"class_list":["post-3613","post","type-post","status-publish","format-standard","has-post-thumbnail","hentry","category-entrevistas","tag-canadevi","tag-estado-de-mexico","tag-santander","tag-valle-de-mexico"],"_links":{"self":[{"href":"https:\/\/hombresymujeresdelacasa.com\/home\/wp-json\/wp\/v2\/posts\/3613","targetHints":{"allow":["GET"]}}],"collection":[{"href":"https:\/\/hombresymujeresdelacasa.com\/home\/wp-json\/wp\/v2\/posts"}],"about":[{"href":"https:\/\/hombresymujeresdelacasa.com\/home\/wp-json\/wp\/v2\/types\/post"}],"author":[{"embeddable":true,"href":"https:\/\/hombresymujeresdelacasa.com\/home\/wp-json\/wp\/v2\/users\/1"}],"replies":[{"embeddable":true,"href":"https:\/\/hombresymujeresdelacasa.com\/home\/wp-json\/wp\/v2\/comments?post=3613"}],"version-history":[{"count":1,"href":"https:\/\/hombresymujeresdelacasa.com\/home\/wp-json\/wp\/v2\/posts\/3613\/revisions"}],"predecessor-version":[{"id":3615,"href":"https:\/\/hombresymujeresdelacasa.com\/home\/wp-json\/wp\/v2\/posts\/3613\/revisions\/3615"}],"wp:featuredmedia":[{"embeddable":true,"href":"https:\/\/hombresymujeresdelacasa.com\/home\/wp-json\/wp\/v2\/media\/3614"}],"wp:attachment":[{"href":"https:\/\/hombresymujeresdelacasa.com\/home\/wp-json\/wp\/v2\/media?parent=3613"}],"wp:term":[{"taxonomy":"category","embeddable":true,"href":"https:\/\/hombresymujeresdelacasa.com\/home\/wp-json\/wp\/v2\/categories?post=3613"},{"taxonomy":"post_tag","embeddable":true,"href":"https:\/\/hombresymujeresdelacasa.com\/home\/wp-json\/wp\/v2\/tags?post=3613"}],"curies":[{"name":"wp","href":"https:\/\/api.w.org\/{rel}","templated":true}]}}