{"id":3602,"date":"2018-04-18T15:48:47","date_gmt":"2018-04-18T21:48:47","guid":{"rendered":"http:\/\/hombresymujeresdelacasa.com\/home\/?p=3602"},"modified":"2018-04-19T09:34:25","modified_gmt":"2018-04-19T15:34:25","slug":"subsidios-para-vivienda-no-debe-ser-la-unica-estrategia-convives","status":"publish","type":"post","link":"https:\/\/hombresymujeresdelacasa.com\/home\/subsidios-para-vivienda-no-debe-ser-la-unica-estrategia-convives\/","title":{"rendered":"Subsidios para vivienda no debe ser la \u00fanica estrategia: Convives"},"content":{"rendered":"<p>Por Diego Rodr\u00edguez<\/p>\n<p><em>Este a\u00f1o fue uno de los mejores arranques para la autoconstrucci\u00f3n de vivienda<\/em><br \/>\n<span id=\"more-70121\"><\/span><\/p>\n<p>\u201cAtender la demanda de vivienda de la gente m\u00e1s pobre del pa\u00eds no s\u00f3lo tiene que ser solucionada con subsidios y fondeo gubernamental, \u00e9stos son aceleradores, una necesidad y muchas veces un habilitador indispensable para que los proyectos ocurran; pero si apostamos a que es el \u00fanico elemento, el \u00fanico detonador de esto, lo m\u00e1s probable es que fracasemos\u201d, asegur\u00f3 Carlos de la Garza, presidente del\u00a0<a href=\"http:\/\/www.convives.org\/\" target=\"_blank\" rel=\"noopener nofollow\">Consejo Nacional de Vivienda Sustentable<\/a>\u00a0(Convives).<\/p>\n<p>Explic\u00f3 que esta estrategia no debe ser la \u00fanica, ya que los recursos gubernamentales nunca alcanzar\u00edan, sino que \u00e9sta debe ser acompa\u00f1ada con la implementaci\u00f3n de cr\u00e9ditos y fondeo blando de alto riesgo, el cual se debe ligar al cumplimiento no s\u00f3lo de metas de pago, sino de desarrollo personal y social.<\/p>\n<p>Por lo que la organizaci\u00f3n alista un documento dirigido a los integrantes de la industria de la vivienda, tanto del sector p\u00fablico como privado, en el que se har\u00e1n varias recomendaciones para los programas actuales de c\u00f3mo dar cr\u00e9ditos que sean detonadores para la multiplicaci\u00f3n de acceso a la vivienda.<\/p>\n<p>\u201cEl segmento al que atendemos carece de 150,000 viviendas al a\u00f1o, dif\u00edcilmente les hacemos m\u00e1s de 50,000 o 60,000 viviendas anualmente, estoy seguro que si continuamos con los esfuerzos que se realizan habr\u00e1 m\u00e1s progreso y podremos llegar a los m\u00e1s necesitados\u201d, agreg\u00f3.<\/p>\n<p><strong>Buen inicio de a\u00f1o<\/strong><\/p>\n<p>Carlos de la Garza asegur\u00f3 que el inicio de a\u00f1o arranc\u00f3 muy bien en el tema de subsidios, por lo que consider\u00f3 que hay buena disposici\u00f3n del gobierno federal y de los institutos de vivienda estatales, de todos los estados, de acelerar programas, con lo que ha sido uno de los arranques de a\u00f1o m\u00e1s productivos.<\/p>\n<p>\u201cNormalmente empezamos a ver fluir proyectos en los distintos estados de autoproducci\u00f3n a partir de abril, sobre todo por cambios en reglas de operaci\u00f3n y algunos otros criterios. Hoy vemos que las reglas continuaron, afortunadamente, esto permiti\u00f3 que los proyectos arrancaran r\u00e1pidamente, vemos un avance significativo\u201d.<\/p>\n<p>Asimismo, dijo que es una buena se\u00f1al que la\u00a0<a href=\"https:\/\/www.gob.mx\/conavi\" target=\"_blank\" rel=\"noopener nofollow\">Comisi\u00f3n Nacional de Vivienda<\/a>\u00a0(Conavi) diera a conocer que buscar\u00e1 reorientar m\u00e1s del presupuesto, en porcentaje, no en valores nominales, a los subsidios, as\u00ed como nuevos programas para atender a la a la poblaci\u00f3n de no afiliados.<\/p>\n<p>\u201cVemos el a\u00f1o muy bien, muy positivo, vemos un gran apoyo del gobierno federal, en tratar de sacar este a\u00f1o en adelante, estamos muy optimistas, pensamos que el panorama pol\u00edtico, si bien ha generado incertidumbre, no impide que trabajamos para atender la demanda de los m\u00e1s pobres\u201d, concluy\u00f3.<\/p>\n","protected":false},"excerpt":{"rendered":"<p>Por Diego Rodr\u00edguez Este a\u00f1o fue uno de los mejores arranques para la autoconstrucci\u00f3n de vivienda \u201cAtender la demanda de vivienda de la gente m\u00e1s pobre del pa\u00eds no s\u00f3lo tiene que ser solucionada con subsidios y fondeo gubernamental, \u00e9stos son aceleradores, una necesidad y muchas veces un habilitador indispensable para que los proyectos ocurran; [&hellip;]<\/p>\n","protected":false},"author":1,"featured_media":3458,"comment_status":"open","ping_status":"open","sticky":false,"template":"","format":"standard","meta":{"site-sidebar-layout":"default","site-content-layout":"","ast-site-content-layout":"default","site-content-style":"default","site-sidebar-style":"default","ast-global-header-display":"","ast-banner-title-visibility":"","ast-main-header-display":"","ast-hfb-above-header-display":"","ast-hfb-below-header-display":"","ast-hfb-mobile-header-display":"","site-post-title":"","ast-breadcrumbs-content":"","ast-featured-img":"","footer-sml-layout":"","ast-disable-related-posts":"","theme-transparent-header-meta":"","adv-header-id-meta":"","stick-header-meta":"","header-above-stick-meta":"","header-main-stick-meta":"","header-below-stick-meta":"","astra-migrate-meta-layouts":"default","ast-page-background-enabled":"default","ast-page-background-meta":{"desktop":{"background-color":"var(--ast-global-color-4)","background-image":"","background-repeat":"repeat","background-position":"center center","background-size":"auto","background-attachment":"scroll","background-type":"","background-media":"","overlay-type":"","overlay-color":"","overlay-opacity":"","overlay-gradient":""},"tablet":{"background-color":"","background-image":"","background-repeat":"repeat","background-position":"center center","background-size":"auto","background-attachment":"scroll","background-type":"","background-media":"","overlay-type":"","overlay-color":"","overlay-opacity":"","overlay-gradient":""},"mobile":{"background-color":"","background-image":"","background-repeat":"repeat","background-position":"center center","background-size":"auto","background-attachment":"scroll","background-type":"","background-media":"","overlay-type":"","overlay-color":"","overlay-opacity":"","overlay-gradient":""}},"ast-content-background-meta":{"desktop":{"background-color":"var(--ast-global-color-5)","background-image":"","background-repeat":"repeat","background-position":"center center","background-size":"auto","background-attachment":"scroll","background-type":"","background-media":"","overlay-type":"","overlay-color":"","overlay-opacity":"","overlay-gradient":""},"tablet":{"background-color":"var(--ast-global-color-5)","background-image":"","background-repeat":"repeat","background-position":"center center","background-size":"auto","background-attachment":"scroll","background-type":"","background-media":"","overlay-type":"","overlay-color":"","overlay-opacity":"","overlay-gradient":""},"mobile":{"background-color":"var(--ast-global-color-5)","background-image":"","background-repeat":"repeat","background-position":"center center","background-size":"auto","background-attachment":"scroll","background-type":"","background-media":"","overlay-type":"","overlay-color":"","overlay-opacity":"","overlay-gradient":""}},"footnotes":""},"categories":[2],"tags":[538,54,162,710],"class_list":["post-3602","post","type-post","status-publish","format-standard","has-post-thumbnail","hentry","category-entrevistas","tag-carlos-de-la-garza","tag-convives","tag-subsidio","tag-vivvienda"],"_links":{"self":[{"href":"https:\/\/hombresymujeresdelacasa.com\/home\/wp-json\/wp\/v2\/posts\/3602","targetHints":{"allow":["GET"]}}],"collection":[{"href":"https:\/\/hombresymujeresdelacasa.com\/home\/wp-json\/wp\/v2\/posts"}],"about":[{"href":"https:\/\/hombresymujeresdelacasa.com\/home\/wp-json\/wp\/v2\/types\/post"}],"author":[{"embeddable":true,"href":"https:\/\/hombresymujeresdelacasa.com\/home\/wp-json\/wp\/v2\/users\/1"}],"replies":[{"embeddable":true,"href":"https:\/\/hombresymujeresdelacasa.com\/home\/wp-json\/wp\/v2\/comments?post=3602"}],"version-history":[{"count":1,"href":"https:\/\/hombresymujeresdelacasa.com\/home\/wp-json\/wp\/v2\/posts\/3602\/revisions"}],"predecessor-version":[{"id":3603,"href":"https:\/\/hombresymujeresdelacasa.com\/home\/wp-json\/wp\/v2\/posts\/3602\/revisions\/3603"}],"wp:featuredmedia":[{"embeddable":true,"href":"https:\/\/hombresymujeresdelacasa.com\/home\/wp-json\/wp\/v2\/media\/3458"}],"wp:attachment":[{"href":"https:\/\/hombresymujeresdelacasa.com\/home\/wp-json\/wp\/v2\/media?parent=3602"}],"wp:term":[{"taxonomy":"category","embeddable":true,"href":"https:\/\/hombresymujeresdelacasa.com\/home\/wp-json\/wp\/v2\/categories?post=3602"},{"taxonomy":"post_tag","embeddable":true,"href":"https:\/\/hombresymujeresdelacasa.com\/home\/wp-json\/wp\/v2\/tags?post=3602"}],"curies":[{"name":"wp","href":"https:\/\/api.w.org\/{rel}","templated":true}]}}