{"id":3586,"date":"2018-04-11T10:24:22","date_gmt":"2018-04-11T16:24:22","guid":{"rendered":"http:\/\/hombresymujeresdelacasa.com\/home\/?p=3586"},"modified":"2018-04-12T09:37:06","modified_gmt":"2018-04-12T15:37:06","slug":"ampi-tiene-una-nueva-seccion-en-el-estado-de-mexico","status":"publish","type":"post","link":"https:\/\/hombresymujeresdelacasa.com\/home\/ampi-tiene-una-nueva-seccion-en-el-estado-de-mexico\/","title":{"rendered":"AMPI tiene una nueva secci\u00f3n en el Estado de M\u00e9xico"},"content":{"rendered":"<p>Por Diego Rodr\u00edguez<\/p>\n<p><em>En su primera actividad se imparti\u00f3 un curso sobre el plan de desarrollo urbano de Valle de Bravo<\/em><br \/>\n<span id=\"more-69738\"><\/span><\/p>\n<p>La\u00a0<a href=\"http:\/\/www.ampi.org\/\" target=\"_blank\" rel=\"noopener nofollow\">Asociaci\u00f3n Mexicana de Profesionales Inmobiliarios<\/a>\u00a0(AMPI) inform\u00f3 que la organizaci\u00f3n cuenta con una secci\u00f3n m\u00e1s: AMPI Valle de Bravo. La cual est\u00e1 integrada por ciudadanos profesionales de esta actividad que buscar\u00e1n agrupar, profesionalizar y posicionar ante las autoridades la actividad inmobiliaria, as\u00ed como generar negocios formales y sanos entre personas.<\/p>\n<p>Como primera actividad de AMPI Valle de Bravo se ofreci\u00f3 un taller de capacitaci\u00f3n con el tema \u2018La Construcci\u00f3n del nuevo plan municipal de desarrollo urbano, avances y perspectivas\u2019.<\/p>\n<p>\u201cAl evento asistieron autoridades integrantes de AMPI Nacional, como la vicepresidenta Nacional de Expansi\u00f3n; el coordinador de Regi\u00f3n 8, Arco Norte (Estado de M\u00e9xico, Hidalgo y Tlaxcala), adem\u00e1s de presidentes de algunas secciones AMPI.<\/p>\n<p>Tambi\u00e9n acudieron representantes del gobierno municipal, de empresas inmobiliarias de Valle de Bravo, profesionales inmobiliarios independientes, el Notario P\u00fablico 97 del Estado de M\u00e9xico, representantes de algunas organizaciones civiles de Valle de Bravo, entre otros invitados.<\/p>\n<p>\u201cEste evento representa, sin duda alguna, un parteaguas en la organizaci\u00f3n del sector inmobiliario, que resultar\u00e1 en el desarrollo sostenible y ordenado de la regi\u00f3n de Valle de Bravo, basado en el intercambio de ideas y compromiso de los participantes\u201d.<\/p>\n","protected":false},"excerpt":{"rendered":"<p>Por Diego Rodr\u00edguez En su primera actividad se imparti\u00f3 un curso sobre el plan de desarrollo urbano de Valle de Bravo La\u00a0Asociaci\u00f3n Mexicana de Profesionales Inmobiliarios\u00a0(AMPI) inform\u00f3 que la organizaci\u00f3n cuenta con una secci\u00f3n m\u00e1s: AMPI Valle de Bravo. La cual est\u00e1 integrada por ciudadanos profesionales de esta actividad que buscar\u00e1n agrupar, profesionalizar y posicionar [&hellip;]<\/p>\n","protected":false},"author":1,"featured_media":3591,"comment_status":"open","ping_status":"open","sticky":false,"template":"","format":"standard","meta":{"site-sidebar-layout":"default","site-content-layout":"","ast-site-content-layout":"default","site-content-style":"default","site-sidebar-style":"default","ast-global-header-display":"","ast-banner-title-visibility":"","ast-main-header-display":"","ast-hfb-above-header-display":"","ast-hfb-below-header-display":"","ast-hfb-mobile-header-display":"","site-post-title":"","ast-breadcrumbs-content":"","ast-featured-img":"","footer-sml-layout":"","ast-disable-related-posts":"","theme-transparent-header-meta":"","adv-header-id-meta":"","stick-header-meta":"","header-above-stick-meta":"","header-main-stick-meta":"","header-below-stick-meta":"","astra-migrate-meta-layouts":"default","ast-page-background-enabled":"default","ast-page-background-meta":{"desktop":{"background-color":"var(--ast-global-color-4)","background-image":"","background-repeat":"repeat","background-position":"center center","background-size":"auto","background-attachment":"scroll","background-type":"","background-media":"","overlay-type":"","overlay-color":"","overlay-opacity":"","overlay-gradient":""},"tablet":{"background-color":"","background-image":"","background-repeat":"repeat","background-position":"center center","background-size":"auto","background-attachment":"scroll","background-type":"","background-media":"","overlay-type":"","overlay-color":"","overlay-opacity":"","overlay-gradient":""},"mobile":{"background-color":"","background-image":"","background-repeat":"repeat","background-position":"center center","background-size":"auto","background-attachment":"scroll","background-type":"","background-media":"","overlay-type":"","overlay-color":"","overlay-opacity":"","overlay-gradient":""}},"ast-content-background-meta":{"desktop":{"background-color":"var(--ast-global-color-5)","background-image":"","background-repeat":"repeat","background-position":"center center","background-size":"auto","background-attachment":"scroll","background-type":"","background-media":"","overlay-type":"","overlay-color":"","overlay-opacity":"","overlay-gradient":""},"tablet":{"background-color":"var(--ast-global-color-5)","background-image":"","background-repeat":"repeat","background-position":"center center","background-size":"auto","background-attachment":"scroll","background-type":"","background-media":"","overlay-type":"","overlay-color":"","overlay-opacity":"","overlay-gradient":""},"mobile":{"background-color":"var(--ast-global-color-5)","background-image":"","background-repeat":"repeat","background-position":"center center","background-size":"auto","background-attachment":"scroll","background-type":"","background-media":"","overlay-type":"","overlay-color":"","overlay-opacity":"","overlay-gradient":""}},"footnotes":""},"categories":[4],"tags":[14,706,514,707],"class_list":["post-3586","post","type-post","status-publish","format-standard","has-post-thumbnail","hentry","category-noticias","tag-ampi","tag-ampi-valle-de-bravo","tag-estado-de-mexico","tag-profesionales-inmobiliarios"],"_links":{"self":[{"href":"https:\/\/hombresymujeresdelacasa.com\/home\/wp-json\/wp\/v2\/posts\/3586","targetHints":{"allow":["GET"]}}],"collection":[{"href":"https:\/\/hombresymujeresdelacasa.com\/home\/wp-json\/wp\/v2\/posts"}],"about":[{"href":"https:\/\/hombresymujeresdelacasa.com\/home\/wp-json\/wp\/v2\/types\/post"}],"author":[{"embeddable":true,"href":"https:\/\/hombresymujeresdelacasa.com\/home\/wp-json\/wp\/v2\/users\/1"}],"replies":[{"embeddable":true,"href":"https:\/\/hombresymujeresdelacasa.com\/home\/wp-json\/wp\/v2\/comments?post=3586"}],"version-history":[{"count":1,"href":"https:\/\/hombresymujeresdelacasa.com\/home\/wp-json\/wp\/v2\/posts\/3586\/revisions"}],"predecessor-version":[{"id":3588,"href":"https:\/\/hombresymujeresdelacasa.com\/home\/wp-json\/wp\/v2\/posts\/3586\/revisions\/3588"}],"wp:featuredmedia":[{"embeddable":true,"href":"https:\/\/hombresymujeresdelacasa.com\/home\/wp-json\/wp\/v2\/media\/3591"}],"wp:attachment":[{"href":"https:\/\/hombresymujeresdelacasa.com\/home\/wp-json\/wp\/v2\/media?parent=3586"}],"wp:term":[{"taxonomy":"category","embeddable":true,"href":"https:\/\/hombresymujeresdelacasa.com\/home\/wp-json\/wp\/v2\/categories?post=3586"},{"taxonomy":"post_tag","embeddable":true,"href":"https:\/\/hombresymujeresdelacasa.com\/home\/wp-json\/wp\/v2\/tags?post=3586"}],"curies":[{"name":"wp","href":"https:\/\/api.w.org\/{rel}","templated":true}]}}