{"id":3583,"date":"2018-04-11T09:11:45","date_gmt":"2018-04-11T15:11:45","guid":{"rendered":"http:\/\/hombresymujeresdelacasa.com\/home\/?p=3583"},"modified":"2018-04-11T09:11:45","modified_gmt":"2018-04-11T15:11:45","slug":"infonavit-e-insus-firmaron-acuerdo","status":"publish","type":"post","link":"https:\/\/hombresymujeresdelacasa.com\/home\/infonavit-e-insus-firmaron-acuerdo\/","title":{"rendered":"Infonavit e Insus firmaron acuerdo"},"content":{"rendered":"<p>Por Edgar Rosas<\/p>\n<p><em>Los organismos se comprometieron a coadyuvar en la resoluci\u00f3n de problem\u00e1ticas con terrenos propiedad de derechohabientes del Infonavit<\/em><span id=\"more-69730\"><\/span><\/p>\n<p>El Instituto del Fondo Nacional de la Vivienda para los Trabajadores (Infonavit) y el Instituto Nacional del Suelo Sustentable (Insus) firmaron un convenio de colaboraci\u00f3n. Con este acto, los derechohabientes del Instituto podr\u00e1n realizar tr\u00e1mites a bajo costo, y de manera sencilla, ante el Insus.<\/p>\n<p>David Penchyna Grub, director general del Infonavit, explic\u00f3 que, con este acuerdo, amos organismo se comprometen a implementar mecanismo para, entre otras cosas para coadyuvar a los derechohabientes del Instituto en la soluci\u00f3n de problem\u00e1ticas con terrenos.<\/p>\n<p>\u201cVamos a aprovechar los beneficios que nos ofrece este acuerdo, para abonar en la certeza jur\u00eddica (\u2026) vamos a concretar y a fortalecer los proyectos emprendidos ante el Insus, porque la pol\u00edtica que hemos establecido es clara: buscar dentro de la legalidad todo lo que beneficie a nuestros derechohabientes\u201d, dijo.<\/p>\n<p>Durante la firma, Gerardo Hern\u00e1ndez Tapia, director del Insus, destac\u00f3 que, con el acuerdo, el Instituto que encabeza colabora para otorgar certeza jur\u00eddica a bajo costo; adem\u00e1s de coadyuvar en el proceso legal para solucionar las problem\u00e1ticas que presenten algunos de los predios propiedad de ese instituto o de los derechohabientes.<\/p>\n<p>El funcionario record\u00f3 que la Secretar\u00eda de Desarrollo Agrario, Territorial y Urbano (Sedatu) otorg\u00f3 nuevas facultades al Insus, entre ellas: la realizaci\u00f3n de un inventario nacional del suelo; gestionar la tierra sustentable y escriturar las propiedades de los mexicanos.<\/p>\n","protected":false},"excerpt":{"rendered":"<p>Por Edgar Rosas Los organismos se comprometieron a coadyuvar en la resoluci\u00f3n de problem\u00e1ticas con terrenos propiedad de derechohabientes del Infonavit El Instituto del Fondo Nacional de la Vivienda para los Trabajadores (Infonavit) y el Instituto Nacional del Suelo Sustentable (Insus) firmaron un convenio de colaboraci\u00f3n. Con este acto, los derechohabientes del Instituto podr\u00e1n realizar [&hellip;]<\/p>\n","protected":false},"author":1,"featured_media":3584,"comment_status":"open","ping_status":"open","sticky":false,"template":"","format":"standard","meta":{"site-sidebar-layout":"default","site-content-layout":"","ast-site-content-layout":"default","site-content-style":"default","site-sidebar-style":"default","ast-global-header-display":"","ast-banner-title-visibility":"","ast-main-header-display":"","ast-hfb-above-header-display":"","ast-hfb-below-header-display":"","ast-hfb-mobile-header-display":"","site-post-title":"","ast-breadcrumbs-content":"","ast-featured-img":"","footer-sml-layout":"","ast-disable-related-posts":"","theme-transparent-header-meta":"","adv-header-id-meta":"","stick-header-meta":"","header-above-stick-meta":"","header-main-stick-meta":"","header-below-stick-meta":"","astra-migrate-meta-layouts":"default","ast-page-background-enabled":"default","ast-page-background-meta":{"desktop":{"background-color":"var(--ast-global-color-4)","background-image":"","background-repeat":"repeat","background-position":"center center","background-size":"auto","background-attachment":"scroll","background-type":"","background-media":"","overlay-type":"","overlay-color":"","overlay-opacity":"","overlay-gradient":""},"tablet":{"background-color":"","background-image":"","background-repeat":"repeat","background-position":"center center","background-size":"auto","background-attachment":"scroll","background-type":"","background-media":"","overlay-type":"","overlay-color":"","overlay-opacity":"","overlay-gradient":""},"mobile":{"background-color":"","background-image":"","background-repeat":"repeat","background-position":"center center","background-size":"auto","background-attachment":"scroll","background-type":"","background-media":"","overlay-type":"","overlay-color":"","overlay-opacity":"","overlay-gradient":""}},"ast-content-background-meta":{"desktop":{"background-color":"var(--ast-global-color-5)","background-image":"","background-repeat":"repeat","background-position":"center center","background-size":"auto","background-attachment":"scroll","background-type":"","background-media":"","overlay-type":"","overlay-color":"","overlay-opacity":"","overlay-gradient":""},"tablet":{"background-color":"var(--ast-global-color-5)","background-image":"","background-repeat":"repeat","background-position":"center center","background-size":"auto","background-attachment":"scroll","background-type":"","background-media":"","overlay-type":"","overlay-color":"","overlay-opacity":"","overlay-gradient":""},"mobile":{"background-color":"var(--ast-global-color-5)","background-image":"","background-repeat":"repeat","background-position":"center center","background-size":"auto","background-attachment":"scroll","background-type":"","background-media":"","overlay-type":"","overlay-color":"","overlay-opacity":"","overlay-gradient":""}},"footnotes":""},"categories":[4],"tags":[705,102,593,177],"class_list":["post-3583","post","type-post","status-publish","format-standard","has-post-thumbnail","hentry","category-noticias","tag-acuerdo","tag-infonavit","tag-insus","tag-vivienda"],"_links":{"self":[{"href":"https:\/\/hombresymujeresdelacasa.com\/home\/wp-json\/wp\/v2\/posts\/3583","targetHints":{"allow":["GET"]}}],"collection":[{"href":"https:\/\/hombresymujeresdelacasa.com\/home\/wp-json\/wp\/v2\/posts"}],"about":[{"href":"https:\/\/hombresymujeresdelacasa.com\/home\/wp-json\/wp\/v2\/types\/post"}],"author":[{"embeddable":true,"href":"https:\/\/hombresymujeresdelacasa.com\/home\/wp-json\/wp\/v2\/users\/1"}],"replies":[{"embeddable":true,"href":"https:\/\/hombresymujeresdelacasa.com\/home\/wp-json\/wp\/v2\/comments?post=3583"}],"version-history":[{"count":1,"href":"https:\/\/hombresymujeresdelacasa.com\/home\/wp-json\/wp\/v2\/posts\/3583\/revisions"}],"predecessor-version":[{"id":3585,"href":"https:\/\/hombresymujeresdelacasa.com\/home\/wp-json\/wp\/v2\/posts\/3583\/revisions\/3585"}],"wp:featuredmedia":[{"embeddable":true,"href":"https:\/\/hombresymujeresdelacasa.com\/home\/wp-json\/wp\/v2\/media\/3584"}],"wp:attachment":[{"href":"https:\/\/hombresymujeresdelacasa.com\/home\/wp-json\/wp\/v2\/media?parent=3583"}],"wp:term":[{"taxonomy":"category","embeddable":true,"href":"https:\/\/hombresymujeresdelacasa.com\/home\/wp-json\/wp\/v2\/categories?post=3583"},{"taxonomy":"post_tag","embeddable":true,"href":"https:\/\/hombresymujeresdelacasa.com\/home\/wp-json\/wp\/v2\/tags?post=3583"}],"curies":[{"name":"wp","href":"https:\/\/api.w.org\/{rel}","templated":true}]}}