{"id":3535,"date":"2018-03-30T12:00:01","date_gmt":"2018-03-30T18:00:01","guid":{"rendered":"http:\/\/hombresymujeresdelacasa.com\/home\/?p=3535"},"modified":"2018-04-02T12:01:45","modified_gmt":"2018-04-02T18:01:45","slug":"impulsa-vinte-viviendas-incluyentes","status":"publish","type":"post","link":"https:\/\/hombresymujeresdelacasa.com\/home\/impulsa-vinte-viviendas-incluyentes\/","title":{"rendered":"Impulsa Vinte viviendas incluyentes"},"content":{"rendered":"<p>Por Edgar Rosas<\/p>\n<p><em>La desarrolladora ha integrado a su abanico de productos soluciones que permiten elevar la calidad de vida de las personas con discapacidad<\/em><span id=\"more-69420\"><\/span><\/p>\n<p>Como parte de su modelo para desarrollar viviendas que cumplan con las necesidades de la poblaci\u00f3n,\u00a0<strong>Vinte\u00a0<\/strong>ha puesto \u00e9nfasis en esquemas incluyentes, en donde la construcci\u00f3n de casas con adecuaciones para personas con discapacidad ha sido una de las l\u00edneas de acci\u00f3n de la firma.<\/p>\n<p>En este sentido, como parte de su oferta, Vinte ha puesto a disposici\u00f3n viviendas con caracter\u00edsticas que permitan a los discapacitados realizar sus labores dentro del hogar con la mayor facilidad y comodidad.<\/p>\n<p>\u201cVinte ha desarrollado sus productos de acuerdo a las necesidades de las personas, al construir vivienda para discapacitados, ecol\u00f3gica, tur\u00edsticas, de renta, entre otras\u201d, asegur\u00f3 Sergio Leal, director general de la empresa.<\/p>\n<p>A decir del empresario, el objetivo de Vinte no s\u00f3lo se ha centrado en desarrollar vivienda y construir comunidad, con parques, servicios, vialidades, \u00e1reas de convivencia, zonas deportivas, comercio formal, sino ofrecer soluciones habitacionales que atiendan a todos los sectores de la poblaci\u00f3n.<\/p>\n<p>Cabe recordar que, en mayo de 2016, esta empresa firm\u00f3 un convenio de colaboraci\u00f3n con el Instituto del Fondo Nacional de la Vivienda para los Trabajadores (<strong>Infonavit<\/strong>) con el objetivo de ofrecer casas a personas con discapacidad.<\/p>\n<p>De acuerdo con Sergio Leal, el objetivo es ofrecer soluciones de vivienda con instalaciones y dimensiones adecuadas, que contribuyan a mejorar la calidad de vida del trabajador o de alguno de sus familiares con discapacidad.<\/p>\n","protected":false},"excerpt":{"rendered":"<p>Por Edgar Rosas La desarrolladora ha integrado a su abanico de productos soluciones que permiten elevar la calidad de vida de las personas con discapacidad Como parte de su modelo para desarrollar viviendas que cumplan con las necesidades de la poblaci\u00f3n,\u00a0Vinte\u00a0ha puesto \u00e9nfasis en esquemas incluyentes, en donde la construcci\u00f3n de casas con adecuaciones para [&hellip;]<\/p>\n","protected":false},"author":1,"featured_media":3207,"comment_status":"open","ping_status":"open","sticky":false,"template":"","format":"standard","meta":{"site-sidebar-layout":"default","site-content-layout":"","ast-site-content-layout":"default","site-content-style":"default","site-sidebar-style":"default","ast-global-header-display":"","ast-banner-title-visibility":"","ast-main-header-display":"","ast-hfb-above-header-display":"","ast-hfb-below-header-display":"","ast-hfb-mobile-header-display":"","site-post-title":"","ast-breadcrumbs-content":"","ast-featured-img":"","footer-sml-layout":"","ast-disable-related-posts":"","theme-transparent-header-meta":"","adv-header-id-meta":"","stick-header-meta":"","header-above-stick-meta":"","header-main-stick-meta":"","header-below-stick-meta":"","astra-migrate-meta-layouts":"default","ast-page-background-enabled":"default","ast-page-background-meta":{"desktop":{"background-color":"var(--ast-global-color-4)","background-image":"","background-repeat":"repeat","background-position":"center center","background-size":"auto","background-attachment":"scroll","background-type":"","background-media":"","overlay-type":"","overlay-color":"","overlay-opacity":"","overlay-gradient":""},"tablet":{"background-color":"","background-image":"","background-repeat":"repeat","background-position":"center center","background-size":"auto","background-attachment":"scroll","background-type":"","background-media":"","overlay-type":"","overlay-color":"","overlay-opacity":"","overlay-gradient":""},"mobile":{"background-color":"","background-image":"","background-repeat":"repeat","background-position":"center center","background-size":"auto","background-attachment":"scroll","background-type":"","background-media":"","overlay-type":"","overlay-color":"","overlay-opacity":"","overlay-gradient":""}},"ast-content-background-meta":{"desktop":{"background-color":"var(--ast-global-color-5)","background-image":"","background-repeat":"repeat","background-position":"center center","background-size":"auto","background-attachment":"scroll","background-type":"","background-media":"","overlay-type":"","overlay-color":"","overlay-opacity":"","overlay-gradient":""},"tablet":{"background-color":"var(--ast-global-color-5)","background-image":"","background-repeat":"repeat","background-position":"center center","background-size":"auto","background-attachment":"scroll","background-type":"","background-media":"","overlay-type":"","overlay-color":"","overlay-opacity":"","overlay-gradient":""},"mobile":{"background-color":"var(--ast-global-color-5)","background-image":"","background-repeat":"repeat","background-position":"center center","background-size":"auto","background-attachment":"scroll","background-type":"","background-media":"","overlay-type":"","overlay-color":"","overlay-opacity":"","overlay-gradient":""}},"footnotes":""},"categories":[4],"tags":[483,176,177,679],"class_list":["post-3535","post","type-post","status-publish","format-standard","has-post-thumbnail","hentry","category-noticias","tag-discapacitados","tag-vinte","tag-vivienda","tag-vivienda-incluyente"],"_links":{"self":[{"href":"https:\/\/hombresymujeresdelacasa.com\/home\/wp-json\/wp\/v2\/posts\/3535","targetHints":{"allow":["GET"]}}],"collection":[{"href":"https:\/\/hombresymujeresdelacasa.com\/home\/wp-json\/wp\/v2\/posts"}],"about":[{"href":"https:\/\/hombresymujeresdelacasa.com\/home\/wp-json\/wp\/v2\/types\/post"}],"author":[{"embeddable":true,"href":"https:\/\/hombresymujeresdelacasa.com\/home\/wp-json\/wp\/v2\/users\/1"}],"replies":[{"embeddable":true,"href":"https:\/\/hombresymujeresdelacasa.com\/home\/wp-json\/wp\/v2\/comments?post=3535"}],"version-history":[{"count":1,"href":"https:\/\/hombresymujeresdelacasa.com\/home\/wp-json\/wp\/v2\/posts\/3535\/revisions"}],"predecessor-version":[{"id":3536,"href":"https:\/\/hombresymujeresdelacasa.com\/home\/wp-json\/wp\/v2\/posts\/3535\/revisions\/3536"}],"wp:featuredmedia":[{"embeddable":true,"href":"https:\/\/hombresymujeresdelacasa.com\/home\/wp-json\/wp\/v2\/media\/3207"}],"wp:attachment":[{"href":"https:\/\/hombresymujeresdelacasa.com\/home\/wp-json\/wp\/v2\/media?parent=3535"}],"wp:term":[{"taxonomy":"category","embeddable":true,"href":"https:\/\/hombresymujeresdelacasa.com\/home\/wp-json\/wp\/v2\/categories?post=3535"},{"taxonomy":"post_tag","embeddable":true,"href":"https:\/\/hombresymujeresdelacasa.com\/home\/wp-json\/wp\/v2\/tags?post=3535"}],"curies":[{"name":"wp","href":"https:\/\/api.w.org\/{rel}","templated":true}]}}