{"id":3530,"date":"2018-03-28T14:48:21","date_gmt":"2018-03-28T20:48:21","guid":{"rendered":"http:\/\/hombresymujeresdelacasa.com\/home\/?p=3530"},"modified":"2018-04-02T10:24:44","modified_gmt":"2018-04-02T16:24:44","slug":"desarrollo-urbano-requiere-participacion-de-autoridades","status":"publish","type":"post","link":"https:\/\/hombresymujeresdelacasa.com\/home\/desarrollo-urbano-requiere-participacion-de-autoridades\/","title":{"rendered":"Desarrollo Urbano requiere participaci\u00f3n de autoridades"},"content":{"rendered":"<p>Por Leticia Barreto<\/p>\n<p><em>CMIC realiz\u00f3 foros para tratar temas como vivienda, atender a la poblaci\u00f3n no afiliada, sustentabilidad, entre otros<\/em><span id=\"more-69380\"><\/span><\/p>\n<p><strong>\u00a0<\/strong>Aurora Garc\u00eda de Le\u00f3n, directora general de\u00a0<a href=\"http:\/\/www.derex.com.mx\/\" target=\"_blank\" rel=\"noopener noreferrer nofollow\"><strong>Derex<\/strong>\u00a0<\/a>y recientemente nombrada vicepresidenta en tema de desarrollo urbano y vivienda por la\u00a0<a href=\"http:\/\/www.cmic.org\/\" target=\"_blank\" rel=\"noopener noreferrer nofollow\"><strong>C\u00e1mara Mexicana de la Industria de la Construcci\u00f3n<\/strong>\u00a0<\/a>(CMIC), explic\u00f3 que, para el desarrollo urbano y la sustentabilidad se necesita que los candidatos a la Presidencia de la Rep\u00fablica tomen en cuenta todos los temas a resolver tanto en la\u00a0<a href=\"http:\/\/www.cdmx.gob.mx\/cdmx\" target=\"_blank\" rel=\"noopener noreferrer nofollow\"><strong>Ciudad de M\u00e9xic<\/strong><\/a>o como en otros estados.<\/p>\n<p>En entrevista con Desde Centro Urbano, declar\u00f3 que, en materia de urbanismo y vivienda se necesita la cooperaci\u00f3n y participaci\u00f3n tanto de las entidades como de la comunidad, por ello indic\u00f3 que durante su gesti\u00f3n se tienen previstos tres atapas, la primero terminar\u00e1 en julio, \u201cdonde vamos convivir con las autoridades locales, la segunda ser\u00e1 del primero de julio al primero de noviembre, durante el periodo de transici\u00f3n donde quiz\u00e1 estemos con las mismas autoridades o con dos simult\u00e1neamente, y la \u00faltima ser\u00e1 del primero de noviembre en adelante\u201d.<\/p>\n<p>Explic\u00f3 que un equipo de trabajo ya se encuentra en proceso de definir los proyectos a corto plazo que necesitan resolver con las autoridades actuales, \u201csin duda traemos una agenda estrat\u00e9gica que surgi\u00f3 de unos foros que realiz\u00f3 la CMIC, en los que participaron acad\u00e9micos, empresarios, sociedad civil\u201d.<\/p>\n<p>Detall\u00f3 que, durante los foros realizados en diferentes estados del pa\u00eds, se discutieron temas desde desarrollo urbano, vivienda, atender las necesidades de la poblaci\u00f3n que no est\u00e1 afiliada con alguna compa\u00f1\u00eda o instituci\u00f3n, la sustentabilidad, el desarrollo de la planta productiva y la necesidad que existe de ampliar la gama de soluciones para el sector de vivienda.\u00a0 Destac\u00f3 que de las observaciones hechas se cre\u00f3 un documento que fue entregado a los candidatos a la Presidencia de la Rep\u00fablica, para que estos consideren dichas materias como una prioridad a resolver.<\/p>\n","protected":false},"excerpt":{"rendered":"<p>Por Leticia Barreto CMIC realiz\u00f3 foros para tratar temas como vivienda, atender a la poblaci\u00f3n no afiliada, sustentabilidad, entre otros \u00a0Aurora Garc\u00eda de Le\u00f3n, directora general de\u00a0Derex\u00a0y recientemente nombrada vicepresidenta en tema de desarrollo urbano y vivienda por la\u00a0C\u00e1mara Mexicana de la Industria de la Construcci\u00f3n\u00a0(CMIC), explic\u00f3 que, para el desarrollo urbano y la sustentabilidad [&hellip;]<\/p>\n","protected":false},"author":1,"featured_media":3250,"comment_status":"open","ping_status":"open","sticky":false,"template":"","format":"standard","meta":{"site-sidebar-layout":"default","site-content-layout":"","ast-site-content-layout":"default","site-content-style":"default","site-sidebar-style":"default","ast-global-header-display":"","ast-banner-title-visibility":"","ast-main-header-display":"","ast-hfb-above-header-display":"","ast-hfb-below-header-display":"","ast-hfb-mobile-header-display":"","site-post-title":"","ast-breadcrumbs-content":"","ast-featured-img":"","footer-sml-layout":"","ast-disable-related-posts":"","theme-transparent-header-meta":"","adv-header-id-meta":"","stick-header-meta":"","header-above-stick-meta":"","header-main-stick-meta":"","header-below-stick-meta":"","astra-migrate-meta-layouts":"default","ast-page-background-enabled":"default","ast-page-background-meta":{"desktop":{"background-color":"var(--ast-global-color-4)","background-image":"","background-repeat":"repeat","background-position":"center center","background-size":"auto","background-attachment":"scroll","background-type":"","background-media":"","overlay-type":"","overlay-color":"","overlay-opacity":"","overlay-gradient":""},"tablet":{"background-color":"","background-image":"","background-repeat":"repeat","background-position":"center center","background-size":"auto","background-attachment":"scroll","background-type":"","background-media":"","overlay-type":"","overlay-color":"","overlay-opacity":"","overlay-gradient":""},"mobile":{"background-color":"","background-image":"","background-repeat":"repeat","background-position":"center center","background-size":"auto","background-attachment":"scroll","background-type":"","background-media":"","overlay-type":"","overlay-color":"","overlay-opacity":"","overlay-gradient":""}},"ast-content-background-meta":{"desktop":{"background-color":"var(--ast-global-color-5)","background-image":"","background-repeat":"repeat","background-position":"center center","background-size":"auto","background-attachment":"scroll","background-type":"","background-media":"","overlay-type":"","overlay-color":"","overlay-opacity":"","overlay-gradient":""},"tablet":{"background-color":"var(--ast-global-color-5)","background-image":"","background-repeat":"repeat","background-position":"center center","background-size":"auto","background-attachment":"scroll","background-type":"","background-media":"","overlay-type":"","overlay-color":"","overlay-opacity":"","overlay-gradient":""},"mobile":{"background-color":"var(--ast-global-color-5)","background-image":"","background-repeat":"repeat","background-position":"center center","background-size":"auto","background-attachment":"scroll","background-type":"","background-media":"","overlay-type":"","overlay-color":"","overlay-opacity":"","overlay-gradient":""}},"footnotes":""},"categories":[2],"tags":[678,41,363,198,368,304,370,164,177],"class_list":["post-3530","post","type-post","status-publish","format-standard","has-post-thumbnail","hentry","category-entrevistas","tag-camara-mexicana-de-la-industria-de-la-construccion","tag-cdmx","tag-ciudad-de-mexico","tag-cmic","tag-derex","tag-desarrollo-urbano","tag-desde-centro-urbano","tag-sustentabilidad","tag-vivienda"],"_links":{"self":[{"href":"https:\/\/hombresymujeresdelacasa.com\/home\/wp-json\/wp\/v2\/posts\/3530","targetHints":{"allow":["GET"]}}],"collection":[{"href":"https:\/\/hombresymujeresdelacasa.com\/home\/wp-json\/wp\/v2\/posts"}],"about":[{"href":"https:\/\/hombresymujeresdelacasa.com\/home\/wp-json\/wp\/v2\/types\/post"}],"author":[{"embeddable":true,"href":"https:\/\/hombresymujeresdelacasa.com\/home\/wp-json\/wp\/v2\/users\/1"}],"replies":[{"embeddable":true,"href":"https:\/\/hombresymujeresdelacasa.com\/home\/wp-json\/wp\/v2\/comments?post=3530"}],"version-history":[{"count":1,"href":"https:\/\/hombresymujeresdelacasa.com\/home\/wp-json\/wp\/v2\/posts\/3530\/revisions"}],"predecessor-version":[{"id":3531,"href":"https:\/\/hombresymujeresdelacasa.com\/home\/wp-json\/wp\/v2\/posts\/3530\/revisions\/3531"}],"wp:featuredmedia":[{"embeddable":true,"href":"https:\/\/hombresymujeresdelacasa.com\/home\/wp-json\/wp\/v2\/media\/3250"}],"wp:attachment":[{"href":"https:\/\/hombresymujeresdelacasa.com\/home\/wp-json\/wp\/v2\/media?parent=3530"}],"wp:term":[{"taxonomy":"category","embeddable":true,"href":"https:\/\/hombresymujeresdelacasa.com\/home\/wp-json\/wp\/v2\/categories?post=3530"},{"taxonomy":"post_tag","embeddable":true,"href":"https:\/\/hombresymujeresdelacasa.com\/home\/wp-json\/wp\/v2\/tags?post=3530"}],"curies":[{"name":"wp","href":"https:\/\/api.w.org\/{rel}","templated":true}]}}