{"id":3523,"date":"2018-03-28T11:00:08","date_gmt":"2018-03-28T17:00:08","guid":{"rendered":"http:\/\/hombresymujeresdelacasa.com\/home\/?p=3523"},"modified":"2018-03-28T13:34:09","modified_gmt":"2018-03-28T19:34:09","slug":"conavi-ha-invertido-570-mdp-en-slp","status":"publish","type":"post","link":"https:\/\/hombresymujeresdelacasa.com\/home\/conavi-ha-invertido-570-mdp-en-slp\/","title":{"rendered":"Conavi ha invertido 570 mdp en SLP"},"content":{"rendered":"<p>Por Edgar Rosas<\/p>\n<p><em>Para 2018, detall\u00f3 el organismo, se buscar\u00e1 concretar 1,250 acciones en esta entidad<\/em><span id=\"more-69339\"><\/span><\/p>\n<p>En lo que va de la actual administraci\u00f3n federal, en San Luis Potos\u00ed se han invertido 570 millones para la entrega de subsidio, recursos con los que se han concretado 900 acciones de vivienda, inform\u00f3\u00a0<a href=\"https:\/\/twitter.com\/JorgeLWolpert\" target=\"_blank\" rel=\"noopener nofollow\">Jorge Wolpert Kuri<\/a>, director general de la Comisi\u00f3n Nacional de Vivienda (<strong>Conavi<\/strong>).<\/p>\n<p>En gira de trabajo por la entidad, el funcionario detall\u00f3 que para 2018, la Conavi mantendr\u00e1 el ritmo en la entrega de subsidio. De esta manera, dijo, el organismo prev\u00e9 la concreci\u00f3n de 1,250 acciones de vivienda en esl estado para el a\u00f1o.<\/p>\n<p>Durante la visita al estado, Wolpert Kuri entreg\u00f3 51 acciones del esquema de autoproducci\u00f3n. \u00c9stas, se\u00f1al\u00f3, representaron una inversi\u00f3n de 7 millones 500,000 pesos.<\/p>\n<p>Cabe se\u00f1alar que con el objetivo de impulsar el desarrollo de vivienda social, Wolpert Kuri y el gobernador de la entidad, Juan Manuel Carreras, firmaron un convenio de colaboraci\u00f3n.<\/p>\n","protected":false},"excerpt":{"rendered":"<p>Por Edgar Rosas Para 2018, detall\u00f3 el organismo, se buscar\u00e1 concretar 1,250 acciones en esta entidad En lo que va de la actual administraci\u00f3n federal, en San Luis Potos\u00ed se han invertido 570 millones para la entrega de subsidio, recursos con los que se han concretado 900 acciones de vivienda, inform\u00f3\u00a0Jorge Wolpert Kuri, director general [&hellip;]<\/p>\n","protected":false},"author":1,"featured_media":3524,"comment_status":"open","ping_status":"open","sticky":false,"template":"","format":"standard","meta":{"site-sidebar-layout":"default","site-content-layout":"","ast-site-content-layout":"default","site-content-style":"default","site-sidebar-style":"default","ast-global-header-display":"","ast-banner-title-visibility":"","ast-main-header-display":"","ast-hfb-above-header-display":"","ast-hfb-below-header-display":"","ast-hfb-mobile-header-display":"","site-post-title":"","ast-breadcrumbs-content":"","ast-featured-img":"","footer-sml-layout":"","ast-disable-related-posts":"","theme-transparent-header-meta":"","adv-header-id-meta":"","stick-header-meta":"","header-above-stick-meta":"","header-main-stick-meta":"","header-below-stick-meta":"","astra-migrate-meta-layouts":"default","ast-page-background-enabled":"default","ast-page-background-meta":{"desktop":{"background-color":"var(--ast-global-color-4)","background-image":"","background-repeat":"repeat","background-position":"center center","background-size":"auto","background-attachment":"scroll","background-type":"","background-media":"","overlay-type":"","overlay-color":"","overlay-opacity":"","overlay-gradient":""},"tablet":{"background-color":"","background-image":"","background-repeat":"repeat","background-position":"center center","background-size":"auto","background-attachment":"scroll","background-type":"","background-media":"","overlay-type":"","overlay-color":"","overlay-opacity":"","overlay-gradient":""},"mobile":{"background-color":"","background-image":"","background-repeat":"repeat","background-position":"center center","background-size":"auto","background-attachment":"scroll","background-type":"","background-media":"","overlay-type":"","overlay-color":"","overlay-opacity":"","overlay-gradient":""}},"ast-content-background-meta":{"desktop":{"background-color":"var(--ast-global-color-5)","background-image":"","background-repeat":"repeat","background-position":"center center","background-size":"auto","background-attachment":"scroll","background-type":"","background-media":"","overlay-type":"","overlay-color":"","overlay-opacity":"","overlay-gradient":""},"tablet":{"background-color":"var(--ast-global-color-5)","background-image":"","background-repeat":"repeat","background-position":"center center","background-size":"auto","background-attachment":"scroll","background-type":"","background-media":"","overlay-type":"","overlay-color":"","overlay-opacity":"","overlay-gradient":""},"mobile":{"background-color":"var(--ast-global-color-5)","background-image":"","background-repeat":"repeat","background-position":"center center","background-size":"auto","background-attachment":"scroll","background-type":"","background-media":"","overlay-type":"","overlay-color":"","overlay-opacity":"","overlay-gradient":""}},"footnotes":""},"categories":[4],"tags":[49,109,675,676,177],"class_list":["post-3523","post","type-post","status-publish","format-standard","has-post-thumbnail","hentry","category-noticias","tag-conavi","tag-jorge-wolpert-kuri","tag-juan-manuel-carreras","tag-san-luis-potosi","tag-vivienda"],"_links":{"self":[{"href":"https:\/\/hombresymujeresdelacasa.com\/home\/wp-json\/wp\/v2\/posts\/3523","targetHints":{"allow":["GET"]}}],"collection":[{"href":"https:\/\/hombresymujeresdelacasa.com\/home\/wp-json\/wp\/v2\/posts"}],"about":[{"href":"https:\/\/hombresymujeresdelacasa.com\/home\/wp-json\/wp\/v2\/types\/post"}],"author":[{"embeddable":true,"href":"https:\/\/hombresymujeresdelacasa.com\/home\/wp-json\/wp\/v2\/users\/1"}],"replies":[{"embeddable":true,"href":"https:\/\/hombresymujeresdelacasa.com\/home\/wp-json\/wp\/v2\/comments?post=3523"}],"version-history":[{"count":1,"href":"https:\/\/hombresymujeresdelacasa.com\/home\/wp-json\/wp\/v2\/posts\/3523\/revisions"}],"predecessor-version":[{"id":3525,"href":"https:\/\/hombresymujeresdelacasa.com\/home\/wp-json\/wp\/v2\/posts\/3523\/revisions\/3525"}],"wp:featuredmedia":[{"embeddable":true,"href":"https:\/\/hombresymujeresdelacasa.com\/home\/wp-json\/wp\/v2\/media\/3524"}],"wp:attachment":[{"href":"https:\/\/hombresymujeresdelacasa.com\/home\/wp-json\/wp\/v2\/media?parent=3523"}],"wp:term":[{"taxonomy":"category","embeddable":true,"href":"https:\/\/hombresymujeresdelacasa.com\/home\/wp-json\/wp\/v2\/categories?post=3523"},{"taxonomy":"post_tag","embeddable":true,"href":"https:\/\/hombresymujeresdelacasa.com\/home\/wp-json\/wp\/v2\/tags?post=3523"}],"curies":[{"name":"wp","href":"https:\/\/api.w.org\/{rel}","templated":true}]}}