{"id":3495,"date":"2018-03-23T13:40:09","date_gmt":"2018-03-23T19:40:09","guid":{"rendered":"http:\/\/hombresymujeresdelacasa.com\/home\/?p=3495"},"modified":"2018-03-23T14:36:38","modified_gmt":"2018-03-23T20:36:38","slug":"canadevi-y-gobierno-de-sonora-firmaron-convenio","status":"publish","type":"post","link":"https:\/\/hombresymujeresdelacasa.com\/home\/canadevi-y-gobierno-de-sonora-firmaron-convenio\/","title":{"rendered":"Canadevi y gobierno de Sonora firmaron convenio"},"content":{"rendered":"<p>Por Edgar Rosas<\/p>\n<p>Con el documento ambas entidades pondr\u00e1n en marcha un esquema para facilitar la adquisici\u00f3n de vivienda nueva<span id=\"more-69177\"><\/span><\/p>\n<p>El gobierno de Sonora y la C\u00e1mara Nacional de la Industria de Desarrollo y Promoci\u00f3n de la Vivienda (Canadevi) firmaron un convenio de colaboraci\u00f3n, a trav\u00e9s del cual se impulsar\u00e1 un esquema para que trabajadores que ganen menos de 9,800 pesos al mes puedan acceder a una soluci\u00f3n habitacional.<\/p>\n<p>El acuerdo, signado por Claudia Pavlovich Arellano, gobernadora de la entidad, y Carlos Medina Rodr\u00edguez, presidente de Canadevi, contempla la creaci\u00f3n de un fondo de 25 millones de pesos, mismo que operar\u00e1 a partir del 1 de abril y que permitir\u00e1 la entrega de subsidios de hasta 25,000 pesos.<\/p>\n<p>Durante el acto, Carlos Medina aplaudi\u00f3 la disposici\u00f3n el gobierno de la entidad para consolidar el esquema. Se\u00f1al\u00f3 que este modelo es un ejemplo a nivel nacional, mismo que desde la presidencia de Canadevi se buscar\u00e1 replicar en otras entidades.<br \/>\nDe acuerdo con los promotores del proyecto, el objetivo ser\u00e1 beneficiar a 1,000 trabajadores con la entrega de subsidio para que puedan adquirir viviendas de hasta 465,545 pesos de valor.<\/p>\n<p>Cabe se\u00f1alar que la firma del convenio se dio en el marco de la toma de protesta de Jaime F\u00e9lix G\u00e1ndara como presidente del comit\u00e9 directivo de Canadevi delegaci\u00f3n Sonora por el periodo 2018-2021.<\/p>\n","protected":false},"excerpt":{"rendered":"<p>Por Edgar Rosas Con el documento ambas entidades pondr\u00e1n en marcha un esquema para facilitar la adquisici\u00f3n de vivienda nueva El gobierno de Sonora y la C\u00e1mara Nacional de la Industria de Desarrollo y Promoci\u00f3n de la Vivienda (Canadevi) firmaron un convenio de colaboraci\u00f3n, a trav\u00e9s del cual se impulsar\u00e1 un esquema para que trabajadores [&hellip;]<\/p>\n","protected":false},"author":1,"featured_media":3496,"comment_status":"open","ping_status":"open","sticky":false,"template":"","format":"standard","meta":{"site-sidebar-layout":"default","site-content-layout":"","ast-site-content-layout":"default","site-content-style":"default","site-sidebar-style":"default","ast-global-header-display":"","ast-banner-title-visibility":"","ast-main-header-display":"","ast-hfb-above-header-display":"","ast-hfb-below-header-display":"","ast-hfb-mobile-header-display":"","site-post-title":"","ast-breadcrumbs-content":"","ast-featured-img":"","footer-sml-layout":"","ast-disable-related-posts":"","theme-transparent-header-meta":"","adv-header-id-meta":"","stick-header-meta":"","header-above-stick-meta":"","header-main-stick-meta":"","header-below-stick-meta":"","astra-migrate-meta-layouts":"default","ast-page-background-enabled":"default","ast-page-background-meta":{"desktop":{"background-color":"var(--ast-global-color-4)","background-image":"","background-repeat":"repeat","background-position":"center center","background-size":"auto","background-attachment":"scroll","background-type":"","background-media":"","overlay-type":"","overlay-color":"","overlay-opacity":"","overlay-gradient":""},"tablet":{"background-color":"","background-image":"","background-repeat":"repeat","background-position":"center center","background-size":"auto","background-attachment":"scroll","background-type":"","background-media":"","overlay-type":"","overlay-color":"","overlay-opacity":"","overlay-gradient":""},"mobile":{"background-color":"","background-image":"","background-repeat":"repeat","background-position":"center center","background-size":"auto","background-attachment":"scroll","background-type":"","background-media":"","overlay-type":"","overlay-color":"","overlay-opacity":"","overlay-gradient":""}},"ast-content-background-meta":{"desktop":{"background-color":"var(--ast-global-color-5)","background-image":"","background-repeat":"repeat","background-position":"center center","background-size":"auto","background-attachment":"scroll","background-type":"","background-media":"","overlay-type":"","overlay-color":"","overlay-opacity":"","overlay-gradient":""},"tablet":{"background-color":"var(--ast-global-color-5)","background-image":"","background-repeat":"repeat","background-position":"center center","background-size":"auto","background-attachment":"scroll","background-type":"","background-media":"","overlay-type":"","overlay-color":"","overlay-opacity":"","overlay-gradient":""},"mobile":{"background-color":"var(--ast-global-color-5)","background-image":"","background-repeat":"repeat","background-position":"center center","background-size":"auto","background-attachment":"scroll","background-type":"","background-media":"","overlay-type":"","overlay-color":"","overlay-opacity":"","overlay-gradient":""}},"footnotes":""},"categories":[4],"tags":[34,660,38,661,159],"class_list":["post-3495","post","type-post","status-publish","format-standard","has-post-thumbnail","hentry","category-noticias","tag-canadevi","tag-canadevi-sonora","tag-carlos-medina","tag-claudia-pavlovich-arellano","tag-sonora"],"_links":{"self":[{"href":"https:\/\/hombresymujeresdelacasa.com\/home\/wp-json\/wp\/v2\/posts\/3495","targetHints":{"allow":["GET"]}}],"collection":[{"href":"https:\/\/hombresymujeresdelacasa.com\/home\/wp-json\/wp\/v2\/posts"}],"about":[{"href":"https:\/\/hombresymujeresdelacasa.com\/home\/wp-json\/wp\/v2\/types\/post"}],"author":[{"embeddable":true,"href":"https:\/\/hombresymujeresdelacasa.com\/home\/wp-json\/wp\/v2\/users\/1"}],"replies":[{"embeddable":true,"href":"https:\/\/hombresymujeresdelacasa.com\/home\/wp-json\/wp\/v2\/comments?post=3495"}],"version-history":[{"count":1,"href":"https:\/\/hombresymujeresdelacasa.com\/home\/wp-json\/wp\/v2\/posts\/3495\/revisions"}],"predecessor-version":[{"id":3497,"href":"https:\/\/hombresymujeresdelacasa.com\/home\/wp-json\/wp\/v2\/posts\/3495\/revisions\/3497"}],"wp:featuredmedia":[{"embeddable":true,"href":"https:\/\/hombresymujeresdelacasa.com\/home\/wp-json\/wp\/v2\/media\/3496"}],"wp:attachment":[{"href":"https:\/\/hombresymujeresdelacasa.com\/home\/wp-json\/wp\/v2\/media?parent=3495"}],"wp:term":[{"taxonomy":"category","embeddable":true,"href":"https:\/\/hombresymujeresdelacasa.com\/home\/wp-json\/wp\/v2\/categories?post=3495"},{"taxonomy":"post_tag","embeddable":true,"href":"https:\/\/hombresymujeresdelacasa.com\/home\/wp-json\/wp\/v2\/tags?post=3495"}],"curies":[{"name":"wp","href":"https:\/\/api.w.org\/{rel}","templated":true}]}}