{"id":3486,"date":"2018-03-22T18:57:18","date_gmt":"2018-03-23T00:57:18","guid":{"rendered":"http:\/\/hombresymujeresdelacasa.com\/home\/?p=3486"},"modified":"2018-03-23T11:08:00","modified_gmt":"2018-03-23T17:08:00","slug":"disminuyo-vinte-dependencia-al-subsidio","status":"publish","type":"post","link":"https:\/\/hombresymujeresdelacasa.com\/home\/disminuyo-vinte-dependencia-al-subsidio\/","title":{"rendered":"Disminuy\u00f3 Vinte dependencia al subsidio"},"content":{"rendered":"<p>Por Edgar Rosas<\/p>\n<p><em>En 2017, del total de las unidades desplazadas, s\u00f3lo 2% fue con subsidio<\/em><span id=\"more-69138\"><\/span><\/p>\n<p>La desarrolladora de vivienda\u00a0<strong>Vinte\u00a0<\/strong>ha consolidado un modelo de negocio diversificado, a trav\u00e9s del cual la empresa ha logrado disminuir su dependencia a la venta de vivienda con subsidio y consolidar as\u00ed una estructura fortificada y estable a pesar de disminuciones en el presupuesto contemplado para este fin.<\/p>\n<p>Durante 2017, la empresa que dirige Sergio Leal logr\u00f3 disminuir en m\u00e1s de 10 puntos porcentuales la participaci\u00f3n de la venta de vivienda con subsidio en relaci\u00f3n a las ventas totales. As\u00ed, en el a\u00f1o reportado, la venta de vivienda con subsidio represent\u00f3 tan s\u00f3lo el 2.4% del total de unidades desplazadas.<\/p>\n<p>En relaci\u00f3n al \u00faltimo trimestre de 2017, la venta de vivienda con subsidio represent\u00f3 el 1.8 por ciento. Cabe se\u00f1alar que, en el 4T2016, este margen alcanz\u00f3 7.9%, con lo que se concret\u00f3 una disminuci\u00f3n de 6.1 por ciento.<\/p>\n<p>\u201cLa participaci\u00f3n de subsidios en los ingresos totales del 4T17 se encontr\u00f3 en el rango de 1.8% vs. 7.9% del 4T16; mientras que por el ejercicio 2017 los subsidios representaron s\u00f3lo el 2.4% del total de ingresos desde un 12.7% de 2016\u201d, se\u00f1al\u00f3 la empresa.<br \/>\nDe acuerdo con Sergio Leal, el margen de participaci\u00f3n de la vivienda con subsidio en las ventas totales, se ha posicionado como referente de la industria al ubicarse entre los m\u00e1s sanos.<\/p>\n<p>\u201cEs importante destacar que el rango con el que operamos en lo referente a viviendas escrituradas con subsidio es de los m\u00e1s sanos de la industria, lo cual nos ha permitido mantener estabilidad en nuestros resultados, a\u00fan, considerando las recientes disminuciones en el presupuesto de subsidios del gobierno federal de los a\u00f1os 2016 y 2017\u201d, puntualiz\u00f3.<\/p>\n","protected":false},"excerpt":{"rendered":"<p>Por Edgar Rosas En 2017, del total de las unidades desplazadas, s\u00f3lo 2% fue con subsidio La desarrolladora de vivienda\u00a0Vinte\u00a0ha consolidado un modelo de negocio diversificado, a trav\u00e9s del cual la empresa ha logrado disminuir su dependencia a la venta de vivienda con subsidio y consolidar as\u00ed una estructura fortificada y estable a pesar de [&hellip;]<\/p>\n","protected":false},"author":1,"featured_media":3487,"comment_status":"open","ping_status":"open","sticky":false,"template":"","format":"standard","meta":{"site-sidebar-layout":"default","site-content-layout":"","ast-site-content-layout":"default","site-content-style":"default","site-sidebar-style":"default","ast-global-header-display":"","ast-banner-title-visibility":"","ast-main-header-display":"","ast-hfb-above-header-display":"","ast-hfb-below-header-display":"","ast-hfb-mobile-header-display":"","site-post-title":"","ast-breadcrumbs-content":"","ast-featured-img":"","footer-sml-layout":"","ast-disable-related-posts":"","theme-transparent-header-meta":"","adv-header-id-meta":"","stick-header-meta":"","header-above-stick-meta":"","header-main-stick-meta":"","header-below-stick-meta":"","astra-migrate-meta-layouts":"default","ast-page-background-enabled":"default","ast-page-background-meta":{"desktop":{"background-color":"var(--ast-global-color-4)","background-image":"","background-repeat":"repeat","background-position":"center center","background-size":"auto","background-attachment":"scroll","background-type":"","background-media":"","overlay-type":"","overlay-color":"","overlay-opacity":"","overlay-gradient":""},"tablet":{"background-color":"","background-image":"","background-repeat":"repeat","background-position":"center center","background-size":"auto","background-attachment":"scroll","background-type":"","background-media":"","overlay-type":"","overlay-color":"","overlay-opacity":"","overlay-gradient":""},"mobile":{"background-color":"","background-image":"","background-repeat":"repeat","background-position":"center center","background-size":"auto","background-attachment":"scroll","background-type":"","background-media":"","overlay-type":"","overlay-color":"","overlay-opacity":"","overlay-gradient":""}},"ast-content-background-meta":{"desktop":{"background-color":"var(--ast-global-color-5)","background-image":"","background-repeat":"repeat","background-position":"center center","background-size":"auto","background-attachment":"scroll","background-type":"","background-media":"","overlay-type":"","overlay-color":"","overlay-opacity":"","overlay-gradient":""},"tablet":{"background-color":"var(--ast-global-color-5)","background-image":"","background-repeat":"repeat","background-position":"center center","background-size":"auto","background-attachment":"scroll","background-type":"","background-media":"","overlay-type":"","overlay-color":"","overlay-opacity":"","overlay-gradient":""},"mobile":{"background-color":"var(--ast-global-color-5)","background-image":"","background-repeat":"repeat","background-position":"center center","background-size":"auto","background-attachment":"scroll","background-type":"","background-media":"","overlay-type":"","overlay-color":"","overlay-opacity":"","overlay-gradient":""}},"footnotes":""},"categories":[4],"tags":[659,405,176,177],"class_list":["post-3486","post","type-post","status-publish","format-standard","has-post-thumbnail","hentry","category-noticias","tag-dependencia-al-subsidio","tag-sergio-leal-aguirre","tag-vinte","tag-vivienda"],"_links":{"self":[{"href":"https:\/\/hombresymujeresdelacasa.com\/home\/wp-json\/wp\/v2\/posts\/3486","targetHints":{"allow":["GET"]}}],"collection":[{"href":"https:\/\/hombresymujeresdelacasa.com\/home\/wp-json\/wp\/v2\/posts"}],"about":[{"href":"https:\/\/hombresymujeresdelacasa.com\/home\/wp-json\/wp\/v2\/types\/post"}],"author":[{"embeddable":true,"href":"https:\/\/hombresymujeresdelacasa.com\/home\/wp-json\/wp\/v2\/users\/1"}],"replies":[{"embeddable":true,"href":"https:\/\/hombresymujeresdelacasa.com\/home\/wp-json\/wp\/v2\/comments?post=3486"}],"version-history":[{"count":1,"href":"https:\/\/hombresymujeresdelacasa.com\/home\/wp-json\/wp\/v2\/posts\/3486\/revisions"}],"predecessor-version":[{"id":3488,"href":"https:\/\/hombresymujeresdelacasa.com\/home\/wp-json\/wp\/v2\/posts\/3486\/revisions\/3488"}],"wp:featuredmedia":[{"embeddable":true,"href":"https:\/\/hombresymujeresdelacasa.com\/home\/wp-json\/wp\/v2\/media\/3487"}],"wp:attachment":[{"href":"https:\/\/hombresymujeresdelacasa.com\/home\/wp-json\/wp\/v2\/media?parent=3486"}],"wp:term":[{"taxonomy":"category","embeddable":true,"href":"https:\/\/hombresymujeresdelacasa.com\/home\/wp-json\/wp\/v2\/categories?post=3486"},{"taxonomy":"post_tag","embeddable":true,"href":"https:\/\/hombresymujeresdelacasa.com\/home\/wp-json\/wp\/v2\/tags?post=3486"}],"curies":[{"name":"wp","href":"https:\/\/api.w.org\/{rel}","templated":true}]}}