{"id":3483,"date":"2018-03-22T17:50:31","date_gmt":"2018-03-22T23:50:31","guid":{"rendered":"http:\/\/hombresymujeresdelacasa.com\/home\/?p=3483"},"modified":"2018-03-23T11:04:43","modified_gmt":"2018-03-23T17:04:43","slug":"fovissste-ha-liberado-137000-hipotecas-en-el-sexenio","status":"publish","type":"post","link":"https:\/\/hombresymujeresdelacasa.com\/home\/fovissste-ha-liberado-137000-hipotecas-en-el-sexenio\/","title":{"rendered":"Fovissste ha liberado 137,000 hipotecas en el sexenio"},"content":{"rendered":"<p>Por Edgar Rosas<\/p>\n<p><em>En gira por Puebla, Godina Herrera entreg\u00f3 certificados de cancelaci\u00f3n de cr\u00e9ditos<\/em><span id=\"more-69132\"><\/span><\/p>\n<p>El Fondo de la Vivienda del Issste (Fovissste) ha liberado 137,000 hipotecas en lo que va de la actual administraci\u00f3n federal, inform\u00f3 Luis Antonio Godina Herrera, vocal ejecutivo del organismo.<\/p>\n<p>En gira de trabajo por Puebla, Godina Herrera entreg\u00f3 certificados de cancelaciones de hipotecas a derechohabientes beneficiarios del programa Soluci\u00f3n Total. En total, detall\u00f3, se cancelaron hipotecas por un valor de 3 millones 265,000 pesos.<\/p>\n<p>En su intervenci\u00f3n, el Vocal Ejecutivo del Fondo asegur\u00f3 que la cancelaci\u00f3n de hipotecas es un acto de justicia social con la que se da certeza jur\u00eddica a los trabajadores.<\/p>\n<p>En su mensaje, Godina Herrera reiter\u00f3 el compromiso de la instituci\u00f3n que encabeza con los derechohabientes de cara al final de sexenio. Record\u00f3 que el Fondo mantiene un paso firme, y que en 2017 logr\u00f3 un rendimiento de la subcuenta de vivienda de 5.7%, con lo que alcanz\u00f3 un remanente de 11,000 millones de pesos.<\/p>\n","protected":false},"excerpt":{"rendered":"<p>Por Edgar Rosas En gira por Puebla, Godina Herrera entreg\u00f3 certificados de cancelaci\u00f3n de cr\u00e9ditos El Fondo de la Vivienda del Issste (Fovissste) ha liberado 137,000 hipotecas en lo que va de la actual administraci\u00f3n federal, inform\u00f3 Luis Antonio Godina Herrera, vocal ejecutivo del organismo. En gira de trabajo por Puebla, Godina Herrera entreg\u00f3 certificados [&hellip;]<\/p>\n","protected":false},"author":1,"featured_media":3484,"comment_status":"open","ping_status":"open","sticky":false,"template":"","format":"standard","meta":{"site-sidebar-layout":"default","site-content-layout":"","ast-site-content-layout":"default","site-content-style":"default","site-sidebar-style":"default","ast-global-header-display":"","ast-banner-title-visibility":"","ast-main-header-display":"","ast-hfb-above-header-display":"","ast-hfb-below-header-display":"","ast-hfb-mobile-header-display":"","site-post-title":"","ast-breadcrumbs-content":"","ast-featured-img":"","footer-sml-layout":"","ast-disable-related-posts":"","theme-transparent-header-meta":"","adv-header-id-meta":"","stick-header-meta":"","header-above-stick-meta":"","header-main-stick-meta":"","header-below-stick-meta":"","astra-migrate-meta-layouts":"default","ast-page-background-enabled":"default","ast-page-background-meta":{"desktop":{"background-color":"var(--ast-global-color-4)","background-image":"","background-repeat":"repeat","background-position":"center center","background-size":"auto","background-attachment":"scroll","background-type":"","background-media":"","overlay-type":"","overlay-color":"","overlay-opacity":"","overlay-gradient":""},"tablet":{"background-color":"","background-image":"","background-repeat":"repeat","background-position":"center center","background-size":"auto","background-attachment":"scroll","background-type":"","background-media":"","overlay-type":"","overlay-color":"","overlay-opacity":"","overlay-gradient":""},"mobile":{"background-color":"","background-image":"","background-repeat":"repeat","background-position":"center center","background-size":"auto","background-attachment":"scroll","background-type":"","background-media":"","overlay-type":"","overlay-color":"","overlay-opacity":"","overlay-gradient":""}},"ast-content-background-meta":{"desktop":{"background-color":"var(--ast-global-color-5)","background-image":"","background-repeat":"repeat","background-position":"center center","background-size":"auto","background-attachment":"scroll","background-type":"","background-media":"","overlay-type":"","overlay-color":"","overlay-opacity":"","overlay-gradient":""},"tablet":{"background-color":"var(--ast-global-color-5)","background-image":"","background-repeat":"repeat","background-position":"center center","background-size":"auto","background-attachment":"scroll","background-type":"","background-media":"","overlay-type":"","overlay-color":"","overlay-opacity":"","overlay-gradient":""},"mobile":{"background-color":"var(--ast-global-color-5)","background-image":"","background-repeat":"repeat","background-position":"center center","background-size":"auto","background-attachment":"scroll","background-type":"","background-media":"","overlay-type":"","overlay-color":"","overlay-opacity":"","overlay-gradient":""}},"footnotes":""},"categories":[4],"tags":[568,86,111,131,177],"class_list":["post-3483","post","type-post","status-publish","format-standard","has-post-thumbnail","hentry","category-noticias","tag-cancelacion-de-hipotecas","tag-fovissste","tag-luis-antonio-godina-herrera","tag-puebla","tag-vivienda"],"_links":{"self":[{"href":"https:\/\/hombresymujeresdelacasa.com\/home\/wp-json\/wp\/v2\/posts\/3483","targetHints":{"allow":["GET"]}}],"collection":[{"href":"https:\/\/hombresymujeresdelacasa.com\/home\/wp-json\/wp\/v2\/posts"}],"about":[{"href":"https:\/\/hombresymujeresdelacasa.com\/home\/wp-json\/wp\/v2\/types\/post"}],"author":[{"embeddable":true,"href":"https:\/\/hombresymujeresdelacasa.com\/home\/wp-json\/wp\/v2\/users\/1"}],"replies":[{"embeddable":true,"href":"https:\/\/hombresymujeresdelacasa.com\/home\/wp-json\/wp\/v2\/comments?post=3483"}],"version-history":[{"count":1,"href":"https:\/\/hombresymujeresdelacasa.com\/home\/wp-json\/wp\/v2\/posts\/3483\/revisions"}],"predecessor-version":[{"id":3485,"href":"https:\/\/hombresymujeresdelacasa.com\/home\/wp-json\/wp\/v2\/posts\/3483\/revisions\/3485"}],"wp:featuredmedia":[{"embeddable":true,"href":"https:\/\/hombresymujeresdelacasa.com\/home\/wp-json\/wp\/v2\/media\/3484"}],"wp:attachment":[{"href":"https:\/\/hombresymujeresdelacasa.com\/home\/wp-json\/wp\/v2\/media?parent=3483"}],"wp:term":[{"taxonomy":"category","embeddable":true,"href":"https:\/\/hombresymujeresdelacasa.com\/home\/wp-json\/wp\/v2\/categories?post=3483"},{"taxonomy":"post_tag","embeddable":true,"href":"https:\/\/hombresymujeresdelacasa.com\/home\/wp-json\/wp\/v2\/tags?post=3483"}],"curies":[{"name":"wp","href":"https:\/\/api.w.org\/{rel}","templated":true}]}}