{"id":3442,"date":"2018-03-14T14:20:52","date_gmt":"2018-03-14T20:20:52","guid":{"rendered":"http:\/\/hombresymujeresdelacasa.com\/home\/?p=3442"},"modified":"2018-03-15T10:55:44","modified_gmt":"2018-03-15T16:55:44","slug":"mextropoli-abordara-temas-de-vivienda-y-sustentabilidad","status":"publish","type":"post","link":"https:\/\/hombresymujeresdelacasa.com\/home\/mextropoli-abordara-temas-de-vivienda-y-sustentabilidad\/","title":{"rendered":"Mextr\u00f3poli abordar\u00e1 temas de vivienda y sustentabilidad"},"content":{"rendered":"<p>Por Hanae Pacheco<\/p>\n<p><em>Preparan diferentes mesas para hablar sobre las necesidades para construir una mejor ciudad<\/em><span id=\"more-68701\"><\/span><\/p>\n<p>El tema de la vivienda estar\u00e1 tambi\u00e9n presente durante el fin de semana en el festival\u00a0<a href=\"http:\/\/www.mextropoli.mx\/\" target=\"_blank\" rel=\"noopener noreferrer nofollow\"><strong>Mextr\u00f3poli 2018<\/strong><\/a>, con mesas de di\u00e1logo como \u2018Vivienda y territorio sostenible\u2019, la cual se realiza gracias a la alianza se la\u00a0<a href=\"https:\/\/www.gob.mx\/conavi\" target=\"_blank\" rel=\"noopener noreferrer nofollow\"><strong>Comisi\u00f3n Nacional de la Vivienda<\/strong><\/a>\u00a0(Conavi) y<a href=\"https:\/\/www.cemex.com\/\" target=\"_blank\" rel=\"noopener noreferrer nofollow\"><strong>\u00a0Cemex<\/strong><\/a>.<\/p>\n<p>Contar\u00e1 con la participaci\u00f3n de Tomasz Kotecki, Josep Bohigas, Isadora Hastings y Javier Garciadiego como ponentes, quienes abrir\u00e1n la pauta para reflexionar en la vivienda como elemento central de la configuraci\u00f3n de la ciudad; esto a partir del entendimiento de los objetivos que como sociedad queremos alcanzar y en el mejoramiento en t\u00e9rminos globales basados en los par\u00e1metros de sustentabilidad que plantea la Nueva Agenda Urbana.<\/p>\n<p>Esta mesa tendr\u00e1 lugar en el\u00a0<a href=\"http:\/\/www.map.cdmx.gob.mx\/\" target=\"_blank\" rel=\"noopener noreferrer nofollow\"><strong>Museo de Arte Popular,<\/strong><\/a>\u00a0en el centro de la Ciudad de M\u00e9xico, el s\u00e1bado 17 de marzo a las 17:300.<\/p>\n<p>Para el domingo 18 a las 17:00, en el\u00a0<a href=\"http:\/\/www.cultura.cdmx.gob.mx\/el-rule\" target=\"_blank\" rel=\"noopener noreferrer nofollow\"><strong>Centro Cultural El Rule,<\/strong><\/a>\u00a0se tiene planeada la mesa \u2018Urbanizar sin gentrificar: transformaci\u00f3n inclusiva de la ciudad\u2019, con la participaci\u00f3n de Jorge Wolpert, Antonio del Valle, Rodrigo Rivero Borrell, Andr\u00e9s Sa\u00f1udo, Miguel Fern\u00e1ndez Lores y M\u00f3nica Tapia.<\/p>\n<p>Esta mesa girar\u00e1 en torno a la importancia de combatir la desigualdad en las ciudades, uno de los m\u00e1s grandes problemas de este siglo, puesto que hay quienes han pensado que las ciudades pueden ser el medio para reducir la brecha entre los pocos que m\u00e1s tienen y los muchos que tienen muy poco, sin embargo, en muchos casos ha funcionado al rev\u00e9s.<\/p>\n<p>En el mismo horario, pero en el\u00a0<a href=\"http:\/\/eleco.unam.mx\/eleco\/\" target=\"_blank\" rel=\"noopener noreferrer nofollow\"><strong>Museo Experimental El Eco<\/strong><\/a>, se llevar\u00e1 a cabo en alianza con Uber, la mesa \u2018Movilidad urbana\u2019, que pretende discutir c\u00f3mo la ciudadan\u00eda puede transportarse en la CDMX, la importancia del peat\u00f3n, el transporte p\u00fablico y c\u00f3mo influye el autom\u00f3vil.<\/p>\n<p>El tema central ser\u00e1 pensar una ciudad diferente con una movilidad urbana sustentable para tener un menor impacto en el medio ambiente, para lo que implementar tecnolog\u00edas m\u00e1s limpias, transporte de calidad y el uso de la bicicleta son algunas alternativas.<\/p>\n<p>Como ponentes participar\u00e1n On\u00e9simo Flores, Marianely Patl\u00e1n, Hugo Mart\u00ednez McNaught, Rodrigo D\u00edaz y Dana Corres.<\/p>\n","protected":false},"excerpt":{"rendered":"<p>Por Hanae Pacheco Preparan diferentes mesas para hablar sobre las necesidades para construir una mejor ciudad El tema de la vivienda estar\u00e1 tambi\u00e9n presente durante el fin de semana en el festival\u00a0Mextr\u00f3poli 2018, con mesas de di\u00e1logo como \u2018Vivienda y territorio sostenible\u2019, la cual se realiza gracias a la alianza se la\u00a0Comisi\u00f3n Nacional de la [&hellip;]<\/p>\n","protected":false},"author":1,"featured_media":3443,"comment_status":"open","ping_status":"open","sticky":false,"template":"","format":"standard","meta":{"site-sidebar-layout":"default","site-content-layout":"","ast-site-content-layout":"default","site-content-style":"default","site-sidebar-style":"default","ast-global-header-display":"","ast-banner-title-visibility":"","ast-main-header-display":"","ast-hfb-above-header-display":"","ast-hfb-below-header-display":"","ast-hfb-mobile-header-display":"","site-post-title":"","ast-breadcrumbs-content":"","ast-featured-img":"","footer-sml-layout":"","ast-disable-related-posts":"","theme-transparent-header-meta":"","adv-header-id-meta":"","stick-header-meta":"","header-above-stick-meta":"","header-main-stick-meta":"","header-below-stick-meta":"","astra-migrate-meta-layouts":"default","ast-page-background-enabled":"default","ast-page-background-meta":{"desktop":{"background-color":"var(--ast-global-color-4)","background-image":"","background-repeat":"repeat","background-position":"center center","background-size":"auto","background-attachment":"scroll","background-type":"","background-media":"","overlay-type":"","overlay-color":"","overlay-opacity":"","overlay-gradient":""},"tablet":{"background-color":"","background-image":"","background-repeat":"repeat","background-position":"center center","background-size":"auto","background-attachment":"scroll","background-type":"","background-media":"","overlay-type":"","overlay-color":"","overlay-opacity":"","overlay-gradient":""},"mobile":{"background-color":"","background-image":"","background-repeat":"repeat","background-position":"center center","background-size":"auto","background-attachment":"scroll","background-type":"","background-media":"","overlay-type":"","overlay-color":"","overlay-opacity":"","overlay-gradient":""}},"ast-content-background-meta":{"desktop":{"background-color":"var(--ast-global-color-5)","background-image":"","background-repeat":"repeat","background-position":"center center","background-size":"auto","background-attachment":"scroll","background-type":"","background-media":"","overlay-type":"","overlay-color":"","overlay-opacity":"","overlay-gradient":""},"tablet":{"background-color":"var(--ast-global-color-5)","background-image":"","background-repeat":"repeat","background-position":"center center","background-size":"auto","background-attachment":"scroll","background-type":"","background-media":"","overlay-type":"","overlay-color":"","overlay-opacity":"","overlay-gradient":""},"mobile":{"background-color":"var(--ast-global-color-5)","background-image":"","background-repeat":"repeat","background-position":"center center","background-size":"auto","background-attachment":"scroll","background-type":"","background-media":"","overlay-type":"","overlay-color":"","overlay-opacity":"","overlay-gradient":""}},"footnotes":""},"categories":[4],"tags":[41,639,363,49,640,630,641,642,177],"class_list":["post-3442","post","type-post","status-publish","format-standard","has-post-thumbnail","hentry","category-noticias","tag-cdmx","tag-cemex","tag-ciudad-de-mexico","tag-conavi","tag-mextropoli-2018","tag-movilidad","tag-nueva-agenda-urbana","tag-transporte-publico","tag-vivienda"],"_links":{"self":[{"href":"https:\/\/hombresymujeresdelacasa.com\/home\/wp-json\/wp\/v2\/posts\/3442","targetHints":{"allow":["GET"]}}],"collection":[{"href":"https:\/\/hombresymujeresdelacasa.com\/home\/wp-json\/wp\/v2\/posts"}],"about":[{"href":"https:\/\/hombresymujeresdelacasa.com\/home\/wp-json\/wp\/v2\/types\/post"}],"author":[{"embeddable":true,"href":"https:\/\/hombresymujeresdelacasa.com\/home\/wp-json\/wp\/v2\/users\/1"}],"replies":[{"embeddable":true,"href":"https:\/\/hombresymujeresdelacasa.com\/home\/wp-json\/wp\/v2\/comments?post=3442"}],"version-history":[{"count":1,"href":"https:\/\/hombresymujeresdelacasa.com\/home\/wp-json\/wp\/v2\/posts\/3442\/revisions"}],"predecessor-version":[{"id":3444,"href":"https:\/\/hombresymujeresdelacasa.com\/home\/wp-json\/wp\/v2\/posts\/3442\/revisions\/3444"}],"wp:featuredmedia":[{"embeddable":true,"href":"https:\/\/hombresymujeresdelacasa.com\/home\/wp-json\/wp\/v2\/media\/3443"}],"wp:attachment":[{"href":"https:\/\/hombresymujeresdelacasa.com\/home\/wp-json\/wp\/v2\/media?parent=3442"}],"wp:term":[{"taxonomy":"category","embeddable":true,"href":"https:\/\/hombresymujeresdelacasa.com\/home\/wp-json\/wp\/v2\/categories?post=3442"},{"taxonomy":"post_tag","embeddable":true,"href":"https:\/\/hombresymujeresdelacasa.com\/home\/wp-json\/wp\/v2\/tags?post=3442"}],"curies":[{"name":"wp","href":"https:\/\/api.w.org\/{rel}","templated":true}]}}