{"id":3436,"date":"2018-03-13T16:02:46","date_gmt":"2018-03-13T22:02:46","guid":{"rendered":"http:\/\/hombresymujeresdelacasa.com\/home\/?p=3436"},"modified":"2018-03-14T10:40:54","modified_gmt":"2018-03-14T16:40:54","slug":"infonavit-presente-en-mextropoli-2018","status":"publish","type":"post","link":"https:\/\/hombresymujeresdelacasa.com\/home\/infonavit-presente-en-mextropoli-2018\/","title":{"rendered":"Infonavit presente en Mextr\u00f3poli 2018"},"content":{"rendered":"<p>Por Hanae Pacheco<\/p>\n<p><em>Del deterioro al habitante\u2019, proyecto de investigaci\u00f3n que busca mejorar la calidad de las viviendas de autoproducci\u00f3n asistida\u00a0<\/em><span id=\"more-68620\"><\/span><\/p>\n<p>&nbsp;<\/p>\n<p>Durante la quinta edici\u00f3n del festival\u00a0<a href=\"http:\/\/www.mextropoli.mx\/\" target=\"_blank\" rel=\"noopener noreferrer nofollow\"><strong>Mextr\u00f3poli<\/strong><\/a>\u00a0en la\u00a0<a href=\"http:\/\/www.cdmx.gob.mx\/cdmx\" target=\"_blank\" rel=\"noopener noreferrer nofollow\"><strong>Ciudad de M\u00e9xico<\/strong><\/a>, se presentar\u00e1 la exposici\u00f3n \u2018Del deterioro al habitante\u2019, resultado de la investigaci\u00f3n desarrollado por el\u00a0<a href=\"http:\/\/portal.infonavit.org.mx\/wps\/wcm\/connect\/infonavit\/inicio\" target=\"_blank\" rel=\"noopener noreferrer nofollow\"><strong>Infonavit<\/strong><\/a>\u00a0a trav\u00e9s del Centro de Investigaci\u00f3n para el Desarrollo Sostenible (CIDS) y en coordinaci\u00f3n con la Subdirecci\u00f3n General de Cr\u00e9dito.<\/p>\n<p>El proyecto busca mejorar la calidad de las viviendas de autoproducci\u00f3n asistida financiadas por el instituto; se trata de un estudio preciso y riguroso del territorio, cada propuesta presentada da soluci\u00f3n a un problema habitacional cuyo contexto fue lo que defini\u00f3 dicho problema.<\/p>\n<p>Se exhibir\u00e1n 84 propuestas de vivienda de autoproducci\u00f3n asistida desarrollada por 80 despachos de arquitectura, que enfatizan la diversidad de las costumbres y la forma de construir en M\u00e9xico.<\/p>\n<p>La inauguraci\u00f3n de la exposici\u00f3n ser\u00e1 el pr\u00f3ximo s\u00e1bado 17 de marzo a las 12:00 horas en la Alameda Central de la CDMX, y permanecer\u00e1 ah\u00ed hasta el 20 de marzo.<\/p>\n","protected":false},"excerpt":{"rendered":"<p>Por Hanae Pacheco Del deterioro al habitante\u2019, proyecto de investigaci\u00f3n que busca mejorar la calidad de las viviendas de autoproducci\u00f3n asistida\u00a0 &nbsp; Durante la quinta edici\u00f3n del festival\u00a0Mextr\u00f3poli\u00a0en la\u00a0Ciudad de M\u00e9xico, se presentar\u00e1 la exposici\u00f3n \u2018Del deterioro al habitante\u2019, resultado de la investigaci\u00f3n desarrollado por el\u00a0Infonavit\u00a0a trav\u00e9s del Centro de Investigaci\u00f3n para el Desarrollo Sostenible [&hellip;]<\/p>\n","protected":false},"author":1,"featured_media":3437,"comment_status":"open","ping_status":"open","sticky":false,"template":"","format":"standard","meta":{"site-sidebar-layout":"default","site-content-layout":"","ast-site-content-layout":"default","site-content-style":"default","site-sidebar-style":"default","ast-global-header-display":"","ast-banner-title-visibility":"","ast-main-header-display":"","ast-hfb-above-header-display":"","ast-hfb-below-header-display":"","ast-hfb-mobile-header-display":"","site-post-title":"","ast-breadcrumbs-content":"","ast-featured-img":"","footer-sml-layout":"","ast-disable-related-posts":"","theme-transparent-header-meta":"","adv-header-id-meta":"","stick-header-meta":"","header-above-stick-meta":"","header-main-stick-meta":"","header-below-stick-meta":"","astra-migrate-meta-layouts":"default","ast-page-background-enabled":"default","ast-page-background-meta":{"desktop":{"background-color":"var(--ast-global-color-4)","background-image":"","background-repeat":"repeat","background-position":"center center","background-size":"auto","background-attachment":"scroll","background-type":"","background-media":"","overlay-type":"","overlay-color":"","overlay-opacity":"","overlay-gradient":""},"tablet":{"background-color":"","background-image":"","background-repeat":"repeat","background-position":"center center","background-size":"auto","background-attachment":"scroll","background-type":"","background-media":"","overlay-type":"","overlay-color":"","overlay-opacity":"","overlay-gradient":""},"mobile":{"background-color":"","background-image":"","background-repeat":"repeat","background-position":"center center","background-size":"auto","background-attachment":"scroll","background-type":"","background-media":"","overlay-type":"","overlay-color":"","overlay-opacity":"","overlay-gradient":""}},"ast-content-background-meta":{"desktop":{"background-color":"var(--ast-global-color-5)","background-image":"","background-repeat":"repeat","background-position":"center center","background-size":"auto","background-attachment":"scroll","background-type":"","background-media":"","overlay-type":"","overlay-color":"","overlay-opacity":"","overlay-gradient":""},"tablet":{"background-color":"var(--ast-global-color-5)","background-image":"","background-repeat":"repeat","background-position":"center center","background-size":"auto","background-attachment":"scroll","background-type":"","background-media":"","overlay-type":"","overlay-color":"","overlay-opacity":"","overlay-gradient":""},"mobile":{"background-color":"var(--ast-global-color-5)","background-image":"","background-repeat":"repeat","background-position":"center center","background-size":"auto","background-attachment":"scroll","background-type":"","background-media":"","overlay-type":"","overlay-color":"","overlay-opacity":"","overlay-gradient":""}},"footnotes":""},"categories":[4],"tags":[634,41,363,635,636,102,116,637,177],"class_list":["post-3436","post","type-post","status-publish","format-standard","has-post-thumbnail","hentry","category-noticias","tag-alameda-central","tag-cdmx","tag-ciudad-de-mexico","tag-desarrollo-sostenible","tag-exposicion","tag-infonavit","tag-mexico","tag-mextropoli","tag-vivienda"],"_links":{"self":[{"href":"https:\/\/hombresymujeresdelacasa.com\/home\/wp-json\/wp\/v2\/posts\/3436","targetHints":{"allow":["GET"]}}],"collection":[{"href":"https:\/\/hombresymujeresdelacasa.com\/home\/wp-json\/wp\/v2\/posts"}],"about":[{"href":"https:\/\/hombresymujeresdelacasa.com\/home\/wp-json\/wp\/v2\/types\/post"}],"author":[{"embeddable":true,"href":"https:\/\/hombresymujeresdelacasa.com\/home\/wp-json\/wp\/v2\/users\/1"}],"replies":[{"embeddable":true,"href":"https:\/\/hombresymujeresdelacasa.com\/home\/wp-json\/wp\/v2\/comments?post=3436"}],"version-history":[{"count":1,"href":"https:\/\/hombresymujeresdelacasa.com\/home\/wp-json\/wp\/v2\/posts\/3436\/revisions"}],"predecessor-version":[{"id":3438,"href":"https:\/\/hombresymujeresdelacasa.com\/home\/wp-json\/wp\/v2\/posts\/3436\/revisions\/3438"}],"wp:featuredmedia":[{"embeddable":true,"href":"https:\/\/hombresymujeresdelacasa.com\/home\/wp-json\/wp\/v2\/media\/3437"}],"wp:attachment":[{"href":"https:\/\/hombresymujeresdelacasa.com\/home\/wp-json\/wp\/v2\/media?parent=3436"}],"wp:term":[{"taxonomy":"category","embeddable":true,"href":"https:\/\/hombresymujeresdelacasa.com\/home\/wp-json\/wp\/v2\/categories?post=3436"},{"taxonomy":"post_tag","embeddable":true,"href":"https:\/\/hombresymujeresdelacasa.com\/home\/wp-json\/wp\/v2\/tags?post=3436"}],"curies":[{"name":"wp","href":"https:\/\/api.w.org\/{rel}","templated":true}]}}