{"id":3430,"date":"2018-03-12T18:19:22","date_gmt":"2018-03-13T00:19:22","guid":{"rendered":"http:\/\/hombresymujeresdelacasa.com\/home\/?p=3430"},"modified":"2018-03-13T11:08:07","modified_gmt":"2018-03-13T17:08:07","slug":"seduvi-atendera-observaciones-sobre-pgdu","status":"publish","type":"post","link":"https:\/\/hombresymujeresdelacasa.com\/home\/seduvi-atendera-observaciones-sobre-pgdu\/","title":{"rendered":"Seduvi atender\u00e1 observaciones sobre PGDU"},"content":{"rendered":"<p>Por Edgar Rosas<\/p>\n<p><em>El programa que se defina servir\u00e1 para transitar a un nuevo instrumento que incluya las recomendaciones concretadas tras el sismo del 19 de septiembre, as\u00ed como los lineamientos de la constituci\u00f3n capitalina<\/em><span id=\"more-68538\"><\/span><\/p>\n<p>La Secretar\u00eda de Desarrollo Urbano y Vivienda (Seduvi) de la Ciudad de M\u00e9xico atender\u00e1 las observaciones que la Asamblea Legislativa del Distrito Federal (ALFD) haga llegar sobre el Programa General de Desarrollo Urbano (PGDU), se\u00f1al\u00f3 Felipe de Jes\u00fas Guti\u00e9rrez, titular de esta dependencia.<\/p>\n<p>El funcionario record\u00f3 que el proyecto que se proponga servir\u00e1 como instrumento de transici\u00f3n, puesto que ser\u00e1 necesario modificar este marco para adaptarlos a los requerimientos derivados tras el sismo del 19 de septiembre, adem\u00e1s de los conceptos concretados en la Constituci\u00f3n de la capital.<\/p>\n<p>\u201cDerivado del sismo del 19 de septiembre se trabaj\u00f3 con la Asamblea el an\u00e1lisis de las condiciones de riesgo de cada zona de la ciudad, y en el inter se aprob\u00f3 la constituci\u00f3n, por lo cual ser\u00e1 necesario un nuevo marco legal del cual surgir\u00e1n nuevos programas, como el de ordenamiento territorial. En tanto eso sucede, se crea el Instituto de Planeaci\u00f3n y Prospectiva\u201d, detall\u00f3.<\/p>\n<p>El titular de Seduvi se\u00f1al\u00f3 que con la puesta en marcha del programa se actualizar\u00e1 la pol\u00edtica de ordenamiento territorial en la Ciudad de M\u00e9xico.<\/p>\n","protected":false},"excerpt":{"rendered":"<p>Por Edgar Rosas El programa que se defina servir\u00e1 para transitar a un nuevo instrumento que incluya las recomendaciones concretadas tras el sismo del 19 de septiembre, as\u00ed como los lineamientos de la constituci\u00f3n capitalina La Secretar\u00eda de Desarrollo Urbano y Vivienda (Seduvi) de la Ciudad de M\u00e9xico atender\u00e1 las observaciones que la Asamblea Legislativa [&hellip;]<\/p>\n","protected":false},"author":1,"featured_media":3431,"comment_status":"open","ping_status":"open","sticky":false,"template":"","format":"standard","meta":{"site-sidebar-layout":"default","site-content-layout":"","ast-site-content-layout":"default","site-content-style":"default","site-sidebar-style":"default","ast-global-header-display":"","ast-banner-title-visibility":"","ast-main-header-display":"","ast-hfb-above-header-display":"","ast-hfb-below-header-display":"","ast-hfb-mobile-header-display":"","site-post-title":"","ast-breadcrumbs-content":"","ast-featured-img":"","footer-sml-layout":"","ast-disable-related-posts":"","theme-transparent-header-meta":"","adv-header-id-meta":"","stick-header-meta":"","header-above-stick-meta":"","header-main-stick-meta":"","header-below-stick-meta":"","astra-migrate-meta-layouts":"default","ast-page-background-enabled":"default","ast-page-background-meta":{"desktop":{"background-color":"var(--ast-global-color-4)","background-image":"","background-repeat":"repeat","background-position":"center center","background-size":"auto","background-attachment":"scroll","background-type":"","background-media":"","overlay-type":"","overlay-color":"","overlay-opacity":"","overlay-gradient":""},"tablet":{"background-color":"","background-image":"","background-repeat":"repeat","background-position":"center center","background-size":"auto","background-attachment":"scroll","background-type":"","background-media":"","overlay-type":"","overlay-color":"","overlay-opacity":"","overlay-gradient":""},"mobile":{"background-color":"","background-image":"","background-repeat":"repeat","background-position":"center center","background-size":"auto","background-attachment":"scroll","background-type":"","background-media":"","overlay-type":"","overlay-color":"","overlay-opacity":"","overlay-gradient":""}},"ast-content-background-meta":{"desktop":{"background-color":"var(--ast-global-color-5)","background-image":"","background-repeat":"repeat","background-position":"center center","background-size":"auto","background-attachment":"scroll","background-type":"","background-media":"","overlay-type":"","overlay-color":"","overlay-opacity":"","overlay-gradient":""},"tablet":{"background-color":"var(--ast-global-color-5)","background-image":"","background-repeat":"repeat","background-position":"center center","background-size":"auto","background-attachment":"scroll","background-type":"","background-media":"","overlay-type":"","overlay-color":"","overlay-opacity":"","overlay-gradient":""},"mobile":{"background-color":"var(--ast-global-color-5)","background-image":"","background-repeat":"repeat","background-position":"center center","background-size":"auto","background-attachment":"scroll","background-type":"","background-media":"","overlay-type":"","overlay-color":"","overlay-opacity":"","overlay-gradient":""}},"footnotes":""},"categories":[4],"tags":[364,632,231],"class_list":["post-3430","post","type-post","status-publish","format-standard","has-post-thumbnail","hentry","category-noticias","tag-felipe-de-jesus-guitierrez","tag-pgdu","tag-seduvi"],"_links":{"self":[{"href":"https:\/\/hombresymujeresdelacasa.com\/home\/wp-json\/wp\/v2\/posts\/3430","targetHints":{"allow":["GET"]}}],"collection":[{"href":"https:\/\/hombresymujeresdelacasa.com\/home\/wp-json\/wp\/v2\/posts"}],"about":[{"href":"https:\/\/hombresymujeresdelacasa.com\/home\/wp-json\/wp\/v2\/types\/post"}],"author":[{"embeddable":true,"href":"https:\/\/hombresymujeresdelacasa.com\/home\/wp-json\/wp\/v2\/users\/1"}],"replies":[{"embeddable":true,"href":"https:\/\/hombresymujeresdelacasa.com\/home\/wp-json\/wp\/v2\/comments?post=3430"}],"version-history":[{"count":1,"href":"https:\/\/hombresymujeresdelacasa.com\/home\/wp-json\/wp\/v2\/posts\/3430\/revisions"}],"predecessor-version":[{"id":3432,"href":"https:\/\/hombresymujeresdelacasa.com\/home\/wp-json\/wp\/v2\/posts\/3430\/revisions\/3432"}],"wp:featuredmedia":[{"embeddable":true,"href":"https:\/\/hombresymujeresdelacasa.com\/home\/wp-json\/wp\/v2\/media\/3431"}],"wp:attachment":[{"href":"https:\/\/hombresymujeresdelacasa.com\/home\/wp-json\/wp\/v2\/media?parent=3430"}],"wp:term":[{"taxonomy":"category","embeddable":true,"href":"https:\/\/hombresymujeresdelacasa.com\/home\/wp-json\/wp\/v2\/categories?post=3430"},{"taxonomy":"post_tag","embeddable":true,"href":"https:\/\/hombresymujeresdelacasa.com\/home\/wp-json\/wp\/v2\/tags?post=3430"}],"curies":[{"name":"wp","href":"https:\/\/api.w.org\/{rel}","templated":true}]}}