{"id":3407,"date":"2018-03-08T10:57:58","date_gmt":"2018-03-08T16:57:58","guid":{"rendered":"http:\/\/hombresymujeresdelacasa.com\/home\/?p=3407"},"modified":"2018-03-09T11:02:13","modified_gmt":"2018-03-09T17:02:13","slug":"manana-inicia-expo-vivienda-monumento-a-la-revolucion","status":"publish","type":"post","link":"https:\/\/hombresymujeresdelacasa.com\/home\/manana-inicia-expo-vivienda-monumento-a-la-revolucion\/","title":{"rendered":"Ma\u00f1ana inicia Expo Vivienda Monumento a la Revoluci\u00f3n"},"content":{"rendered":"<p>Por Dinorah Nava<\/p>\n<p><em>El objetivo es acercar a los derechohabientes y sociedad en general la oferta de vivienda m\u00e1s representativa del Valle de M\u00e9xico<\/em><span id=\"more-68335\"><\/span><\/p>\n<p>Del 9 al 11 de marzo se llevar\u00e1 a cabo\u00a0la\u00a0<strong>Expo Vivienda Monumento a la Revoluci\u00f3n<\/strong>, evento organizado por la\u00a0<strong>C\u00e1mara Nacional de la Industria de Desarrollo y Promoci\u00f3n de Vivienda (Canadevi)<\/strong>, delegaci\u00f3n Valle de M\u00e9xico, en coordinaci\u00f3n con el Gobierno de la Ciudad de M\u00e9xico,\u00a0<strong>Infonavit<\/strong>\u00a0y\u00a0<strong>Fovissste<\/strong>.<\/p>\n<p>El objetivo es\u00a0acercar a los derechohabientes y sociedad en general la oferta de vivienda m\u00e1s representativa del Valle de M\u00e9xico y estados colindantes, adem\u00e1s de\u00a0generar un espacio de convivencia para que las familias puedan acudir a elegir su patrimonio.<\/p>\n<p>En Expo Vivienda Monumento a la Revoluci\u00f3n, los asistentes encontrar\u00e1n numerosas opciones de vivienda, financiamiento y ahorro, adem\u00e1s que podr\u00e1n participar en la rifa de electrodom\u00e9sticos que\u00a0<strong>Canadevi VM<\/strong>\u00a0tendr\u00e1 para sus visitantes.<\/p>\n<p>Dicho evento se llevar\u00e1 a cabo en la explanada del\u00a0<strong>Monumento a la Revoluci\u00f3n<\/strong>, a partir del\u00a0viernes 9 y hasta el domingo 11 de marzo en un horario de 10:00 a 18:00 hrs. La entrada ser\u00e1 gratuita.<\/p>\n<p>Trasciende que en esta edici\u00f3n participan m\u00e1s de\u00a035 empresas desarrolladoras de vivienda de inter\u00e9s social y media del Valle de M\u00e9xico, que presentar\u00e1n opciones a partir de los\u00a0350,000 y hasta los 2 millones de pesos.<\/p>\n<p>Adem\u00e1s, los organismos nacionales de vivienda como\u00a0Infonavit y Fovissste,\u00a0brindar\u00e1n asesor\u00eda gratuita a los derechohabientes para ejercer su cr\u00e9dito, y resolver\u00e1n dudas respecto a los productos que ofrecen.<\/p>\n","protected":false},"excerpt":{"rendered":"<p>Por Dinorah Nava El objetivo es acercar a los derechohabientes y sociedad en general la oferta de vivienda m\u00e1s representativa del Valle de M\u00e9xico Del 9 al 11 de marzo se llevar\u00e1 a cabo\u00a0la\u00a0Expo Vivienda Monumento a la Revoluci\u00f3n, evento organizado por la\u00a0C\u00e1mara Nacional de la Industria de Desarrollo y Promoci\u00f3n de Vivienda (Canadevi), delegaci\u00f3n [&hellip;]<\/p>\n","protected":false},"author":1,"featured_media":3408,"comment_status":"open","ping_status":"open","sticky":false,"template":"","format":"standard","meta":{"site-sidebar-layout":"default","site-content-layout":"","ast-site-content-layout":"default","site-content-style":"default","site-sidebar-style":"default","ast-global-header-display":"","ast-banner-title-visibility":"","ast-main-header-display":"","ast-hfb-above-header-display":"","ast-hfb-below-header-display":"","ast-hfb-mobile-header-display":"","site-post-title":"","ast-breadcrumbs-content":"","ast-featured-img":"","footer-sml-layout":"","ast-disable-related-posts":"","theme-transparent-header-meta":"","adv-header-id-meta":"","stick-header-meta":"","header-above-stick-meta":"","header-main-stick-meta":"","header-below-stick-meta":"","astra-migrate-meta-layouts":"default","ast-page-background-enabled":"default","ast-page-background-meta":{"desktop":{"background-color":"var(--ast-global-color-4)","background-image":"","background-repeat":"repeat","background-position":"center center","background-size":"auto","background-attachment":"scroll","background-type":"","background-media":"","overlay-type":"","overlay-color":"","overlay-opacity":"","overlay-gradient":""},"tablet":{"background-color":"","background-image":"","background-repeat":"repeat","background-position":"center center","background-size":"auto","background-attachment":"scroll","background-type":"","background-media":"","overlay-type":"","overlay-color":"","overlay-opacity":"","overlay-gradient":""},"mobile":{"background-color":"","background-image":"","background-repeat":"repeat","background-position":"center center","background-size":"auto","background-attachment":"scroll","background-type":"","background-media":"","overlay-type":"","overlay-color":"","overlay-opacity":"","overlay-gradient":""}},"ast-content-background-meta":{"desktop":{"background-color":"var(--ast-global-color-5)","background-image":"","background-repeat":"repeat","background-position":"center center","background-size":"auto","background-attachment":"scroll","background-type":"","background-media":"","overlay-type":"","overlay-color":"","overlay-opacity":"","overlay-gradient":""},"tablet":{"background-color":"var(--ast-global-color-5)","background-image":"","background-repeat":"repeat","background-position":"center center","background-size":"auto","background-attachment":"scroll","background-type":"","background-media":"","overlay-type":"","overlay-color":"","overlay-opacity":"","overlay-gradient":""},"mobile":{"background-color":"var(--ast-global-color-5)","background-image":"","background-repeat":"repeat","background-position":"center center","background-size":"auto","background-attachment":"scroll","background-type":"","background-media":"","overlay-type":"","overlay-color":"","overlay-opacity":"","overlay-gradient":""}},"footnotes":""},"categories":[4],"tags":[34,475,618,619,86,102,620,621,177],"class_list":["post-3407","post","type-post","status-publish","format-standard","has-post-thumbnail","hentry","category-noticias","tag-canadevi","tag-canadevi-valle-de-mexico","tag-derechohabientes","tag-expo-vivienda-monumento-a-la-revolucion","tag-fovissste","tag-infonavit","tag-interes-social","tag-monumento-a-la-revolucion","tag-vivienda"],"_links":{"self":[{"href":"https:\/\/hombresymujeresdelacasa.com\/home\/wp-json\/wp\/v2\/posts\/3407","targetHints":{"allow":["GET"]}}],"collection":[{"href":"https:\/\/hombresymujeresdelacasa.com\/home\/wp-json\/wp\/v2\/posts"}],"about":[{"href":"https:\/\/hombresymujeresdelacasa.com\/home\/wp-json\/wp\/v2\/types\/post"}],"author":[{"embeddable":true,"href":"https:\/\/hombresymujeresdelacasa.com\/home\/wp-json\/wp\/v2\/users\/1"}],"replies":[{"embeddable":true,"href":"https:\/\/hombresymujeresdelacasa.com\/home\/wp-json\/wp\/v2\/comments?post=3407"}],"version-history":[{"count":1,"href":"https:\/\/hombresymujeresdelacasa.com\/home\/wp-json\/wp\/v2\/posts\/3407\/revisions"}],"predecessor-version":[{"id":3409,"href":"https:\/\/hombresymujeresdelacasa.com\/home\/wp-json\/wp\/v2\/posts\/3407\/revisions\/3409"}],"wp:featuredmedia":[{"embeddable":true,"href":"https:\/\/hombresymujeresdelacasa.com\/home\/wp-json\/wp\/v2\/media\/3408"}],"wp:attachment":[{"href":"https:\/\/hombresymujeresdelacasa.com\/home\/wp-json\/wp\/v2\/media?parent=3407"}],"wp:term":[{"taxonomy":"category","embeddable":true,"href":"https:\/\/hombresymujeresdelacasa.com\/home\/wp-json\/wp\/v2\/categories?post=3407"},{"taxonomy":"post_tag","embeddable":true,"href":"https:\/\/hombresymujeresdelacasa.com\/home\/wp-json\/wp\/v2\/tags?post=3407"}],"curies":[{"name":"wp","href":"https:\/\/api.w.org\/{rel}","templated":true}]}}