{"id":3376,"date":"2018-03-05T14:24:38","date_gmt":"2018-03-05T20:24:38","guid":{"rendered":"http:\/\/hombresymujeresdelacasa.com\/home\/?p=3376"},"modified":"2018-03-05T14:24:38","modified_gmt":"2018-03-05T20:24:38","slug":"conavi-aumento-presupuesto-para-vivienda-en-campeche","status":"publish","type":"post","link":"https:\/\/hombresymujeresdelacasa.com\/home\/conavi-aumento-presupuesto-para-vivienda-en-campeche\/","title":{"rendered":"Conavi aument\u00f3 presupuesto para vivienda en Campeche"},"content":{"rendered":"<p>Por Hanae Pacheco<\/p>\n<p><em>Anunciaron una inversi\u00f3n de casi 82 mdp en el programa Autoproducci\u00f3n, adem\u00e1s de la la construcci\u00f3n de casas para no afiliados al Infonavit<\/em><span id=\"more-68053\"><\/span><\/p>\n<p>Jorge Wolpert Kuri, director general de la\u00a0<a href=\"https:\/\/www.gob.mx\/conavi\" target=\"_blank\" rel=\"noopener noreferrer nofollow\"><strong>Comisi\u00f3n Nacional de Vivienda<\/strong><\/a>\u00a0(Conavi), junto con Alejandro Moreno C\u00e1rdenas, gobernador de<a href=\"https:\/\/www.campeche.gob.mx\/\" target=\"_blank\" rel=\"noopener noreferrer nofollow\"><strong>\u00a0Campeche<\/strong><\/a>, entregaron 555 viviendas del programa de Autoproducci\u00f3n, lo que represent\u00f3 una inversi\u00f3n de casi 82 millones de pesos.<\/p>\n<p>Adem\u00e1s de esto, el gobernador anunci\u00f3 la construcci\u00f3n de 1,000 casas m\u00e1s para beneficiar a familias que no est\u00e9n afiliadas al\u00a0<a href=\"http:\/\/portal.infonavit.org.mx\/wps\/wcm\/connect\/infonavit\/inicio\" target=\"_blank\" rel=\"noopener noreferrer nofollow\"><strong>Infonavit<\/strong><\/a>, que tendr\u00e1n un costo de 350,000 y 450,000 pesos, y otras 150 tipo maya para habitantes del municipio de Tenabo, que recibir\u00e1n un subsidio de los gobiernos federal, estatal y municipal de aproximadamente 95 por ciento.<\/p>\n<p>Explic\u00f3 que, en lo que va de su gesti\u00f3n, se han utilizado m\u00e1s de 777 millones de pesos en la edificaci\u00f3n de m\u00e1s de 4,000 viviendas y otras 3,300 que est\u00e1n en proceso, inversi\u00f3n que han gestionado con empresarios y los tres \u00f3rdenes de gobierno.<\/p>\n<p>De igual forma, el mandatario estatal y el director de la Conavi, se dieron a la tarea de entregar certificados de subsidio y llaves de viviendas a 181 familias del municipio de Candelaria, 100 de Tenabo, 99 de Calakmul, 76 de Campeche, 45 de Calkin\u00ed, 36 de Esc\u00e1rcega, 10 de Champot\u00f3n y ocho de Carmen.<\/p>\n<p>Durante su intervenci\u00f3n, Jorge Wolpert sostuvo que el programa de Autoproducci\u00f3n, que siempre hab\u00eda recibido el 10% del presupuesto de la Conavi, en el 2017 destin\u00f3 el 20%, lo que contribuy\u00f3 a beneficiar a un mayor n\u00famero de mexicanos. Adem\u00e1s, indic\u00f3 que este a\u00f1o iniciar\u00e1 un programa que promueve la sustentabilidad y la construcci\u00f3n de vivienda vertical y otro que apoyar\u00e1 a las familias que no est\u00e1n afiliadas al Infonavit ni al Fovissste.<\/p>\n<p>Oswaldo Humberto Sierra Villajuana, director general de la\u00a0<a href=\"http:\/\/www.codesvi.gob.mx\/\" target=\"_blank\" rel=\"noopener noreferrer nofollow\"><strong>Comisi\u00f3n Estatal de Desarrollo de Suelo y Vivienda<\/strong><\/a>\u00a0(Codesvi), resalt\u00f3 que, a 30 meses de haber iniciado el Programa de Vivienda Estatal, se han ejecutado m\u00e1s de 6,700 acciones en beneficio directo de 27,000 habitantes de Campeche, con una derrama econ\u00f3mica de m\u00e1s de 410 millones de pesos.<\/p>\n<p>Finalmente, se\u00f1al\u00f3 que las acciones de vivienda se han ejecutado en m\u00e1s de 208 comunidades de los 11 municipios, lo que representa una cobertura territorial del 89 por ciento.<\/p>\n","protected":false},"excerpt":{"rendered":"<p>Por Hanae Pacheco Anunciaron una inversi\u00f3n de casi 82 mdp en el programa Autoproducci\u00f3n, adem\u00e1s de la la construcci\u00f3n de casas para no afiliados al Infonavit Jorge Wolpert Kuri, director general de la\u00a0Comisi\u00f3n Nacional de Vivienda\u00a0(Conavi), junto con Alejandro Moreno C\u00e1rdenas, gobernador de\u00a0Campeche, entregaron 555 viviendas del programa de Autoproducci\u00f3n, lo que represent\u00f3 una inversi\u00f3n [&hellip;]<\/p>\n","protected":false},"author":1,"featured_media":3377,"comment_status":"open","ping_status":"open","sticky":false,"template":"","format":"standard","meta":{"site-sidebar-layout":"default","site-content-layout":"","ast-site-content-layout":"default","site-content-style":"default","site-sidebar-style":"default","ast-global-header-display":"","ast-banner-title-visibility":"","ast-main-header-display":"","ast-hfb-above-header-display":"","ast-hfb-below-header-display":"","ast-hfb-mobile-header-display":"","site-post-title":"","ast-breadcrumbs-content":"","ast-featured-img":"","footer-sml-layout":"","ast-disable-related-posts":"","theme-transparent-header-meta":"","adv-header-id-meta":"","stick-header-meta":"","header-above-stick-meta":"","header-main-stick-meta":"","header-below-stick-meta":"","astra-migrate-meta-layouts":"default","ast-page-background-enabled":"default","ast-page-background-meta":{"desktop":{"background-color":"var(--ast-global-color-4)","background-image":"","background-repeat":"repeat","background-position":"center center","background-size":"auto","background-attachment":"scroll","background-type":"","background-media":"","overlay-type":"","overlay-color":"","overlay-opacity":"","overlay-gradient":""},"tablet":{"background-color":"","background-image":"","background-repeat":"repeat","background-position":"center center","background-size":"auto","background-attachment":"scroll","background-type":"","background-media":"","overlay-type":"","overlay-color":"","overlay-opacity":"","overlay-gradient":""},"mobile":{"background-color":"","background-image":"","background-repeat":"repeat","background-position":"center center","background-size":"auto","background-attachment":"scroll","background-type":"","background-media":"","overlay-type":"","overlay-color":"","overlay-opacity":"","overlay-gradient":""}},"ast-content-background-meta":{"desktop":{"background-color":"var(--ast-global-color-5)","background-image":"","background-repeat":"repeat","background-position":"center center","background-size":"auto","background-attachment":"scroll","background-type":"","background-media":"","overlay-type":"","overlay-color":"","overlay-opacity":"","overlay-gradient":""},"tablet":{"background-color":"var(--ast-global-color-5)","background-image":"","background-repeat":"repeat","background-position":"center center","background-size":"auto","background-attachment":"scroll","background-type":"","background-media":"","overlay-type":"","overlay-color":"","overlay-opacity":"","overlay-gradient":""},"mobile":{"background-color":"var(--ast-global-color-5)","background-image":"","background-repeat":"repeat","background-position":"center center","background-size":"auto","background-attachment":"scroll","background-type":"","background-media":"","overlay-type":"","overlay-color":"","overlay-opacity":"","overlay-gradient":""}},"footnotes":""},"categories":[4],"tags":[21,33,455,86,102,539,177],"class_list":["post-3376","post","type-post","status-publish","format-standard","has-post-thumbnail","hentry","category-noticias","tag-autoproduccion","tag-campeche","tag-comision-nacional-de-vivienda","tag-fovissste","tag-infonavit","tag-no-afiliados","tag-vivienda"],"_links":{"self":[{"href":"https:\/\/hombresymujeresdelacasa.com\/home\/wp-json\/wp\/v2\/posts\/3376","targetHints":{"allow":["GET"]}}],"collection":[{"href":"https:\/\/hombresymujeresdelacasa.com\/home\/wp-json\/wp\/v2\/posts"}],"about":[{"href":"https:\/\/hombresymujeresdelacasa.com\/home\/wp-json\/wp\/v2\/types\/post"}],"author":[{"embeddable":true,"href":"https:\/\/hombresymujeresdelacasa.com\/home\/wp-json\/wp\/v2\/users\/1"}],"replies":[{"embeddable":true,"href":"https:\/\/hombresymujeresdelacasa.com\/home\/wp-json\/wp\/v2\/comments?post=3376"}],"version-history":[{"count":1,"href":"https:\/\/hombresymujeresdelacasa.com\/home\/wp-json\/wp\/v2\/posts\/3376\/revisions"}],"predecessor-version":[{"id":3378,"href":"https:\/\/hombresymujeresdelacasa.com\/home\/wp-json\/wp\/v2\/posts\/3376\/revisions\/3378"}],"wp:featuredmedia":[{"embeddable":true,"href":"https:\/\/hombresymujeresdelacasa.com\/home\/wp-json\/wp\/v2\/media\/3377"}],"wp:attachment":[{"href":"https:\/\/hombresymujeresdelacasa.com\/home\/wp-json\/wp\/v2\/media?parent=3376"}],"wp:term":[{"taxonomy":"category","embeddable":true,"href":"https:\/\/hombresymujeresdelacasa.com\/home\/wp-json\/wp\/v2\/categories?post=3376"},{"taxonomy":"post_tag","embeddable":true,"href":"https:\/\/hombresymujeresdelacasa.com\/home\/wp-json\/wp\/v2\/tags?post=3376"}],"curies":[{"name":"wp","href":"https:\/\/api.w.org\/{rel}","templated":true}]}}