{"id":3331,"date":"2018-02-27T10:56:34","date_gmt":"2018-02-27T16:56:34","guid":{"rendered":"http:\/\/hombresymujeresdelacasa.com\/home\/?p=3331"},"modified":"2018-02-27T10:56:34","modified_gmt":"2018-02-27T16:56:34","slug":"infonavit-va-por-derrama-de-8-5-mmdp-en-veracruz","status":"publish","type":"post","link":"https:\/\/hombresymujeresdelacasa.com\/home\/infonavit-va-por-derrama-de-8-5-mmdp-en-veracruz\/","title":{"rendered":"Infonavit va por derrama de 8.5 mmdp en Veracruz"},"content":{"rendered":"<p>Por Edgar Rosas<\/p>\n<p><em>En gira por esta entidad, David Penchyna firm\u00f3 el Convenio de Coordinaci\u00f3n y Colaboraci\u00f3n para el Fomento y Mejoramiento de la Vivienda<\/em><span id=\"more-67799\"><\/span><\/p>\n<p>Para 2018, la meta del Instituto del Fondo Nacional de la Vivienda para los trabajadores ser\u00e1 colocar 19,500 financiamientos en Veracruz, con lo que prev\u00e9 generar una derrama del orden de los 8,500 millones de pesos.<\/p>\n<p>As\u00ed lo inform\u00f3 David Penchyna Grub, director general del organismo, quien se\u00f1al\u00f3 que el Instituto cerr\u00f3 2017 con 18,264 cr\u00e9ditos desplazados, lo que represent\u00f3 una inversi\u00f3n de 7,712 millones de pesos.<\/p>\n<p>En gira por la entidad, el directivo se\u00f1al\u00f3 que el organismo que encabeza mantendr\u00e1 la tarea de fortalecer su acci\u00f3n. Record\u00f3 que en la actual administraci\u00f3n se han concretado cambios importantes, que han redirigido el enfoque del Instituto.<\/p>\n<p>\u201cHoy el Infonavit est\u00e1 m\u00e1s fuerte que nunca y esto es un logro de todos, pero no podemos darnos el lujo de parar porque la demanda de vivienda sigue creciendo d\u00eda con d\u00eda al igual que las necesidades de los trabajadores; por ejemplo, hoy se devuelven los recursos de los derechohabientes fallecidos a sus familiares, sin necesidad de un juicio, sin costo y sin burocracia, como antes, y en este rubro, tan s\u00f3lo en un mes de implementaci\u00f3n de esta medida, llevamos m\u00e1s de 2,900 casos resueltos, y queremos abatir los 30,000 que tenemos pendientes\u201d, se\u00f1al\u00f3.<\/p>\n<p>Durante su estancia en la entidad, Penchyna Grub firm\u00f3 el \u2018Convenio de Coordinaci\u00f3n y Colaboraci\u00f3n para el Fomento y Mejoramiento de la Vivienda en el Estado de Veracruz\u2019. Con este acuerdo, se\u00f1al\u00f3, se abre las puertas para acceder a un cr\u00e9dito de autoproducci\u00f3n asistida de vivienda en terreno propio.<\/p>\n","protected":false},"excerpt":{"rendered":"<p>Por Edgar Rosas En gira por esta entidad, David Penchyna firm\u00f3 el Convenio de Coordinaci\u00f3n y Colaboraci\u00f3n para el Fomento y Mejoramiento de la Vivienda Para 2018, la meta del Instituto del Fondo Nacional de la Vivienda para los trabajadores ser\u00e1 colocar 19,500 financiamientos en Veracruz, con lo que prev\u00e9 generar una derrama del orden [&hellip;]<\/p>\n","protected":false},"author":1,"featured_media":3332,"comment_status":"open","ping_status":"open","sticky":false,"template":"","format":"standard","meta":{"site-sidebar-layout":"default","site-content-layout":"","ast-site-content-layout":"default","site-content-style":"default","site-sidebar-style":"default","ast-global-header-display":"","ast-banner-title-visibility":"","ast-main-header-display":"","ast-hfb-above-header-display":"","ast-hfb-below-header-display":"","ast-hfb-mobile-header-display":"","site-post-title":"","ast-breadcrumbs-content":"","ast-featured-img":"","footer-sml-layout":"","ast-disable-related-posts":"","theme-transparent-header-meta":"","adv-header-id-meta":"","stick-header-meta":"","header-above-stick-meta":"","header-main-stick-meta":"","header-below-stick-meta":"","astra-migrate-meta-layouts":"default","ast-page-background-enabled":"default","ast-page-background-meta":{"desktop":{"background-color":"var(--ast-global-color-4)","background-image":"","background-repeat":"repeat","background-position":"center center","background-size":"auto","background-attachment":"scroll","background-type":"","background-media":"","overlay-type":"","overlay-color":"","overlay-opacity":"","overlay-gradient":""},"tablet":{"background-color":"","background-image":"","background-repeat":"repeat","background-position":"center center","background-size":"auto","background-attachment":"scroll","background-type":"","background-media":"","overlay-type":"","overlay-color":"","overlay-opacity":"","overlay-gradient":""},"mobile":{"background-color":"","background-image":"","background-repeat":"repeat","background-position":"center center","background-size":"auto","background-attachment":"scroll","background-type":"","background-media":"","overlay-type":"","overlay-color":"","overlay-opacity":"","overlay-gradient":""}},"ast-content-background-meta":{"desktop":{"background-color":"var(--ast-global-color-5)","background-image":"","background-repeat":"repeat","background-position":"center center","background-size":"auto","background-attachment":"scroll","background-type":"","background-media":"","overlay-type":"","overlay-color":"","overlay-opacity":"","overlay-gradient":""},"tablet":{"background-color":"var(--ast-global-color-5)","background-image":"","background-repeat":"repeat","background-position":"center center","background-size":"auto","background-attachment":"scroll","background-type":"","background-media":"","overlay-type":"","overlay-color":"","overlay-opacity":"","overlay-gradient":""},"mobile":{"background-color":"var(--ast-global-color-5)","background-image":"","background-repeat":"repeat","background-position":"center center","background-size":"auto","background-attachment":"scroll","background-type":"","background-media":"","overlay-type":"","overlay-color":"","overlay-opacity":"","overlay-gradient":""}},"footnotes":""},"categories":[4],"tags":[60,102,599,177],"class_list":["post-3331","post","type-post","status-publish","format-standard","has-post-thumbnail","hentry","category-noticias","tag-david-penchyna-grub","tag-infonavit","tag-veracruz","tag-vivienda"],"_links":{"self":[{"href":"https:\/\/hombresymujeresdelacasa.com\/home\/wp-json\/wp\/v2\/posts\/3331","targetHints":{"allow":["GET"]}}],"collection":[{"href":"https:\/\/hombresymujeresdelacasa.com\/home\/wp-json\/wp\/v2\/posts"}],"about":[{"href":"https:\/\/hombresymujeresdelacasa.com\/home\/wp-json\/wp\/v2\/types\/post"}],"author":[{"embeddable":true,"href":"https:\/\/hombresymujeresdelacasa.com\/home\/wp-json\/wp\/v2\/users\/1"}],"replies":[{"embeddable":true,"href":"https:\/\/hombresymujeresdelacasa.com\/home\/wp-json\/wp\/v2\/comments?post=3331"}],"version-history":[{"count":1,"href":"https:\/\/hombresymujeresdelacasa.com\/home\/wp-json\/wp\/v2\/posts\/3331\/revisions"}],"predecessor-version":[{"id":3333,"href":"https:\/\/hombresymujeresdelacasa.com\/home\/wp-json\/wp\/v2\/posts\/3331\/revisions\/3333"}],"wp:featuredmedia":[{"embeddable":true,"href":"https:\/\/hombresymujeresdelacasa.com\/home\/wp-json\/wp\/v2\/media\/3332"}],"wp:attachment":[{"href":"https:\/\/hombresymujeresdelacasa.com\/home\/wp-json\/wp\/v2\/media?parent=3331"}],"wp:term":[{"taxonomy":"category","embeddable":true,"href":"https:\/\/hombresymujeresdelacasa.com\/home\/wp-json\/wp\/v2\/categories?post=3331"},{"taxonomy":"post_tag","embeddable":true,"href":"https:\/\/hombresymujeresdelacasa.com\/home\/wp-json\/wp\/v2\/tags?post=3331"}],"curies":[{"name":"wp","href":"https:\/\/api.w.org\/{rel}","templated":true}]}}