{"id":3316,"date":"2018-02-23T12:54:06","date_gmt":"2018-02-23T18:54:06","guid":{"rendered":"http:\/\/hombresymujeresdelacasa.com\/home\/?p=3316"},"modified":"2018-02-23T12:54:06","modified_gmt":"2018-02-23T18:54:06","slug":"logra-infonavit-cifra-record-en-recaudacion-durante-enero","status":"publish","type":"post","link":"https:\/\/hombresymujeresdelacasa.com\/home\/logra-infonavit-cifra-record-en-recaudacion-durante-enero\/","title":{"rendered":"Logra Infonavit cifra r\u00e9cord en recaudaci\u00f3n durante enero"},"content":{"rendered":"<p>Por Egdar Rosas<\/p>\n<p><em>A decir de David Penchyna, este es el mejor arranque en recaudaci\u00f3n fiscal desde 2008<\/em><span id=\"more-67658\"><\/span><\/p>\n<p>Durante enero, el Instituto del Fondo Nacional de la Vivienda para los Trabajadores (Infonavit) recaud\u00f3 779 millones de pesos m\u00e1s, lo que representa un incremento de 21.7% en relaci\u00f3n a lo obtenido en enero, pero de 2017.<\/p>\n<p>De acuerdo con David Penchyna Grub, director general del organismo, este aumento fue impulsado por la alta generaci\u00f3n de empleo que se ha registrado, as\u00ed como los acuerdos que se han establecido con diversos actores en aras de velar por el pago oportuno y puntual de las aportaciones laborales.<\/p>\n<p>\u201cHoy tenemos un Instituto que ha superado todas sus metas, las de colocaci\u00f3n de cr\u00e9dito, recaudaci\u00f3n y de rendimiento de la Subcuenta de la Vivienda; recursos que cuando un trabajador se retira, independientemente de lo que tenga en su AFORE y en su pensi\u00f3n, sirve como un ahorro a lo largo de su vida\u201d, dijo.<\/p>\n<p>Penchyna Grub se\u00f1al\u00f3 que en Infonavit se ha puesto \u00e9nfasis en la mejora de los servicios digitales, como es el caso del portal empresarial y el uso de la firma electr\u00f3nica, con lo que se eficiente el pago de las aportaciones patronales.<\/p>\n","protected":false},"excerpt":{"rendered":"<p>Por Egdar Rosas A decir de David Penchyna, este es el mejor arranque en recaudaci\u00f3n fiscal desde 2008 Durante enero, el Instituto del Fondo Nacional de la Vivienda para los Trabajadores (Infonavit) recaud\u00f3 779 millones de pesos m\u00e1s, lo que representa un incremento de 21.7% en relaci\u00f3n a lo obtenido en enero, pero de 2017. [&hellip;]<\/p>\n","protected":false},"author":1,"featured_media":3317,"comment_status":"open","ping_status":"open","sticky":false,"template":"","format":"standard","meta":{"site-sidebar-layout":"default","site-content-layout":"","ast-site-content-layout":"default","site-content-style":"default","site-sidebar-style":"default","ast-global-header-display":"","ast-banner-title-visibility":"","ast-main-header-display":"","ast-hfb-above-header-display":"","ast-hfb-below-header-display":"","ast-hfb-mobile-header-display":"","site-post-title":"","ast-breadcrumbs-content":"","ast-featured-img":"","footer-sml-layout":"","ast-disable-related-posts":"","theme-transparent-header-meta":"","adv-header-id-meta":"","stick-header-meta":"","header-above-stick-meta":"","header-main-stick-meta":"","header-below-stick-meta":"","astra-migrate-meta-layouts":"default","ast-page-background-enabled":"default","ast-page-background-meta":{"desktop":{"background-color":"var(--ast-global-color-4)","background-image":"","background-repeat":"repeat","background-position":"center center","background-size":"auto","background-attachment":"scroll","background-type":"","background-media":"","overlay-type":"","overlay-color":"","overlay-opacity":"","overlay-gradient":""},"tablet":{"background-color":"","background-image":"","background-repeat":"repeat","background-position":"center center","background-size":"auto","background-attachment":"scroll","background-type":"","background-media":"","overlay-type":"","overlay-color":"","overlay-opacity":"","overlay-gradient":""},"mobile":{"background-color":"","background-image":"","background-repeat":"repeat","background-position":"center center","background-size":"auto","background-attachment":"scroll","background-type":"","background-media":"","overlay-type":"","overlay-color":"","overlay-opacity":"","overlay-gradient":""}},"ast-content-background-meta":{"desktop":{"background-color":"var(--ast-global-color-5)","background-image":"","background-repeat":"repeat","background-position":"center center","background-size":"auto","background-attachment":"scroll","background-type":"","background-media":"","overlay-type":"","overlay-color":"","overlay-opacity":"","overlay-gradient":""},"tablet":{"background-color":"var(--ast-global-color-5)","background-image":"","background-repeat":"repeat","background-position":"center center","background-size":"auto","background-attachment":"scroll","background-type":"","background-media":"","overlay-type":"","overlay-color":"","overlay-opacity":"","overlay-gradient":""},"mobile":{"background-color":"var(--ast-global-color-5)","background-image":"","background-repeat":"repeat","background-position":"center center","background-size":"auto","background-attachment":"scroll","background-type":"","background-media":"","overlay-type":"","overlay-color":"","overlay-opacity":"","overlay-gradient":""}},"footnotes":""},"categories":[4],"tags":[102,597,177],"class_list":["post-3316","post","type-post","status-publish","format-standard","has-post-thumbnail","hentry","category-noticias","tag-infonavit","tag-recaudacion-fiscal","tag-vivienda"],"_links":{"self":[{"href":"https:\/\/hombresymujeresdelacasa.com\/home\/wp-json\/wp\/v2\/posts\/3316","targetHints":{"allow":["GET"]}}],"collection":[{"href":"https:\/\/hombresymujeresdelacasa.com\/home\/wp-json\/wp\/v2\/posts"}],"about":[{"href":"https:\/\/hombresymujeresdelacasa.com\/home\/wp-json\/wp\/v2\/types\/post"}],"author":[{"embeddable":true,"href":"https:\/\/hombresymujeresdelacasa.com\/home\/wp-json\/wp\/v2\/users\/1"}],"replies":[{"embeddable":true,"href":"https:\/\/hombresymujeresdelacasa.com\/home\/wp-json\/wp\/v2\/comments?post=3316"}],"version-history":[{"count":1,"href":"https:\/\/hombresymujeresdelacasa.com\/home\/wp-json\/wp\/v2\/posts\/3316\/revisions"}],"predecessor-version":[{"id":3318,"href":"https:\/\/hombresymujeresdelacasa.com\/home\/wp-json\/wp\/v2\/posts\/3316\/revisions\/3318"}],"wp:featuredmedia":[{"embeddable":true,"href":"https:\/\/hombresymujeresdelacasa.com\/home\/wp-json\/wp\/v2\/media\/3317"}],"wp:attachment":[{"href":"https:\/\/hombresymujeresdelacasa.com\/home\/wp-json\/wp\/v2\/media?parent=3316"}],"wp:term":[{"taxonomy":"category","embeddable":true,"href":"https:\/\/hombresymujeresdelacasa.com\/home\/wp-json\/wp\/v2\/categories?post=3316"},{"taxonomy":"post_tag","embeddable":true,"href":"https:\/\/hombresymujeresdelacasa.com\/home\/wp-json\/wp\/v2\/tags?post=3316"}],"curies":[{"name":"wp","href":"https:\/\/api.w.org\/{rel}","templated":true}]}}