{"id":3309,"date":"2018-02-22T10:37:59","date_gmt":"2018-02-22T16:37:59","guid":{"rendered":"http:\/\/hombresymujeresdelacasa.com\/home\/?p=3309"},"modified":"2018-02-23T10:45:42","modified_gmt":"2018-02-23T16:45:42","slug":"nombra-rosario-robles-nuevo-titular-del-insus","status":"publish","type":"post","link":"https:\/\/hombresymujeresdelacasa.com\/home\/nombra-rosario-robles-nuevo-titular-del-insus\/","title":{"rendered":"Nombra Rosario Robles nuevo titular del Insus"},"content":{"rendered":"<p>Por Edgar Rosas<\/p>\n<p><em>La funcionaria tambi\u00e9n design\u00f3 al nuevo responsable de la subsecretar\u00eda de Desarrollo Urbano y Vivienda<\/em><span id=\"more-67565\"><\/span><\/p>\n<p>La titular de la Secretar\u00eda de Desarrollo Agrario, Territorial y Urbano (Sedatu), Rosario Robles Berlanga, design\u00f3 a los nuevos titulares de la subsecretar\u00eda de Desarrollo Urbano y Vivienda, as\u00ed como del Instituto Nacional del Suelo Sustentable (Insus).<\/p>\n<p>La funcionaria tom\u00f3 protesta a Cesar Castellanos Gald\u00e1mez como subsecretario de Desarrollo Urbano y Vivienda; y Gerardo Hern\u00e1ndez Tapia, como titular del Insus.<\/p>\n<p>Entre las designaciones se encuentran: la de Efr\u00e9n Leyva Acevedo como director del Fideicomiso Fondo Nacional de Fomento Ejidal, (Fifonafe) y a Xavier Lazcano D\u00edaz como el titular de la Unidad de Utilizaci\u00f3n de Suelo para Proyectos en Energ\u00eda e Inversiones F\u00edsicas de los Fondos Mineros (Useifom).<\/p>\n<p>Durante el acto, la funcionaria llam\u00f3 a los nuevos funcionarios \u201ca contribuir en el esfuerzo para que la Sedatu esta secretar\u00eda consolide la fortaleza, la presencia y el impacto que el Presidente de la Rep\u00fablica, Enrique Pe\u00f1a Nieto instruy\u00f3.<\/p>\n","protected":false},"excerpt":{"rendered":"<p>Por Edgar Rosas La funcionaria tambi\u00e9n design\u00f3 al nuevo responsable de la subsecretar\u00eda de Desarrollo Urbano y Vivienda La titular de la Secretar\u00eda de Desarrollo Agrario, Territorial y Urbano (Sedatu), Rosario Robles Berlanga, design\u00f3 a los nuevos titulares de la subsecretar\u00eda de Desarrollo Urbano y Vivienda, as\u00ed como del Instituto Nacional del Suelo Sustentable (Insus). [&hellip;]<\/p>\n","protected":false},"author":1,"featured_media":3310,"comment_status":"open","ping_status":"open","sticky":false,"template":"","format":"standard","meta":{"site-sidebar-layout":"default","site-content-layout":"","ast-site-content-layout":"default","site-content-style":"default","site-sidebar-style":"default","ast-global-header-display":"","ast-banner-title-visibility":"","ast-main-header-display":"","ast-hfb-above-header-display":"","ast-hfb-below-header-display":"","ast-hfb-mobile-header-display":"","site-post-title":"","ast-breadcrumbs-content":"","ast-featured-img":"","footer-sml-layout":"","ast-disable-related-posts":"","theme-transparent-header-meta":"","adv-header-id-meta":"","stick-header-meta":"","header-above-stick-meta":"","header-main-stick-meta":"","header-below-stick-meta":"","astra-migrate-meta-layouts":"default","ast-page-background-enabled":"default","ast-page-background-meta":{"desktop":{"background-color":"var(--ast-global-color-4)","background-image":"","background-repeat":"repeat","background-position":"center center","background-size":"auto","background-attachment":"scroll","background-type":"","background-media":"","overlay-type":"","overlay-color":"","overlay-opacity":"","overlay-gradient":""},"tablet":{"background-color":"","background-image":"","background-repeat":"repeat","background-position":"center center","background-size":"auto","background-attachment":"scroll","background-type":"","background-media":"","overlay-type":"","overlay-color":"","overlay-opacity":"","overlay-gradient":""},"mobile":{"background-color":"","background-image":"","background-repeat":"repeat","background-position":"center center","background-size":"auto","background-attachment":"scroll","background-type":"","background-media":"","overlay-type":"","overlay-color":"","overlay-opacity":"","overlay-gradient":""}},"ast-content-background-meta":{"desktop":{"background-color":"var(--ast-global-color-5)","background-image":"","background-repeat":"repeat","background-position":"center center","background-size":"auto","background-attachment":"scroll","background-type":"","background-media":"","overlay-type":"","overlay-color":"","overlay-opacity":"","overlay-gradient":""},"tablet":{"background-color":"var(--ast-global-color-5)","background-image":"","background-repeat":"repeat","background-position":"center center","background-size":"auto","background-attachment":"scroll","background-type":"","background-media":"","overlay-type":"","overlay-color":"","overlay-opacity":"","overlay-gradient":""},"mobile":{"background-color":"var(--ast-global-color-5)","background-image":"","background-repeat":"repeat","background-position":"center center","background-size":"auto","background-attachment":"scroll","background-type":"","background-media":"","overlay-type":"","overlay-color":"","overlay-opacity":"","overlay-gradient":""}},"footnotes":""},"categories":[4],"tags":[593,154,594],"class_list":["post-3309","post","type-post","status-publish","format-standard","has-post-thumbnail","hentry","category-noticias","tag-insus","tag-sedatu","tag-subsecretaria-de-desarrollo-urbano-y-vivienda"],"_links":{"self":[{"href":"https:\/\/hombresymujeresdelacasa.com\/home\/wp-json\/wp\/v2\/posts\/3309","targetHints":{"allow":["GET"]}}],"collection":[{"href":"https:\/\/hombresymujeresdelacasa.com\/home\/wp-json\/wp\/v2\/posts"}],"about":[{"href":"https:\/\/hombresymujeresdelacasa.com\/home\/wp-json\/wp\/v2\/types\/post"}],"author":[{"embeddable":true,"href":"https:\/\/hombresymujeresdelacasa.com\/home\/wp-json\/wp\/v2\/users\/1"}],"replies":[{"embeddable":true,"href":"https:\/\/hombresymujeresdelacasa.com\/home\/wp-json\/wp\/v2\/comments?post=3309"}],"version-history":[{"count":1,"href":"https:\/\/hombresymujeresdelacasa.com\/home\/wp-json\/wp\/v2\/posts\/3309\/revisions"}],"predecessor-version":[{"id":3311,"href":"https:\/\/hombresymujeresdelacasa.com\/home\/wp-json\/wp\/v2\/posts\/3309\/revisions\/3311"}],"wp:featuredmedia":[{"embeddable":true,"href":"https:\/\/hombresymujeresdelacasa.com\/home\/wp-json\/wp\/v2\/media\/3310"}],"wp:attachment":[{"href":"https:\/\/hombresymujeresdelacasa.com\/home\/wp-json\/wp\/v2\/media?parent=3309"}],"wp:term":[{"taxonomy":"category","embeddable":true,"href":"https:\/\/hombresymujeresdelacasa.com\/home\/wp-json\/wp\/v2\/categories?post=3309"},{"taxonomy":"post_tag","embeddable":true,"href":"https:\/\/hombresymujeresdelacasa.com\/home\/wp-json\/wp\/v2\/tags?post=3309"}],"curies":[{"name":"wp","href":"https:\/\/api.w.org\/{rel}","templated":true}]}}