{"id":3303,"date":"2018-02-21T13:22:57","date_gmt":"2018-02-21T19:22:57","guid":{"rendered":"http:\/\/hombresymujeresdelacasa.com\/home\/?p=3303"},"modified":"2018-02-22T13:36:02","modified_gmt":"2018-02-22T19:36:02","slug":"involucrar-a-estados-y-municipios-reto-para-consolidar-nueva-agenda-urbana","status":"publish","type":"post","link":"https:\/\/hombresymujeresdelacasa.com\/home\/involucrar-a-estados-y-municipios-reto-para-consolidar-nueva-agenda-urbana\/","title":{"rendered":"Involucrar a estados y municipios, reto para consolidar Nueva Agenda Urbana"},"content":{"rendered":"<p>Por Edgar Rosas<\/p>\n<p><em>A decir de Jorge Wolpert, es necesario entender la importancia de la vivienda en aras de concretar los lineamientos establecidos en el H\u00e1bitat III<\/em><span id=\"more-67531\"><\/span><\/p>\n<p>En aras de lograr la aplicaci\u00f3n eficaz de los lineamientos de la Nueva Agenda Urbana, el reto para M\u00e9xico ser\u00e1 involucrar en esta tarea a los tres \u00f3rdenes de gobierno, asegur\u00f3\u00a0<a href=\"https:\/\/twitter.com\/JorgeLWolpert\" target=\"_blank\" rel=\"noopener nofollow\">Jorge Wolpert Kuri<\/a>, director general de la Comisi\u00f3n Nacional de Vivienda (<a href=\"http:\/\/www.gob.mx\/conavi\" target=\"_blank\" rel=\"noopener nofollow\">Conavi<\/a>).<\/p>\n<p>En entrevista con\u00a0<strong>Centro Urbano<\/strong>, el funcionario se\u00f1al\u00f3 que es fundamental impulsar la participaci\u00f3n activa del orden municipal y estatal para la concreci\u00f3n de los preceptos acordado en el H\u00e1bitat III. Dijo que es inviable pensar que s\u00f3lo con el impulso desde el orden federal se podr\u00e1 lograr un cambio en las ciudades.<\/p>\n<p>\u201cEs relevante es involucrar a los tres \u00f3rdenes de gobierno en esta tarea. El gobierno federal tiene atribuciones en la materia pero que no se pueden materializar con efectos profundos si no es en concertaci\u00f3n con los gobiernos estatales y municipales, tanto en materia de instrumentaci\u00f3n, de regulaci\u00f3n y de leyes locales, para efectos de apoyar esta idea, que es el centro de la Nueva Agenda Urbana, que son ciudades compactas, donde el suelo urbano se aproveche de manera \u00f3ptima\u201d, dijo.<\/p>\n<p>En este contexto, dijo Wolpert Kuri, es necesario reconocer la importancia de la vivienda. Enfatiz\u00f3 que es necesario entender que adem\u00e1s de ser un motor de la econom\u00eda, es un eje transformador de las ciudades.<\/p>\n<p>\u201cEn pa\u00edses como el nuestro, la vivienda es un motor de la econom\u00eda, pero tambi\u00e9n de crecimiento de las ciudades. La Pol\u00edtica de Vivienda Social es muy importante para que las ciudades se conviertan en espacios m\u00e1s amigables y m\u00e1s sustentables en todo sostenidos. Aqu\u00ed toma relevancia reconocer la responsabilidad de materializar los apoyos para vivienda con una visi\u00f3n territorial\u201d, dijo.<\/p>\n<p>En lo referente, el funcionario record\u00f3 que en M\u00e9xico se han puesto en marcha estrategias para mejorar la ubicaci\u00f3n de la vivienda. Entre ellos, record\u00f3, dar preferencia en la entrega de subsidios a viviendas ubicadas cerca de servicios e infraestructura.<\/p>\n<p>\u201cLos apoyos del gobierno se den dentro de las manchas urbanas, donde est\u00e1n los servicios y la infraestructura urbana, y en esta pol\u00edtica el reto es hacerla trascender, que vaya m\u00e1s all\u00e1 de los apoyos federales y se conviertan en Ley en los estados y municipios\u201d, dijo.<\/p>\n<p>Jorge Wolpert habl\u00f3 sobre la participaci\u00f3n de M\u00e9xico en el Noveno Foro Urbano Mundial en Kuala Lumpur. Destac\u00f3 que el pa\u00eds destac\u00f3 por los trabajos y avances que ha concretado en relaci\u00f3n a la Nueva Agenda Urbana.<\/p>\n<p>\u201cM\u00e9xico ha sido un protagonista en la construcci\u00f3n de la Nueva Agenda Urbana que se adopt\u00f3 en Quito en el 2016 y que en este evento de Kuala Lumpur ya fuimos a hablar de la implementaci\u00f3n de esa Nueva Agenda Urbana, en donde M\u00e9xico tiene mucha experiencia que reportar y compartir con los colegas de otros pa\u00edses, y de la cual la vivienda forma una parte esencial y central de la estrategia que est\u00e1 llevando nuestro pa\u00eds\u201d, destac\u00f3.<\/p>\n","protected":false},"excerpt":{"rendered":"<p>Por Edgar Rosas A decir de Jorge Wolpert, es necesario entender la importancia de la vivienda en aras de concretar los lineamientos establecidos en el H\u00e1bitat III En aras de lograr la aplicaci\u00f3n eficaz de los lineamientos de la Nueva Agenda Urbana, el reto para M\u00e9xico ser\u00e1 involucrar en esta tarea a los tres \u00f3rdenes [&hellip;]<\/p>\n","protected":false},"author":1,"featured_media":3304,"comment_status":"open","ping_status":"open","sticky":false,"template":"","format":"standard","meta":{"site-sidebar-layout":"default","site-content-layout":"","ast-site-content-layout":"default","site-content-style":"default","site-sidebar-style":"default","ast-global-header-display":"","ast-banner-title-visibility":"","ast-main-header-display":"","ast-hfb-above-header-display":"","ast-hfb-below-header-display":"","ast-hfb-mobile-header-display":"","site-post-title":"","ast-breadcrumbs-content":"","ast-featured-img":"","footer-sml-layout":"","ast-disable-related-posts":"","theme-transparent-header-meta":"","adv-header-id-meta":"","stick-header-meta":"","header-above-stick-meta":"","header-main-stick-meta":"","header-below-stick-meta":"","astra-migrate-meta-layouts":"default","ast-page-background-enabled":"default","ast-page-background-meta":{"desktop":{"background-color":"var(--ast-global-color-4)","background-image":"","background-repeat":"repeat","background-position":"center center","background-size":"auto","background-attachment":"scroll","background-type":"","background-media":"","overlay-type":"","overlay-color":"","overlay-opacity":"","overlay-gradient":""},"tablet":{"background-color":"","background-image":"","background-repeat":"repeat","background-position":"center center","background-size":"auto","background-attachment":"scroll","background-type":"","background-media":"","overlay-type":"","overlay-color":"","overlay-opacity":"","overlay-gradient":""},"mobile":{"background-color":"","background-image":"","background-repeat":"repeat","background-position":"center center","background-size":"auto","background-attachment":"scroll","background-type":"","background-media":"","overlay-type":"","overlay-color":"","overlay-opacity":"","overlay-gradient":""}},"ast-content-background-meta":{"desktop":{"background-color":"var(--ast-global-color-5)","background-image":"","background-repeat":"repeat","background-position":"center center","background-size":"auto","background-attachment":"scroll","background-type":"","background-media":"","overlay-type":"","overlay-color":"","overlay-opacity":"","overlay-gradient":""},"tablet":{"background-color":"var(--ast-global-color-5)","background-image":"","background-repeat":"repeat","background-position":"center center","background-size":"auto","background-attachment":"scroll","background-type":"","background-media":"","overlay-type":"","overlay-color":"","overlay-opacity":"","overlay-gradient":""},"mobile":{"background-color":"var(--ast-global-color-5)","background-image":"","background-repeat":"repeat","background-position":"center center","background-size":"auto","background-attachment":"scroll","background-type":"","background-media":"","overlay-type":"","overlay-color":"","overlay-opacity":"","overlay-gradient":""}},"footnotes":""},"categories":[2],"tags":[455,49,588,109,589,590],"class_list":["post-3303","post","type-post","status-publish","format-standard","has-post-thumbnail","hentry","category-entrevistas","tag-comision-nacional-de-vivienda","tag-conavi","tag-en-kualr-lumpur","tag-jorge-wolpert-kuri","tag-noveno-foro-urbano-mundial-wuf9","tag-wuf-9"],"_links":{"self":[{"href":"https:\/\/hombresymujeresdelacasa.com\/home\/wp-json\/wp\/v2\/posts\/3303","targetHints":{"allow":["GET"]}}],"collection":[{"href":"https:\/\/hombresymujeresdelacasa.com\/home\/wp-json\/wp\/v2\/posts"}],"about":[{"href":"https:\/\/hombresymujeresdelacasa.com\/home\/wp-json\/wp\/v2\/types\/post"}],"author":[{"embeddable":true,"href":"https:\/\/hombresymujeresdelacasa.com\/home\/wp-json\/wp\/v2\/users\/1"}],"replies":[{"embeddable":true,"href":"https:\/\/hombresymujeresdelacasa.com\/home\/wp-json\/wp\/v2\/comments?post=3303"}],"version-history":[{"count":1,"href":"https:\/\/hombresymujeresdelacasa.com\/home\/wp-json\/wp\/v2\/posts\/3303\/revisions"}],"predecessor-version":[{"id":3305,"href":"https:\/\/hombresymujeresdelacasa.com\/home\/wp-json\/wp\/v2\/posts\/3303\/revisions\/3305"}],"wp:featuredmedia":[{"embeddable":true,"href":"https:\/\/hombresymujeresdelacasa.com\/home\/wp-json\/wp\/v2\/media\/3304"}],"wp:attachment":[{"href":"https:\/\/hombresymujeresdelacasa.com\/home\/wp-json\/wp\/v2\/media?parent=3303"}],"wp:term":[{"taxonomy":"category","embeddable":true,"href":"https:\/\/hombresymujeresdelacasa.com\/home\/wp-json\/wp\/v2\/categories?post=3303"},{"taxonomy":"post_tag","embeddable":true,"href":"https:\/\/hombresymujeresdelacasa.com\/home\/wp-json\/wp\/v2\/tags?post=3303"}],"curies":[{"name":"wp","href":"https:\/\/api.w.org\/{rel}","templated":true}]}}