{"id":3295,"date":"2018-02-21T12:58:23","date_gmt":"2018-02-21T18:58:23","guid":{"rendered":"http:\/\/hombresymujeresdelacasa.com\/home\/?p=3295"},"modified":"2018-02-22T12:59:30","modified_gmt":"2018-02-22T18:59:30","slug":"carlos-medina-reelecto-como-presidente-nacional-de-canadevi","status":"publish","type":"post","link":"https:\/\/hombresymujeresdelacasa.com\/home\/carlos-medina-reelecto-como-presidente-nacional-de-canadevi\/","title":{"rendered":"Carlos Medina reelecto como presidente nacional de Canadevi"},"content":{"rendered":"<p>Por Hanae Pacheco<\/p>\n<p><em>Invit\u00f3 a los candidatos presidenciales a presentar sus propuestas para el sector durante pr\u00f3ximo Encuentro Nacional de Vivienda<\/em><span id=\"more-67542\"><\/span><\/p>\n<p>La\u00a0<a href=\"https:\/\/www.canadevi.com.mx\/\" target=\"_blank\" rel=\"noopener noreferrer nofollow\"><strong>C\u00e1mara Nacional de la Industria de Desarrollo y Promoci\u00f3n de Vivienda<\/strong><\/a>\u00a0(Canadevi), reeligi\u00f3 a\u00a0<a href=\"https:\/\/twitter.com\/krlosmed?lang=es\" target=\"_blank\" rel=\"noopener noreferrer nofollow\"><strong>Carlos Medina Rodr\u00edguez<\/strong><\/a>\u00a0como presidente nacional para el periodo 2018-2019 para dar continuidad al trabajo realizado para el fortalecimiento del sector; el Consejo Directivo tambi\u00e9n fue renovado. Esta es la segunda ocasi\u00f3n que la c\u00e1mara reelige por tercer a\u00f1o consecutivo dicha posici\u00f3n.<\/p>\n<p>Carlos Medina indic\u00f3 que la vivienda es el motor estrat\u00e9gico de M\u00e9xico, pues se trata de la actividad industrial m\u00e1s importante del pa\u00eds y la primera al considerar su impacto social, se relaciona con 37 de las 42 ramas de la econom\u00eda nacional, genera 3 millones de empleos a nivel nacional y aporta 7% al PIB; por ello invit\u00f3 a los candidatos presidenciales a presentar sus propuestas para el sector el pr\u00f3ximo 9 de mayo, durante el marco del Encuentro Nacional de Vivienda 2018.<\/p>\n<p>Debido a la din\u00e1mica poblacional del pa\u00eds el pr\u00f3ximo gobierno se enfrentar\u00e1 con un mayor aumento de la demanda de vivienda, lo que impactar\u00e1 en el desarrollo urbano, sobre lo que la C\u00e1mara indica que el trabajo de planeaci\u00f3n en el corto, mediano y largo plazo es cr\u00edtico para fortalecer el reordenamiento de las ciudades.<\/p>\n<p>Algunos de los retos m\u00e1s importantes que identifica son garantizar la viabilidad de la vivienda social frente a costos cada vez m\u00e1s elevados de los terrenos dentro delas urbes; dar continuidad a la vivienda social subsidiada focalizada en las familias de menores ingresos, as\u00ed como incrementar el ritmo a su construcci\u00f3n; fortalecer la competitividad de los insumos para generar viviendas m\u00e1s competitivas; volver una realidad a nivel estatal y municipal la implementaci\u00f3n\u00a0<a href=\"https:\/\/centrourbano.com\/2018\/02\/11\/politica-vivienda-5-anos-acciones-impulsar-sector\/\" target=\"_blank\" rel=\"noopener noreferrer nofollow\"><strong>Pol\u00edtica de la Vivienda<\/strong><\/a>; desarrollar la planta productiva e impulsar la cadena de valor.<\/p>\n<p>A su vez, reconocen la necesidad de fortalecer a las instituciones del sector, disminuir el n\u00famero de tr\u00e1mites y sus tiempos de conclusi\u00f3n y eliminar los aspectos operativos innecesarios que elevan el costo de las viviendas.<\/p>\n<p>\u201cHacer realidad la promesa constitucional de una casa para todos, que promueva la calidad de vida en ciudades bien planeadas y densificadas solo puede lograrse trabajando de la mano con el sector privado, indic\u00f3 el presidente de Canadevi.<\/p>\n<p>&nbsp;<\/p>\n","protected":false},"excerpt":{"rendered":"<p>Por Hanae Pacheco Invit\u00f3 a los candidatos presidenciales a presentar sus propuestas para el sector durante pr\u00f3ximo Encuentro Nacional de Vivienda La\u00a0C\u00e1mara Nacional de la Industria de Desarrollo y Promoci\u00f3n de Vivienda\u00a0(Canadevi), reeligi\u00f3 a\u00a0Carlos Medina Rodr\u00edguez\u00a0como presidente nacional para el periodo 2018-2019 para dar continuidad al trabajo realizado para el fortalecimiento del sector; el Consejo [&hellip;]<\/p>\n","protected":false},"author":1,"featured_media":3299,"comment_status":"open","ping_status":"open","sticky":false,"template":"","format":"standard","meta":{"site-sidebar-layout":"default","site-content-layout":"","ast-site-content-layout":"default","site-content-style":"default","site-sidebar-style":"default","ast-global-header-display":"","ast-banner-title-visibility":"","ast-main-header-display":"","ast-hfb-above-header-display":"","ast-hfb-below-header-display":"","ast-hfb-mobile-header-display":"","site-post-title":"","ast-breadcrumbs-content":"","ast-featured-img":"","footer-sml-layout":"","ast-disable-related-posts":"","theme-transparent-header-meta":"","adv-header-id-meta":"","stick-header-meta":"","header-above-stick-meta":"","header-main-stick-meta":"","header-below-stick-meta":"","astra-migrate-meta-layouts":"default","ast-page-background-enabled":"default","ast-page-background-meta":{"desktop":{"background-color":"var(--ast-global-color-4)","background-image":"","background-repeat":"repeat","background-position":"center center","background-size":"auto","background-attachment":"scroll","background-type":"","background-media":"","overlay-type":"","overlay-color":"","overlay-opacity":"","overlay-gradient":""},"tablet":{"background-color":"","background-image":"","background-repeat":"repeat","background-position":"center center","background-size":"auto","background-attachment":"scroll","background-type":"","background-media":"","overlay-type":"","overlay-color":"","overlay-opacity":"","overlay-gradient":""},"mobile":{"background-color":"","background-image":"","background-repeat":"repeat","background-position":"center center","background-size":"auto","background-attachment":"scroll","background-type":"","background-media":"","overlay-type":"","overlay-color":"","overlay-opacity":"","overlay-gradient":""}},"ast-content-background-meta":{"desktop":{"background-color":"var(--ast-global-color-5)","background-image":"","background-repeat":"repeat","background-position":"center center","background-size":"auto","background-attachment":"scroll","background-type":"","background-media":"","overlay-type":"","overlay-color":"","overlay-opacity":"","overlay-gradient":""},"tablet":{"background-color":"var(--ast-global-color-5)","background-image":"","background-repeat":"repeat","background-position":"center center","background-size":"auto","background-attachment":"scroll","background-type":"","background-media":"","overlay-type":"","overlay-color":"","overlay-opacity":"","overlay-gradient":""},"mobile":{"background-color":"var(--ast-global-color-5)","background-image":"","background-repeat":"repeat","background-position":"center center","background-size":"auto","background-attachment":"scroll","background-type":"","background-media":"","overlay-type":"","overlay-color":"","overlay-opacity":"","overlay-gradient":""}},"footnotes":""},"categories":[4],"tags":[34,38,586,587,177],"class_list":["post-3295","post","type-post","status-publish","format-standard","has-post-thumbnail","hentry","category-noticias","tag-canadevi","tag-carlos-medina","tag-encuentro-nacional-de-vivienda","tag-politica-de-vivienda","tag-vivienda"],"_links":{"self":[{"href":"https:\/\/hombresymujeresdelacasa.com\/home\/wp-json\/wp\/v2\/posts\/3295","targetHints":{"allow":["GET"]}}],"collection":[{"href":"https:\/\/hombresymujeresdelacasa.com\/home\/wp-json\/wp\/v2\/posts"}],"about":[{"href":"https:\/\/hombresymujeresdelacasa.com\/home\/wp-json\/wp\/v2\/types\/post"}],"author":[{"embeddable":true,"href":"https:\/\/hombresymujeresdelacasa.com\/home\/wp-json\/wp\/v2\/users\/1"}],"replies":[{"embeddable":true,"href":"https:\/\/hombresymujeresdelacasa.com\/home\/wp-json\/wp\/v2\/comments?post=3295"}],"version-history":[{"count":1,"href":"https:\/\/hombresymujeresdelacasa.com\/home\/wp-json\/wp\/v2\/posts\/3295\/revisions"}],"predecessor-version":[{"id":3296,"href":"https:\/\/hombresymujeresdelacasa.com\/home\/wp-json\/wp\/v2\/posts\/3295\/revisions\/3296"}],"wp:featuredmedia":[{"embeddable":true,"href":"https:\/\/hombresymujeresdelacasa.com\/home\/wp-json\/wp\/v2\/media\/3299"}],"wp:attachment":[{"href":"https:\/\/hombresymujeresdelacasa.com\/home\/wp-json\/wp\/v2\/media?parent=3295"}],"wp:term":[{"taxonomy":"category","embeddable":true,"href":"https:\/\/hombresymujeresdelacasa.com\/home\/wp-json\/wp\/v2\/categories?post=3295"},{"taxonomy":"post_tag","embeddable":true,"href":"https:\/\/hombresymujeresdelacasa.com\/home\/wp-json\/wp\/v2\/tags?post=3295"}],"curies":[{"name":"wp","href":"https:\/\/api.w.org\/{rel}","templated":true}]}}