{"id":3266,"date":"2018-02-15T18:10:14","date_gmt":"2018-02-16T00:10:14","guid":{"rendered":"http:\/\/hombresymujeresdelacasa.com\/home\/?p=3266"},"modified":"2018-02-16T13:19:06","modified_gmt":"2018-02-16T19:19:06","slug":"derramo-infonavit-4-3-mmdp-en-aguascalientes","status":"publish","type":"post","link":"https:\/\/hombresymujeresdelacasa.com\/home\/derramo-infonavit-4-3-mmdp-en-aguascalientes\/","title":{"rendered":"Derram\u00f3 Infonavit 4.3 mmdp en Aguascalientes"},"content":{"rendered":"<p>Por Edgar Rosas<\/p>\n<p><em>El organismo firm\u00f3 un convenio de colaboraci\u00f3n con actores p\u00fablicos y privados de la industria en la entidad, con el que se buscar\u00e1 impulsar el crecimiento ordenado del sector<\/em><span id=\"more-67244\"><\/span><\/p>\n<p>En 2017, el Instituto del Fondo Nacional de la Vivienda para los Trabajadores (Infonavit) super\u00f3 en 29% la meta de colocaci\u00f3n de cr\u00e9dito en Aguascalientes, con lo que el organismo gener\u00f3 una derrama econ\u00f3mica de 4,300 millones de pesos.<\/p>\n<p>As\u00ed lo dio a conocer David Penchyna Grub, director general del Instituto, quien record\u00f3 que el organismo que encabeza super\u00f3 las metas de colocaci\u00f3n crediticia e inversi\u00f3n previstas para 2017. De esta manera, dijo, en el a\u00f1o que acaba de concluir el Infonavit gener\u00f3 una derrama de 246,000 millones de pesos a nivel nacional.<\/p>\n<p>En gira de trabajo por Aguascalientes, el directivo puntualiz\u00f3 que en esta administraci\u00f3n el organismo otorgar\u00e1 su cr\u00e9dito 10 millones de la historia. Explic\u00f3 que el Instituto est\u00e1 a 80,000 cr\u00e9ditos de alcanzar este logro.<\/p>\n<p>Durante su visita, Penchyna Grub firm\u00f3 el \u201cConvenio para el Fomento y Mejoramiento de la Vivienda en Aguascalientes\u201d, con el cual el gobierno del Estado, la Secretar\u00eda de Gesti\u00f3n Urban\u00edstica, los Municipios, la Canadevi, la CMIC, el Colegio de Notarios y el Infonavit coordinar\u00e1n esfuerzos en aras de lograr un crecimiento ordenado de la industria de la vivienda.<\/p>\n","protected":false},"excerpt":{"rendered":"<p>Por Edgar Rosas El organismo firm\u00f3 un convenio de colaboraci\u00f3n con actores p\u00fablicos y privados de la industria en la entidad, con el que se buscar\u00e1 impulsar el crecimiento ordenado del sector En 2017, el Instituto del Fondo Nacional de la Vivienda para los Trabajadores (Infonavit) super\u00f3 en 29% la meta de colocaci\u00f3n de cr\u00e9dito [&hellip;]<\/p>\n","protected":false},"author":1,"featured_media":3267,"comment_status":"open","ping_status":"open","sticky":false,"template":"","format":"standard","meta":{"site-sidebar-layout":"default","site-content-layout":"","ast-site-content-layout":"default","site-content-style":"default","site-sidebar-style":"default","ast-global-header-display":"","ast-banner-title-visibility":"","ast-main-header-display":"","ast-hfb-above-header-display":"","ast-hfb-below-header-display":"","ast-hfb-mobile-header-display":"","site-post-title":"","ast-breadcrumbs-content":"","ast-featured-img":"","footer-sml-layout":"","ast-disable-related-posts":"","theme-transparent-header-meta":"","adv-header-id-meta":"","stick-header-meta":"","header-above-stick-meta":"","header-main-stick-meta":"","header-below-stick-meta":"","astra-migrate-meta-layouts":"default","ast-page-background-enabled":"default","ast-page-background-meta":{"desktop":{"background-color":"var(--ast-global-color-4)","background-image":"","background-repeat":"repeat","background-position":"center center","background-size":"auto","background-attachment":"scroll","background-type":"","background-media":"","overlay-type":"","overlay-color":"","overlay-opacity":"","overlay-gradient":""},"tablet":{"background-color":"","background-image":"","background-repeat":"repeat","background-position":"center center","background-size":"auto","background-attachment":"scroll","background-type":"","background-media":"","overlay-type":"","overlay-color":"","overlay-opacity":"","overlay-gradient":""},"mobile":{"background-color":"","background-image":"","background-repeat":"repeat","background-position":"center center","background-size":"auto","background-attachment":"scroll","background-type":"","background-media":"","overlay-type":"","overlay-color":"","overlay-opacity":"","overlay-gradient":""}},"ast-content-background-meta":{"desktop":{"background-color":"var(--ast-global-color-5)","background-image":"","background-repeat":"repeat","background-position":"center center","background-size":"auto","background-attachment":"scroll","background-type":"","background-media":"","overlay-type":"","overlay-color":"","overlay-opacity":"","overlay-gradient":""},"tablet":{"background-color":"var(--ast-global-color-5)","background-image":"","background-repeat":"repeat","background-position":"center center","background-size":"auto","background-attachment":"scroll","background-type":"","background-media":"","overlay-type":"","overlay-color":"","overlay-opacity":"","overlay-gradient":""},"mobile":{"background-color":"var(--ast-global-color-5)","background-image":"","background-repeat":"repeat","background-position":"center center","background-size":"auto","background-attachment":"scroll","background-type":"","background-media":"","overlay-type":"","overlay-color":"","overlay-opacity":"","overlay-gradient":""}},"footnotes":""},"categories":[4],"tags":[572,60,102,177],"class_list":["post-3266","post","type-post","status-publish","format-standard","has-post-thumbnail","hentry","category-noticias","tag-aguscalientes","tag-david-penchyna-grub","tag-infonavit","tag-vivienda"],"_links":{"self":[{"href":"https:\/\/hombresymujeresdelacasa.com\/home\/wp-json\/wp\/v2\/posts\/3266","targetHints":{"allow":["GET"]}}],"collection":[{"href":"https:\/\/hombresymujeresdelacasa.com\/home\/wp-json\/wp\/v2\/posts"}],"about":[{"href":"https:\/\/hombresymujeresdelacasa.com\/home\/wp-json\/wp\/v2\/types\/post"}],"author":[{"embeddable":true,"href":"https:\/\/hombresymujeresdelacasa.com\/home\/wp-json\/wp\/v2\/users\/1"}],"replies":[{"embeddable":true,"href":"https:\/\/hombresymujeresdelacasa.com\/home\/wp-json\/wp\/v2\/comments?post=3266"}],"version-history":[{"count":1,"href":"https:\/\/hombresymujeresdelacasa.com\/home\/wp-json\/wp\/v2\/posts\/3266\/revisions"}],"predecessor-version":[{"id":3268,"href":"https:\/\/hombresymujeresdelacasa.com\/home\/wp-json\/wp\/v2\/posts\/3266\/revisions\/3268"}],"wp:featuredmedia":[{"embeddable":true,"href":"https:\/\/hombresymujeresdelacasa.com\/home\/wp-json\/wp\/v2\/media\/3267"}],"wp:attachment":[{"href":"https:\/\/hombresymujeresdelacasa.com\/home\/wp-json\/wp\/v2\/media?parent=3266"}],"wp:term":[{"taxonomy":"category","embeddable":true,"href":"https:\/\/hombresymujeresdelacasa.com\/home\/wp-json\/wp\/v2\/categories?post=3266"},{"taxonomy":"post_tag","embeddable":true,"href":"https:\/\/hombresymujeresdelacasa.com\/home\/wp-json\/wp\/v2\/tags?post=3266"}],"curies":[{"name":"wp","href":"https:\/\/api.w.org\/{rel}","templated":true}]}}