{"id":3159,"date":"2018-01-19T14:30:05","date_gmt":"2018-01-19T20:30:05","guid":{"rendered":"http:\/\/hombresymujeresdelacasa.com\/home\/?p=3159"},"modified":"2018-01-21T12:22:07","modified_gmt":"2018-01-21T18:22:07","slug":"incremento-infonavit-colocacion-de-credito-en-cdmx","status":"publish","type":"post","link":"https:\/\/hombresymujeresdelacasa.com\/home\/incremento-infonavit-colocacion-de-credito-en-cdmx\/","title":{"rendered":"Increment\u00f3 Infonavit colocaci\u00f3n de cr\u00e9dito en CDMX"},"content":{"rendered":"<p>Por Edgar Rosas<\/p>\n<p>A decir de David Penchyna, el objetivo del organismo es levantar la oferta en la capital del pa\u00eds<\/p>\n<p>En 2017, el Instituto del Fondo Nacional de la Vivienda para los Trabajadores (Infonavit) increment\u00f3 la entrega de cr\u00e9dito en la Ciudad de M\u00e9xico. De esta manera, el Instituto coloc\u00f3 18,250 financiamientos, es decir, 22% m\u00e1s a lo observado en 2016.<\/p>\n<p>As\u00ed lo dio a conocer David Penchyna Grub, director general del organismo, quien destac\u00f3 que la derrama econ\u00f3mica generada por el Instituto en la capital ascendi\u00f3 a 6,988 millones de pesos, que significa un incremento de 34 por ciento.<\/p>\n<p>Al participar en el informe a cuatro meses del sismo del 19 de septiembre en la Ciudad de M\u00e9xico, evento que encabez\u00f3 el jefe de gobierno, Miguel \u00c1ngel Mancera, detall\u00f3 que, tras los sismos, uno de los objetivos del organismo que encabeza es levantar la oferta de vivienda en la capital.<\/p>\n<p>\u201cUna de las acciones objetivo en la que nos hemos desbordado, es levantar la oferta de vivienda para esta ciudad (\u2026) A partir de un esfuerzo coordinado con el Jefe de Gobierno y el INFONAVIT, entendimos que ten\u00edamos una deuda, donde el Instituto hab\u00eda estado ausente de la ciudad por muchos a\u00f1os\u201d, dijo.<\/p>\n<p>Penchyna detall\u00f3 que, a nivel nacional, el incremento de cr\u00e9dito hipotecario fue del 7.9 por ciento. En la Ciudad de M\u00e9xico, a\u00f1adi\u00f3, fue tres veces m\u00e1s.<\/p>\n<p>\u201cEl Infonavit est\u00e1 de regreso en esta ciudad, y con unas cifras y los resultados del a\u00f1o pasado, le puedo decir se\u00f1or Jefe de Gobierno, y trabajando con su equipo y con usted, que este a\u00f1o no s\u00f3lo no vamos a caer, sino que vamos a aumentar esas cifras, y trabajando unidos, estoy seguro de que podremos impulsar programas que generen la oferta para paliar y dar paso a una nueva etapa de la vivienda en esta ciudad\u201d, apunt\u00f3.<\/p>\n","protected":false},"excerpt":{"rendered":"<p>Por Edgar Rosas A decir de David Penchyna, el objetivo del organismo es levantar la oferta en la capital del pa\u00eds En 2017, el Instituto del Fondo Nacional de la Vivienda para los Trabajadores (Infonavit) increment\u00f3 la entrega de cr\u00e9dito en la Ciudad de M\u00e9xico. De esta manera, el Instituto coloc\u00f3 18,250 financiamientos, es decir, [&hellip;]<\/p>\n","protected":false},"author":1,"featured_media":3161,"comment_status":"open","ping_status":"open","sticky":false,"template":"","format":"standard","meta":{"site-sidebar-layout":"default","site-content-layout":"","ast-site-content-layout":"default","site-content-style":"default","site-sidebar-style":"default","ast-global-header-display":"","ast-banner-title-visibility":"","ast-main-header-display":"","ast-hfb-above-header-display":"","ast-hfb-below-header-display":"","ast-hfb-mobile-header-display":"","site-post-title":"","ast-breadcrumbs-content":"","ast-featured-img":"","footer-sml-layout":"","ast-disable-related-posts":"","theme-transparent-header-meta":"","adv-header-id-meta":"","stick-header-meta":"","header-above-stick-meta":"","header-main-stick-meta":"","header-below-stick-meta":"","astra-migrate-meta-layouts":"default","ast-page-background-enabled":"default","ast-page-background-meta":{"desktop":{"background-color":"var(--ast-global-color-4)","background-image":"","background-repeat":"repeat","background-position":"center center","background-size":"auto","background-attachment":"scroll","background-type":"","background-media":"","overlay-type":"","overlay-color":"","overlay-opacity":"","overlay-gradient":""},"tablet":{"background-color":"","background-image":"","background-repeat":"repeat","background-position":"center center","background-size":"auto","background-attachment":"scroll","background-type":"","background-media":"","overlay-type":"","overlay-color":"","overlay-opacity":"","overlay-gradient":""},"mobile":{"background-color":"","background-image":"","background-repeat":"repeat","background-position":"center center","background-size":"auto","background-attachment":"scroll","background-type":"","background-media":"","overlay-type":"","overlay-color":"","overlay-opacity":"","overlay-gradient":""}},"ast-content-background-meta":{"desktop":{"background-color":"var(--ast-global-color-5)","background-image":"","background-repeat":"repeat","background-position":"center center","background-size":"auto","background-attachment":"scroll","background-type":"","background-media":"","overlay-type":"","overlay-color":"","overlay-opacity":"","overlay-gradient":""},"tablet":{"background-color":"var(--ast-global-color-5)","background-image":"","background-repeat":"repeat","background-position":"center center","background-size":"auto","background-attachment":"scroll","background-type":"","background-media":"","overlay-type":"","overlay-color":"","overlay-opacity":"","overlay-gradient":""},"mobile":{"background-color":"var(--ast-global-color-5)","background-image":"","background-repeat":"repeat","background-position":"center center","background-size":"auto","background-attachment":"scroll","background-type":"","background-media":"","overlay-type":"","overlay-color":"","overlay-opacity":"","overlay-gradient":""}},"footnotes":""},"categories":[4],"tags":[363,60,102,533,177],"class_list":["post-3159","post","type-post","status-publish","format-standard","has-post-thumbnail","hentry","category-noticias","tag-ciudad-de-mexico","tag-david-penchyna-grub","tag-infonavit","tag-oferta","tag-vivienda"],"_links":{"self":[{"href":"https:\/\/hombresymujeresdelacasa.com\/home\/wp-json\/wp\/v2\/posts\/3159","targetHints":{"allow":["GET"]}}],"collection":[{"href":"https:\/\/hombresymujeresdelacasa.com\/home\/wp-json\/wp\/v2\/posts"}],"about":[{"href":"https:\/\/hombresymujeresdelacasa.com\/home\/wp-json\/wp\/v2\/types\/post"}],"author":[{"embeddable":true,"href":"https:\/\/hombresymujeresdelacasa.com\/home\/wp-json\/wp\/v2\/users\/1"}],"replies":[{"embeddable":true,"href":"https:\/\/hombresymujeresdelacasa.com\/home\/wp-json\/wp\/v2\/comments?post=3159"}],"version-history":[{"count":2,"href":"https:\/\/hombresymujeresdelacasa.com\/home\/wp-json\/wp\/v2\/posts\/3159\/revisions"}],"predecessor-version":[{"id":3162,"href":"https:\/\/hombresymujeresdelacasa.com\/home\/wp-json\/wp\/v2\/posts\/3159\/revisions\/3162"}],"wp:featuredmedia":[{"embeddable":true,"href":"https:\/\/hombresymujeresdelacasa.com\/home\/wp-json\/wp\/v2\/media\/3161"}],"wp:attachment":[{"href":"https:\/\/hombresymujeresdelacasa.com\/home\/wp-json\/wp\/v2\/media?parent=3159"}],"wp:term":[{"taxonomy":"category","embeddable":true,"href":"https:\/\/hombresymujeresdelacasa.com\/home\/wp-json\/wp\/v2\/categories?post=3159"},{"taxonomy":"post_tag","embeddable":true,"href":"https:\/\/hombresymujeresdelacasa.com\/home\/wp-json\/wp\/v2\/tags?post=3159"}],"curies":[{"name":"wp","href":"https:\/\/api.w.org\/{rel}","templated":true}]}}