{"id":3007,"date":"2017-12-22T10:46:25","date_gmt":"2017-12-22T16:46:25","guid":{"rendered":"http:\/\/hombresymujeresdelacasa.com\/home\/?p=3007"},"modified":"2017-12-22T17:50:30","modified_gmt":"2017-12-22T23:50:30","slug":"lomejordelano-fovissste-mantendra-tasas-de-interes-godina","status":"publish","type":"post","link":"https:\/\/hombresymujeresdelacasa.com\/home\/lomejordelano-fovissste-mantendra-tasas-de-interes-godina\/","title":{"rendered":"#LoMejorDelA\u00f1o Fovissste mantendr\u00e1 tasas de inter\u00e9s: Godina"},"content":{"rendered":"<p>Por Edgar Rosas<\/p>\n<p><em>El vocal ejecutivo del Fondo explic\u00f3 que esta medida es una actitud responsable en beneficio de los trabajadores del Estado<\/em><span id=\"more-64673\"><\/span><\/p>\n<p><strong>Publicado el 18 de enero de 2017<\/strong><\/p>\n<p>El Fondo de la Vivienda del Issste (Fovissste) mantendr\u00e1 las tasas de inter\u00e9s en sus cr\u00e9ditos hipotecarios sin aumentos, y absorber\u00e1 el incremento del costo del fondeo con recursos propios, como una actitud responsable del Gobierno de la Rep\u00fablica hacia los trabajadores al servicio del Estado.<\/p>\n<p>As\u00ed lo se\u00f1al\u00f3 Antonio Godina Herrera, vocal ejecutivo del Fondo, quien a\u00f1adi\u00f3 que el Fovissste conservar\u00e1 las tasas de sus financiamientos mientras no existan variaciones sustanciales en las condiciones macroecon\u00f3micas.<\/p>\n<p>En el marco de la reuni\u00f3n con representantes de Grupo Sadasi, el vocal ejecutivo record\u00f3 que para 2017, el Fovissste tiene como meta otorgar m\u00e1s de 112,000 financiamiento, con una inversi\u00f3n superior a los 37,000 millones de pesos.<\/p>\n<p>De igual forma, record\u00f3 que el organismo de vivienda transitar\u00e1 a un sistema de puntos para el otorgamiento de cr\u00e9ditos, con el cual se tomar\u00e1n criterios como la antig\u00fcedad del trabajador o si es jefa de familia.<br \/>\n\u201cLa vivienda est\u00e1 llamada a ser un sector central y protag\u00f3nico en el pa\u00eds y continuar\u00e1 siendo uno de los puntales de la econom\u00eda durante el 2017\u201d, precis\u00f3.<\/p>\n","protected":false},"excerpt":{"rendered":"<p>Por Edgar Rosas El vocal ejecutivo del Fondo explic\u00f3 que esta medida es una actitud responsable en beneficio de los trabajadores del Estado Publicado el 18 de enero de 2017 El Fondo de la Vivienda del Issste (Fovissste) mantendr\u00e1 las tasas de inter\u00e9s en sus cr\u00e9ditos hipotecarios sin aumentos, y absorber\u00e1 el incremento del costo [&hellip;]<\/p>\n","protected":false},"author":1,"featured_media":3011,"comment_status":"open","ping_status":"open","sticky":false,"template":"","format":"standard","meta":{"site-sidebar-layout":"default","site-content-layout":"","ast-site-content-layout":"default","site-content-style":"default","site-sidebar-style":"default","ast-global-header-display":"","ast-banner-title-visibility":"","ast-main-header-display":"","ast-hfb-above-header-display":"","ast-hfb-below-header-display":"","ast-hfb-mobile-header-display":"","site-post-title":"","ast-breadcrumbs-content":"","ast-featured-img":"","footer-sml-layout":"","ast-disable-related-posts":"","theme-transparent-header-meta":"","adv-header-id-meta":"","stick-header-meta":"","header-above-stick-meta":"","header-main-stick-meta":"","header-below-stick-meta":"","astra-migrate-meta-layouts":"default","ast-page-background-enabled":"default","ast-page-background-meta":{"desktop":{"background-color":"var(--ast-global-color-4)","background-image":"","background-repeat":"repeat","background-position":"center center","background-size":"auto","background-attachment":"scroll","background-type":"","background-media":"","overlay-type":"","overlay-color":"","overlay-opacity":"","overlay-gradient":""},"tablet":{"background-color":"","background-image":"","background-repeat":"repeat","background-position":"center center","background-size":"auto","background-attachment":"scroll","background-type":"","background-media":"","overlay-type":"","overlay-color":"","overlay-opacity":"","overlay-gradient":""},"mobile":{"background-color":"","background-image":"","background-repeat":"repeat","background-position":"center center","background-size":"auto","background-attachment":"scroll","background-type":"","background-media":"","overlay-type":"","overlay-color":"","overlay-opacity":"","overlay-gradient":""}},"ast-content-background-meta":{"desktop":{"background-color":"var(--ast-global-color-5)","background-image":"","background-repeat":"repeat","background-position":"center center","background-size":"auto","background-attachment":"scroll","background-type":"","background-media":"","overlay-type":"","overlay-color":"","overlay-opacity":"","overlay-gradient":""},"tablet":{"background-color":"var(--ast-global-color-5)","background-image":"","background-repeat":"repeat","background-position":"center center","background-size":"auto","background-attachment":"scroll","background-type":"","background-media":"","overlay-type":"","overlay-color":"","overlay-opacity":"","overlay-gradient":""},"mobile":{"background-color":"var(--ast-global-color-5)","background-image":"","background-repeat":"repeat","background-position":"center center","background-size":"auto","background-attachment":"scroll","background-type":"","background-media":"","overlay-type":"","overlay-color":"","overlay-opacity":"","overlay-gradient":""}},"footnotes":""},"categories":[4],"tags":[86,492,111],"class_list":["post-3007","post","type-post","status-publish","format-standard","has-post-thumbnail","hentry","category-noticias","tag-fovissste","tag-lo-mejor-del-ano","tag-luis-antonio-godina-herrera"],"_links":{"self":[{"href":"https:\/\/hombresymujeresdelacasa.com\/home\/wp-json\/wp\/v2\/posts\/3007","targetHints":{"allow":["GET"]}}],"collection":[{"href":"https:\/\/hombresymujeresdelacasa.com\/home\/wp-json\/wp\/v2\/posts"}],"about":[{"href":"https:\/\/hombresymujeresdelacasa.com\/home\/wp-json\/wp\/v2\/types\/post"}],"author":[{"embeddable":true,"href":"https:\/\/hombresymujeresdelacasa.com\/home\/wp-json\/wp\/v2\/users\/1"}],"replies":[{"embeddable":true,"href":"https:\/\/hombresymujeresdelacasa.com\/home\/wp-json\/wp\/v2\/comments?post=3007"}],"version-history":[{"count":1,"href":"https:\/\/hombresymujeresdelacasa.com\/home\/wp-json\/wp\/v2\/posts\/3007\/revisions"}],"predecessor-version":[{"id":3012,"href":"https:\/\/hombresymujeresdelacasa.com\/home\/wp-json\/wp\/v2\/posts\/3007\/revisions\/3012"}],"wp:featuredmedia":[{"embeddable":true,"href":"https:\/\/hombresymujeresdelacasa.com\/home\/wp-json\/wp\/v2\/media\/3011"}],"wp:attachment":[{"href":"https:\/\/hombresymujeresdelacasa.com\/home\/wp-json\/wp\/v2\/media?parent=3007"}],"wp:term":[{"taxonomy":"category","embeddable":true,"href":"https:\/\/hombresymujeresdelacasa.com\/home\/wp-json\/wp\/v2\/categories?post=3007"},{"taxonomy":"post_tag","embeddable":true,"href":"https:\/\/hombresymujeresdelacasa.com\/home\/wp-json\/wp\/v2\/tags?post=3007"}],"curies":[{"name":"wp","href":"https:\/\/api.w.org\/{rel}","templated":true}]}}