{"id":2991,"date":"2017-12-20T12:13:42","date_gmt":"2017-12-20T18:13:42","guid":{"rendered":"http:\/\/hombresymujeresdelacasa.com\/home\/?p=2991"},"modified":"2017-12-22T17:02:41","modified_gmt":"2017-12-22T23:02:41","slug":"lomejordelano-supera-infonavit-meta-de-recaudacion-fiscal-en-2016","status":"publish","type":"post","link":"https:\/\/hombresymujeresdelacasa.com\/home\/lomejordelano-supera-infonavit-meta-de-recaudacion-fiscal-en-2016\/","title":{"rendered":"#LoMejorDelA\u00f1o Supera Infonavit meta de recaudaci\u00f3n fiscal en 2016"},"content":{"rendered":"<p>Por Edgar Rosas<\/p>\n<div class=\"post_content\">\n<p><em>Al destacar los logros de 2016, David Penchyna, director del Instituto, dijo que el Infonavit cierra el a\u00f1o con 60,000 viviendas desplazadas a trav\u00e9s de subastas y macrosubastas<\/em><span id=\"more-64511\"><\/span><\/p>\n<p><b>Publicado<\/b><strong>\u00a0el 5 de enero de 2017<\/strong><\/p>\n<p>En 2016, el Instituto del Fondo Nacional de la Vivienda para los Trabajadores (Infonavit) consigui\u00f3 las mejores calificaciones por parte de agencias como Moody\u00b4s, Standard &amp; Poor\u2019s y Fitch Ratings; adem\u00e1s que se ubic\u00f3 en el Top 20 de las 500 empresas m\u00e1s importantes del pa\u00eds.<\/p>\n<p>As\u00ed lo se\u00f1al\u00f3 David Penchyna Grub, director general del Instituto, quien destac\u00f3 los avances del Infonavit durante el a\u00f1o que acaba de terminar.<\/p>\n<p>El directivo se\u00f1al\u00f3 que en 2016 el Infonavit logr\u00f3 desplazar 60,000 viviendas recuperadas a trav\u00e9s de los procesos de subastas y macrosubastas, con lo que se duplic\u00f3 la meta establecida en este rubro.<\/p>\n<p>\u201cEsta acci\u00f3n representa m\u00e1s de 2,000 millones de pesos reingresados al instituto. Adem\u00e1s, el Infonavit rebas\u00f3 la meta de 192,000 millones de pesos de recaudaci\u00f3n fiscal\u201d, detall\u00f3.<\/p>\n<p>Penchyna Grub se\u00f1al\u00f3 que en el a\u00f1o se reforzaron programas como el Mejoravit, esto gracias a \u201cuna in\u00e9dita subasta p\u00fablica de tasa de fondeo, en la que particip\u00f3 la banca y que se transmiti\u00f3 en vivo por diversos medios de comunicaci\u00f3n, logrando reducir la tasa de inter\u00e9s de 18.5 a 16.5%, siendo la m\u00e1s barata del mercado para este tipo de producto\u201d.<\/p>\n<p>Aunado a lo anterior, record\u00f3 que el Instituto organiz\u00f3 la Primera Cumbre de Financiamiento a la Vivienda, una muestra de que \u201cescuchamos a los derechohabientes y trabajamos para la demanda\u201d. Adem\u00e1s recalc\u00f3 que el sector de la vivienda es el tercer aportante del Producto Interno Bruto.<\/p>\n<\/div>\n","protected":false},"excerpt":{"rendered":"<p>Por Edgar Rosas Al destacar los logros de 2016, David Penchyna, director del Instituto, dijo que el Infonavit cierra el a\u00f1o con 60,000 viviendas desplazadas a trav\u00e9s de subastas y macrosubastas Publicado\u00a0el 5 de enero de 2017 En 2016, el Instituto del Fondo Nacional de la Vivienda para los Trabajadores (Infonavit) consigui\u00f3 las mejores calificaciones [&hellip;]<\/p>\n","protected":false},"author":1,"featured_media":2994,"comment_status":"open","ping_status":"open","sticky":false,"template":"","format":"standard","meta":{"site-sidebar-layout":"default","site-content-layout":"","ast-site-content-layout":"default","site-content-style":"default","site-sidebar-style":"default","ast-global-header-display":"","ast-banner-title-visibility":"","ast-main-header-display":"","ast-hfb-above-header-display":"","ast-hfb-below-header-display":"","ast-hfb-mobile-header-display":"","site-post-title":"","ast-breadcrumbs-content":"","ast-featured-img":"","footer-sml-layout":"","ast-disable-related-posts":"","theme-transparent-header-meta":"","adv-header-id-meta":"","stick-header-meta":"","header-above-stick-meta":"","header-main-stick-meta":"","header-below-stick-meta":"","astra-migrate-meta-layouts":"default","ast-page-background-enabled":"default","ast-page-background-meta":{"desktop":{"background-color":"var(--ast-global-color-4)","background-image":"","background-repeat":"repeat","background-position":"center center","background-size":"auto","background-attachment":"scroll","background-type":"","background-media":"","overlay-type":"","overlay-color":"","overlay-opacity":"","overlay-gradient":""},"tablet":{"background-color":"","background-image":"","background-repeat":"repeat","background-position":"center center","background-size":"auto","background-attachment":"scroll","background-type":"","background-media":"","overlay-type":"","overlay-color":"","overlay-opacity":"","overlay-gradient":""},"mobile":{"background-color":"","background-image":"","background-repeat":"repeat","background-position":"center center","background-size":"auto","background-attachment":"scroll","background-type":"","background-media":"","overlay-type":"","overlay-color":"","overlay-opacity":"","overlay-gradient":""}},"ast-content-background-meta":{"desktop":{"background-color":"var(--ast-global-color-5)","background-image":"","background-repeat":"repeat","background-position":"center center","background-size":"auto","background-attachment":"scroll","background-type":"","background-media":"","overlay-type":"","overlay-color":"","overlay-opacity":"","overlay-gradient":""},"tablet":{"background-color":"var(--ast-global-color-5)","background-image":"","background-repeat":"repeat","background-position":"center center","background-size":"auto","background-attachment":"scroll","background-type":"","background-media":"","overlay-type":"","overlay-color":"","overlay-opacity":"","overlay-gradient":""},"mobile":{"background-color":"var(--ast-global-color-5)","background-image":"","background-repeat":"repeat","background-position":"center center","background-size":"auto","background-attachment":"scroll","background-type":"","background-media":"","overlay-type":"","overlay-color":"","overlay-opacity":"","overlay-gradient":""}},"footnotes":""},"categories":[4],"tags":[495,60,496,102,177],"class_list":["post-2991","post","type-post","status-publish","format-standard","has-post-thumbnail","hentry","category-noticias","tag-lomejordelano","tag-david-penchyna-grub","tag-enero","tag-infonavit","tag-vivienda"],"_links":{"self":[{"href":"https:\/\/hombresymujeresdelacasa.com\/home\/wp-json\/wp\/v2\/posts\/2991","targetHints":{"allow":["GET"]}}],"collection":[{"href":"https:\/\/hombresymujeresdelacasa.com\/home\/wp-json\/wp\/v2\/posts"}],"about":[{"href":"https:\/\/hombresymujeresdelacasa.com\/home\/wp-json\/wp\/v2\/types\/post"}],"author":[{"embeddable":true,"href":"https:\/\/hombresymujeresdelacasa.com\/home\/wp-json\/wp\/v2\/users\/1"}],"replies":[{"embeddable":true,"href":"https:\/\/hombresymujeresdelacasa.com\/home\/wp-json\/wp\/v2\/comments?post=2991"}],"version-history":[{"count":1,"href":"https:\/\/hombresymujeresdelacasa.com\/home\/wp-json\/wp\/v2\/posts\/2991\/revisions"}],"predecessor-version":[{"id":2996,"href":"https:\/\/hombresymujeresdelacasa.com\/home\/wp-json\/wp\/v2\/posts\/2991\/revisions\/2996"}],"wp:featuredmedia":[{"embeddable":true,"href":"https:\/\/hombresymujeresdelacasa.com\/home\/wp-json\/wp\/v2\/media\/2994"}],"wp:attachment":[{"href":"https:\/\/hombresymujeresdelacasa.com\/home\/wp-json\/wp\/v2\/media?parent=2991"}],"wp:term":[{"taxonomy":"category","embeddable":true,"href":"https:\/\/hombresymujeresdelacasa.com\/home\/wp-json\/wp\/v2\/categories?post=2991"},{"taxonomy":"post_tag","embeddable":true,"href":"https:\/\/hombresymujeresdelacasa.com\/home\/wp-json\/wp\/v2\/tags?post=2991"}],"curies":[{"name":"wp","href":"https:\/\/api.w.org\/{rel}","templated":true}]}}