{"id":2967,"date":"2017-12-19T17:35:58","date_gmt":"2017-12-19T23:35:58","guid":{"rendered":"http:\/\/hombresymujeresdelacasa.com\/home\/?p=2967"},"modified":"2017-12-22T13:41:39","modified_gmt":"2017-12-22T19:41:39","slug":"lomejordelano-se-fusionan-santander-hipotecario-y-santander-vivienda","status":"publish","type":"post","link":"https:\/\/hombresymujeresdelacasa.com\/home\/lomejordelano-se-fusionan-santander-hipotecario-y-santander-vivienda\/","title":{"rendered":"#LoMejorDelA\u00f1o Se fusionan Santander Hipotecario y Santander Vivienda"},"content":{"rendered":"<p>Por Edgar Rosas<\/p>\n<div class=\"post_content\">\n<p><em>La instituci\u00f3n anunci\u00f3 de la operaci\u00f3n a la Bolsa Mexicana de Valores (BMV)<\/em><span id=\"more-64449\"><\/span><\/p>\n<p>Banco Santander inform\u00f3 a la Bolsa Mexicana de Valores (BMV) la fusi\u00f3n entre sus subsidiarias Santander Hipotecario y Santander Vivienda, desici\u00f3n tomada durante la realizaci\u00f3n de las Asambleas Generales Extraordinarias de Accionistas.<\/p>\n<p>A trav\u00e9s de un comunicado enviado a la Bolsa, esta instituci\u00f3n financiera detall\u00f3 que Santander Hipotecario qued\u00f3 como sociedad fusionada y Santander vivienda como sociedad fusionante.<\/p>\n<p>\u201cConforme a lo aprobado en la Asamblea General Ordinaria y Extraordinaria de Accionistas celebrada el 5 de diciembre del Grupo, se reformar\u00e1 el Art\u00edculo Segundo de los estatutos sociales y se llevar\u00e1 a cabo la modificaci\u00f3n al Convenio \u00danico de Responsabilidades suscrito por Grupo Financiero Santander M\u00e9xico, S.A.B. de C.V., y sus entidades financieras\u201d, se lee en el documento.<\/p>\n<\/div>\n","protected":false},"excerpt":{"rendered":"<p>Por Edgar Rosas La instituci\u00f3n anunci\u00f3 de la operaci\u00f3n a la Bolsa Mexicana de Valores (BMV) Banco Santander inform\u00f3 a la Bolsa Mexicana de Valores (BMV) la fusi\u00f3n entre sus subsidiarias Santander Hipotecario y Santander Vivienda, desici\u00f3n tomada durante la realizaci\u00f3n de las Asambleas Generales Extraordinarias de Accionistas. A trav\u00e9s de un comunicado enviado a [&hellip;]<\/p>\n","protected":false},"author":1,"featured_media":2968,"comment_status":"open","ping_status":"open","sticky":false,"template":"","format":"standard","meta":{"site-sidebar-layout":"default","site-content-layout":"","ast-site-content-layout":"default","site-content-style":"default","site-sidebar-style":"default","ast-global-header-display":"","ast-banner-title-visibility":"","ast-main-header-display":"","ast-hfb-above-header-display":"","ast-hfb-below-header-display":"","ast-hfb-mobile-header-display":"","site-post-title":"","ast-breadcrumbs-content":"","ast-featured-img":"","footer-sml-layout":"","ast-disable-related-posts":"","theme-transparent-header-meta":"","adv-header-id-meta":"","stick-header-meta":"","header-above-stick-meta":"","header-main-stick-meta":"","header-below-stick-meta":"","astra-migrate-meta-layouts":"default","ast-page-background-enabled":"default","ast-page-background-meta":{"desktop":{"background-color":"var(--ast-global-color-4)","background-image":"","background-repeat":"repeat","background-position":"center center","background-size":"auto","background-attachment":"scroll","background-type":"","background-media":"","overlay-type":"","overlay-color":"","overlay-opacity":"","overlay-gradient":""},"tablet":{"background-color":"","background-image":"","background-repeat":"repeat","background-position":"center center","background-size":"auto","background-attachment":"scroll","background-type":"","background-media":"","overlay-type":"","overlay-color":"","overlay-opacity":"","overlay-gradient":""},"mobile":{"background-color":"","background-image":"","background-repeat":"repeat","background-position":"center center","background-size":"auto","background-attachment":"scroll","background-type":"","background-media":"","overlay-type":"","overlay-color":"","overlay-opacity":"","overlay-gradient":""}},"ast-content-background-meta":{"desktop":{"background-color":"var(--ast-global-color-5)","background-image":"","background-repeat":"repeat","background-position":"center center","background-size":"auto","background-attachment":"scroll","background-type":"","background-media":"","overlay-type":"","overlay-color":"","overlay-opacity":"","overlay-gradient":""},"tablet":{"background-color":"var(--ast-global-color-5)","background-image":"","background-repeat":"repeat","background-position":"center center","background-size":"auto","background-attachment":"scroll","background-type":"","background-media":"","overlay-type":"","overlay-color":"","overlay-opacity":"","overlay-gradient":""},"mobile":{"background-color":"var(--ast-global-color-5)","background-image":"","background-repeat":"repeat","background-position":"center center","background-size":"auto","background-attachment":"scroll","background-type":"","background-media":"","overlay-type":"","overlay-color":"","overlay-opacity":"","overlay-gradient":""}},"footnotes":""},"categories":[4],"tags":[492,493],"class_list":["post-2967","post","type-post","status-publish","format-standard","has-post-thumbnail","hentry","category-noticias","tag-lo-mejor-del-ano","tag-santander"],"_links":{"self":[{"href":"https:\/\/hombresymujeresdelacasa.com\/home\/wp-json\/wp\/v2\/posts\/2967","targetHints":{"allow":["GET"]}}],"collection":[{"href":"https:\/\/hombresymujeresdelacasa.com\/home\/wp-json\/wp\/v2\/posts"}],"about":[{"href":"https:\/\/hombresymujeresdelacasa.com\/home\/wp-json\/wp\/v2\/types\/post"}],"author":[{"embeddable":true,"href":"https:\/\/hombresymujeresdelacasa.com\/home\/wp-json\/wp\/v2\/users\/1"}],"replies":[{"embeddable":true,"href":"https:\/\/hombresymujeresdelacasa.com\/home\/wp-json\/wp\/v2\/comments?post=2967"}],"version-history":[{"count":1,"href":"https:\/\/hombresymujeresdelacasa.com\/home\/wp-json\/wp\/v2\/posts\/2967\/revisions"}],"predecessor-version":[{"id":2969,"href":"https:\/\/hombresymujeresdelacasa.com\/home\/wp-json\/wp\/v2\/posts\/2967\/revisions\/2969"}],"wp:featuredmedia":[{"embeddable":true,"href":"https:\/\/hombresymujeresdelacasa.com\/home\/wp-json\/wp\/v2\/media\/2968"}],"wp:attachment":[{"href":"https:\/\/hombresymujeresdelacasa.com\/home\/wp-json\/wp\/v2\/media?parent=2967"}],"wp:term":[{"taxonomy":"category","embeddable":true,"href":"https:\/\/hombresymujeresdelacasa.com\/home\/wp-json\/wp\/v2\/categories?post=2967"},{"taxonomy":"post_tag","embeddable":true,"href":"https:\/\/hombresymujeresdelacasa.com\/home\/wp-json\/wp\/v2\/tags?post=2967"}],"curies":[{"name":"wp","href":"https:\/\/api.w.org\/{rel}","templated":true}]}}