{"id":2960,"date":"2017-12-19T07:15:33","date_gmt":"2017-12-19T13:15:33","guid":{"rendered":"http:\/\/hombresymujeresdelacasa.com\/home\/?p=2960"},"modified":"2017-12-19T13:16:22","modified_gmt":"2017-12-19T19:16:22","slug":"crece-venta-de-vivienda-plus-en-mexico","status":"publish","type":"post","link":"https:\/\/hombresymujeresdelacasa.com\/home\/crece-venta-de-vivienda-plus-en-mexico\/","title":{"rendered":"Crece venta de vivienda plus en M\u00e9xico"},"content":{"rendered":"<p>Por Edgar Rosas<\/p>\n<p><em>En los \u00faltimos cuatro a\u00f1os, el segmento ha mostrado un comportamiento al alza en el n\u00famero de viviendas vendidas<\/em><span id=\"more-64374\"><\/span><\/p>\n<p>Durante los primeros nueves meses de 2017, la venta de vivienda plus en la Ciudad de M\u00e9xico registr\u00f3 un incremento de 18.01%, con lo que al cierre de septiembre en la capital del pa\u00eds se desplazaron 2,962 unidades del segmento.<\/p>\n<p>As\u00ed lo dio a conocer la firma especializada Realty World, quien en su reporte Monitor Inmobiliario del mes de noviembre detall\u00f3 que a nivel nacional se vendieron 8,662 viviendas plus, lo que representa un crecimiento de 6.49% en relaci\u00f3n a lo observado en el mismo periodo, pero de 2016.<\/p>\n<p>En lo referente, cabe destacar que el Estado de M\u00e9xico se posicion\u00f3 como la segunda entidad con las mayores ventas del segmento. As\u00ed, en territorio mexiquense, se desplazaron 1,106 viviendas. La cifra representa una disminuci\u00f3n de 7.29% en comparaci\u00f3n con las unidades vendidas en 2016.<\/p>\n<p>Otras entidades que destacan por la venta de vivienda del segmento son Nuevo Le\u00f3n y Jalisco, al registrar 928 y 771 unidades desplazadas en el periodo.<\/p>\n<p>De acuerdo a lo reportado, desde 2013 la venta de vivienda del segmento registra una tendencia al alza. En 2013, la venta alcanz\u00f3 las 5,192 viviendas, mientras que para 2015 la cifra ya tocaba las 7,360.<\/p>\n","protected":false},"excerpt":{"rendered":"<p>Por Edgar Rosas En los \u00faltimos cuatro a\u00f1os, el segmento ha mostrado un comportamiento al alza en el n\u00famero de viviendas vendidas Durante los primeros nueves meses de 2017, la venta de vivienda plus en la Ciudad de M\u00e9xico registr\u00f3 un incremento de 18.01%, con lo que al cierre de septiembre en la capital del [&hellip;]<\/p>\n","protected":false},"author":1,"featured_media":2961,"comment_status":"open","ping_status":"open","sticky":false,"template":"","format":"standard","meta":{"site-sidebar-layout":"default","site-content-layout":"","ast-site-content-layout":"default","site-content-style":"default","site-sidebar-style":"default","ast-global-header-display":"","ast-banner-title-visibility":"","ast-main-header-display":"","ast-hfb-above-header-display":"","ast-hfb-below-header-display":"","ast-hfb-mobile-header-display":"","site-post-title":"","ast-breadcrumbs-content":"","ast-featured-img":"","footer-sml-layout":"","ast-disable-related-posts":"","theme-transparent-header-meta":"","adv-header-id-meta":"","stick-header-meta":"","header-above-stick-meta":"","header-main-stick-meta":"","header-below-stick-meta":"","astra-migrate-meta-layouts":"default","ast-page-background-enabled":"default","ast-page-background-meta":{"desktop":{"background-color":"var(--ast-global-color-4)","background-image":"","background-repeat":"repeat","background-position":"center center","background-size":"auto","background-attachment":"scroll","background-type":"","background-media":"","overlay-type":"","overlay-color":"","overlay-opacity":"","overlay-gradient":""},"tablet":{"background-color":"","background-image":"","background-repeat":"repeat","background-position":"center center","background-size":"auto","background-attachment":"scroll","background-type":"","background-media":"","overlay-type":"","overlay-color":"","overlay-opacity":"","overlay-gradient":""},"mobile":{"background-color":"","background-image":"","background-repeat":"repeat","background-position":"center center","background-size":"auto","background-attachment":"scroll","background-type":"","background-media":"","overlay-type":"","overlay-color":"","overlay-opacity":"","overlay-gradient":""}},"ast-content-background-meta":{"desktop":{"background-color":"var(--ast-global-color-5)","background-image":"","background-repeat":"repeat","background-position":"center center","background-size":"auto","background-attachment":"scroll","background-type":"","background-media":"","overlay-type":"","overlay-color":"","overlay-opacity":"","overlay-gradient":""},"tablet":{"background-color":"var(--ast-global-color-5)","background-image":"","background-repeat":"repeat","background-position":"center center","background-size":"auto","background-attachment":"scroll","background-type":"","background-media":"","overlay-type":"","overlay-color":"","overlay-opacity":"","overlay-gradient":""},"mobile":{"background-color":"var(--ast-global-color-5)","background-image":"","background-repeat":"repeat","background-position":"center center","background-size":"auto","background-attachment":"scroll","background-type":"","background-media":"","overlay-type":"","overlay-color":"","overlay-opacity":"","overlay-gradient":""}},"footnotes":""},"categories":[4],"tags":[41,488,489],"class_list":["post-2960","post","type-post","status-publish","format-standard","has-post-thumbnail","hentry","category-noticias","tag-cdmx","tag-venta-de-vivienda","tag-vivienda-plus"],"_links":{"self":[{"href":"https:\/\/hombresymujeresdelacasa.com\/home\/wp-json\/wp\/v2\/posts\/2960","targetHints":{"allow":["GET"]}}],"collection":[{"href":"https:\/\/hombresymujeresdelacasa.com\/home\/wp-json\/wp\/v2\/posts"}],"about":[{"href":"https:\/\/hombresymujeresdelacasa.com\/home\/wp-json\/wp\/v2\/types\/post"}],"author":[{"embeddable":true,"href":"https:\/\/hombresymujeresdelacasa.com\/home\/wp-json\/wp\/v2\/users\/1"}],"replies":[{"embeddable":true,"href":"https:\/\/hombresymujeresdelacasa.com\/home\/wp-json\/wp\/v2\/comments?post=2960"}],"version-history":[{"count":1,"href":"https:\/\/hombresymujeresdelacasa.com\/home\/wp-json\/wp\/v2\/posts\/2960\/revisions"}],"predecessor-version":[{"id":2962,"href":"https:\/\/hombresymujeresdelacasa.com\/home\/wp-json\/wp\/v2\/posts\/2960\/revisions\/2962"}],"wp:featuredmedia":[{"embeddable":true,"href":"https:\/\/hombresymujeresdelacasa.com\/home\/wp-json\/wp\/v2\/media\/2961"}],"wp:attachment":[{"href":"https:\/\/hombresymujeresdelacasa.com\/home\/wp-json\/wp\/v2\/media?parent=2960"}],"wp:term":[{"taxonomy":"category","embeddable":true,"href":"https:\/\/hombresymujeresdelacasa.com\/home\/wp-json\/wp\/v2\/categories?post=2960"},{"taxonomy":"post_tag","embeddable":true,"href":"https:\/\/hombresymujeresdelacasa.com\/home\/wp-json\/wp\/v2\/tags?post=2960"}],"curies":[{"name":"wp","href":"https:\/\/api.w.org\/{rel}","templated":true}]}}