{"id":2954,"date":"2017-12-18T15:54:36","date_gmt":"2017-12-18T21:54:36","guid":{"rendered":"http:\/\/hombresymujeresdelacasa.com\/home\/?p=2954"},"modified":"2017-12-19T12:40:17","modified_gmt":"2017-12-19T18:40:17","slug":"comprar-vivienda-la-mejor-opcion-de-inversion-bancomer","status":"publish","type":"post","link":"https:\/\/hombresymujeresdelacasa.com\/home\/comprar-vivienda-la-mejor-opcion-de-inversion-bancomer\/","title":{"rendered":"Comprar vivienda, la mejor opci\u00f3n de inversi\u00f3n: Bancomer"},"content":{"rendered":"<p>Por Edgar Rosas<\/p>\n<p><em>De acuerdo con Samuel V\u00e1zquez, especialista del banco, comprar una casa representa un rendimiento positivo para las familias<\/em><span id=\"more-64369\"><\/span><\/p>\n<p>La adquisici\u00f3n de una vivienda en la actualidad es una de las mejores inversiones a largo plazo para las familias, esto a pesar del incremento en las tasas de inter\u00e9s en financiamiento, asegur\u00f3 Samuel V\u00e1zquez, economista principal de BBVA Bancomer.<\/p>\n<p>El especialista se\u00f1al\u00f3 que por lo menos desde 2005, los precios de la vivienda han mantenido una tendencia de crecimiento, con un 5.4% de avance a tasa anual. Dijo que 2017 cerrar\u00e1 con un incremento anual de alrededor 5.8% y que para 2018 el incremento estar\u00eda por arriba del 6 por ciento.<\/p>\n<p>Samuel V\u00e1zquez detall\u00f3 que la compra de una vivienda representa para una persona contar con un rendimiento positivo de su dinero, \u201cque el valor crecer\u00e1 y no se deteriorar\u00e1 con el paso del tiempo, por lo que se vuelve fundamental el impacto que podr\u00eda tener el alza en las tasas de inter\u00e9s y la inflaci\u00f3n en el sector\u201d.<\/p>\n","protected":false},"excerpt":{"rendered":"<p>Por Edgar Rosas De acuerdo con Samuel V\u00e1zquez, especialista del banco, comprar una casa representa un rendimiento positivo para las familias La adquisici\u00f3n de una vivienda en la actualidad es una de las mejores inversiones a largo plazo para las familias, esto a pesar del incremento en las tasas de inter\u00e9s en financiamiento, asegur\u00f3 Samuel [&hellip;]<\/p>\n","protected":false},"author":1,"featured_media":2955,"comment_status":"open","ping_status":"open","sticky":false,"template":"","format":"standard","meta":{"site-sidebar-layout":"default","site-content-layout":"","ast-site-content-layout":"default","site-content-style":"default","site-sidebar-style":"default","ast-global-header-display":"","ast-banner-title-visibility":"","ast-main-header-display":"","ast-hfb-above-header-display":"","ast-hfb-below-header-display":"","ast-hfb-mobile-header-display":"","site-post-title":"","ast-breadcrumbs-content":"","ast-featured-img":"","footer-sml-layout":"","ast-disable-related-posts":"","theme-transparent-header-meta":"","adv-header-id-meta":"","stick-header-meta":"","header-above-stick-meta":"","header-main-stick-meta":"","header-below-stick-meta":"","astra-migrate-meta-layouts":"default","ast-page-background-enabled":"default","ast-page-background-meta":{"desktop":{"background-color":"var(--ast-global-color-4)","background-image":"","background-repeat":"repeat","background-position":"center center","background-size":"auto","background-attachment":"scroll","background-type":"","background-media":"","overlay-type":"","overlay-color":"","overlay-opacity":"","overlay-gradient":""},"tablet":{"background-color":"","background-image":"","background-repeat":"repeat","background-position":"center center","background-size":"auto","background-attachment":"scroll","background-type":"","background-media":"","overlay-type":"","overlay-color":"","overlay-opacity":"","overlay-gradient":""},"mobile":{"background-color":"","background-image":"","background-repeat":"repeat","background-position":"center center","background-size":"auto","background-attachment":"scroll","background-type":"","background-media":"","overlay-type":"","overlay-color":"","overlay-opacity":"","overlay-gradient":""}},"ast-content-background-meta":{"desktop":{"background-color":"var(--ast-global-color-5)","background-image":"","background-repeat":"repeat","background-position":"center center","background-size":"auto","background-attachment":"scroll","background-type":"","background-media":"","overlay-type":"","overlay-color":"","overlay-opacity":"","overlay-gradient":""},"tablet":{"background-color":"var(--ast-global-color-5)","background-image":"","background-repeat":"repeat","background-position":"center center","background-size":"auto","background-attachment":"scroll","background-type":"","background-media":"","overlay-type":"","overlay-color":"","overlay-opacity":"","overlay-gradient":""},"mobile":{"background-color":"var(--ast-global-color-5)","background-image":"","background-repeat":"repeat","background-position":"center center","background-size":"auto","background-attachment":"scroll","background-type":"","background-media":"","overlay-type":"","overlay-color":"","overlay-opacity":"","overlay-gradient":""}},"footnotes":""},"categories":[4],"tags":[28,486,177],"class_list":["post-2954","post","type-post","status-publish","format-standard","has-post-thumbnail","hentry","category-noticias","tag-bbva-bancomer","tag-samuel-vazquez-economista-principal-de-bbva-bancomer","tag-vivienda"],"_links":{"self":[{"href":"https:\/\/hombresymujeresdelacasa.com\/home\/wp-json\/wp\/v2\/posts\/2954","targetHints":{"allow":["GET"]}}],"collection":[{"href":"https:\/\/hombresymujeresdelacasa.com\/home\/wp-json\/wp\/v2\/posts"}],"about":[{"href":"https:\/\/hombresymujeresdelacasa.com\/home\/wp-json\/wp\/v2\/types\/post"}],"author":[{"embeddable":true,"href":"https:\/\/hombresymujeresdelacasa.com\/home\/wp-json\/wp\/v2\/users\/1"}],"replies":[{"embeddable":true,"href":"https:\/\/hombresymujeresdelacasa.com\/home\/wp-json\/wp\/v2\/comments?post=2954"}],"version-history":[{"count":1,"href":"https:\/\/hombresymujeresdelacasa.com\/home\/wp-json\/wp\/v2\/posts\/2954\/revisions"}],"predecessor-version":[{"id":2956,"href":"https:\/\/hombresymujeresdelacasa.com\/home\/wp-json\/wp\/v2\/posts\/2954\/revisions\/2956"}],"wp:featuredmedia":[{"embeddable":true,"href":"https:\/\/hombresymujeresdelacasa.com\/home\/wp-json\/wp\/v2\/media\/2955"}],"wp:attachment":[{"href":"https:\/\/hombresymujeresdelacasa.com\/home\/wp-json\/wp\/v2\/media?parent=2954"}],"wp:term":[{"taxonomy":"category","embeddable":true,"href":"https:\/\/hombresymujeresdelacasa.com\/home\/wp-json\/wp\/v2\/categories?post=2954"},{"taxonomy":"post_tag","embeddable":true,"href":"https:\/\/hombresymujeresdelacasa.com\/home\/wp-json\/wp\/v2\/tags?post=2954"}],"curies":[{"name":"wp","href":"https:\/\/api.w.org\/{rel}","templated":true}]}}