{"id":2948,"date":"2017-12-15T11:42:26","date_gmt":"2017-12-15T17:42:26","guid":{"rendered":"http:\/\/hombresymujeresdelacasa.com\/home\/?p=2948"},"modified":"2017-12-15T11:42:26","modified_gmt":"2017-12-15T17:42:26","slug":"impulsa-senado-accesibilidad-universal-de-vivienda","status":"publish","type":"post","link":"https:\/\/hombresymujeresdelacasa.com\/home\/impulsa-senado-accesibilidad-universal-de-vivienda\/","title":{"rendered":"Impulsa Senado accesibilidad universal de vivienda"},"content":{"rendered":"<p>Por Edgar Rosas<\/p>\n<p><em>Los cambios tienen el objetivo de garantizare el acceso de adultos mayores y discapacitados a soluciones habitacionales<\/em><span id=\"more-64208\"><\/span><\/p>\n<p>El pleno del Senado de la Rep\u00fablica aprob\u00f3 reformas a la Ley de Vivienda, cambios con los que se a\u00f1ade a la legislaci\u00f3n disposiciones en aras de impulsar la accesibilidad universal para personas con discapacidad y adultos mayores en materia de soluciones habitacionales.<\/p>\n<p>Los integrantes la C\u00e1mara Alta aprobaron con 82 votos las modificaciones. De manera concreta Se adicion\u00f3 un p\u00e1rrafo tercero al art\u00edculo 71 de la Ley, con lo que se mandata a la Comisi\u00f3n Nacional de Vivienda (Conavi) promover \u201cque el desarrollo de acciones habitacionales destinadas a personas con discapacidad o adultas mayores, se realicen de conformidad con lo establecido por la Ley General para la Inclusi\u00f3n de las Personas con Discapacidad y la Ley de los Derechos de las Personas Adultas Mayores, respectivamente\u201d.<\/p>\n<p>La reforma, aseguraron los legisladores, obedeci\u00f3 a la necesidad de incluir estas disposiciones en la ley, derivado que otros ordenamientos jur\u00eddicos y disposiciones program\u00e1ticas las contemplan.<\/p>\n<p>Seg\u00fan informaci\u00f3n del Consejo Nacional de Evaluaci\u00f3n de la Pol\u00edtica de Desarrollo Social (Coneval), las personas con discapacidad, \u201cenfrentan una carencia significativa de acceso a la vivienda, ya que 0.8 millones de personas con discapacidad se encuentran en carencia por calidad y espacios de vivienda\u201d.<\/p>\n","protected":false},"excerpt":{"rendered":"<p>Por Edgar Rosas Los cambios tienen el objetivo de garantizare el acceso de adultos mayores y discapacitados a soluciones habitacionales El pleno del Senado de la Rep\u00fablica aprob\u00f3 reformas a la Ley de Vivienda, cambios con los que se a\u00f1ade a la legislaci\u00f3n disposiciones en aras de impulsar la accesibilidad universal para personas con discapacidad [&hellip;]<\/p>\n","protected":false},"author":1,"featured_media":2949,"comment_status":"open","ping_status":"open","sticky":false,"template":"","format":"standard","meta":{"site-sidebar-layout":"default","site-content-layout":"","ast-site-content-layout":"default","site-content-style":"default","site-sidebar-style":"default","ast-global-header-display":"","ast-banner-title-visibility":"","ast-main-header-display":"","ast-hfb-above-header-display":"","ast-hfb-below-header-display":"","ast-hfb-mobile-header-display":"","site-post-title":"","ast-breadcrumbs-content":"","ast-featured-img":"","footer-sml-layout":"","ast-disable-related-posts":"","theme-transparent-header-meta":"","adv-header-id-meta":"","stick-header-meta":"","header-above-stick-meta":"","header-main-stick-meta":"","header-below-stick-meta":"","astra-migrate-meta-layouts":"default","ast-page-background-enabled":"default","ast-page-background-meta":{"desktop":{"background-color":"var(--ast-global-color-4)","background-image":"","background-repeat":"repeat","background-position":"center center","background-size":"auto","background-attachment":"scroll","background-type":"","background-media":"","overlay-type":"","overlay-color":"","overlay-opacity":"","overlay-gradient":""},"tablet":{"background-color":"","background-image":"","background-repeat":"repeat","background-position":"center center","background-size":"auto","background-attachment":"scroll","background-type":"","background-media":"","overlay-type":"","overlay-color":"","overlay-opacity":"","overlay-gradient":""},"mobile":{"background-color":"","background-image":"","background-repeat":"repeat","background-position":"center center","background-size":"auto","background-attachment":"scroll","background-type":"","background-media":"","overlay-type":"","overlay-color":"","overlay-opacity":"","overlay-gradient":""}},"ast-content-background-meta":{"desktop":{"background-color":"var(--ast-global-color-5)","background-image":"","background-repeat":"repeat","background-position":"center center","background-size":"auto","background-attachment":"scroll","background-type":"","background-media":"","overlay-type":"","overlay-color":"","overlay-opacity":"","overlay-gradient":""},"tablet":{"background-color":"var(--ast-global-color-5)","background-image":"","background-repeat":"repeat","background-position":"center center","background-size":"auto","background-attachment":"scroll","background-type":"","background-media":"","overlay-type":"","overlay-color":"","overlay-opacity":"","overlay-gradient":""},"mobile":{"background-color":"var(--ast-global-color-5)","background-image":"","background-repeat":"repeat","background-position":"center center","background-size":"auto","background-attachment":"scroll","background-type":"","background-media":"","overlay-type":"","overlay-color":"","overlay-opacity":"","overlay-gradient":""}},"footnotes":""},"categories":[4],"tags":[482,438,483,484,177],"class_list":["post-2948","post","type-post","status-publish","format-standard","has-post-thumbnail","hentry","category-noticias","tag-accesibilidad-universal","tag-adultos-mayores","tag-discapacitados","tag-ley-de-vivienda","tag-vivienda"],"_links":{"self":[{"href":"https:\/\/hombresymujeresdelacasa.com\/home\/wp-json\/wp\/v2\/posts\/2948","targetHints":{"allow":["GET"]}}],"collection":[{"href":"https:\/\/hombresymujeresdelacasa.com\/home\/wp-json\/wp\/v2\/posts"}],"about":[{"href":"https:\/\/hombresymujeresdelacasa.com\/home\/wp-json\/wp\/v2\/types\/post"}],"author":[{"embeddable":true,"href":"https:\/\/hombresymujeresdelacasa.com\/home\/wp-json\/wp\/v2\/users\/1"}],"replies":[{"embeddable":true,"href":"https:\/\/hombresymujeresdelacasa.com\/home\/wp-json\/wp\/v2\/comments?post=2948"}],"version-history":[{"count":1,"href":"https:\/\/hombresymujeresdelacasa.com\/home\/wp-json\/wp\/v2\/posts\/2948\/revisions"}],"predecessor-version":[{"id":2950,"href":"https:\/\/hombresymujeresdelacasa.com\/home\/wp-json\/wp\/v2\/posts\/2948\/revisions\/2950"}],"wp:featuredmedia":[{"embeddable":true,"href":"https:\/\/hombresymujeresdelacasa.com\/home\/wp-json\/wp\/v2\/media\/2949"}],"wp:attachment":[{"href":"https:\/\/hombresymujeresdelacasa.com\/home\/wp-json\/wp\/v2\/media?parent=2948"}],"wp:term":[{"taxonomy":"category","embeddable":true,"href":"https:\/\/hombresymujeresdelacasa.com\/home\/wp-json\/wp\/v2\/categories?post=2948"},{"taxonomy":"post_tag","embeddable":true,"href":"https:\/\/hombresymujeresdelacasa.com\/home\/wp-json\/wp\/v2\/tags?post=2948"}],"curies":[{"name":"wp","href":"https:\/\/api.w.org\/{rel}","templated":true}]}}