{"id":2939,"date":"2017-12-12T07:15:14","date_gmt":"2017-12-12T13:15:14","guid":{"rendered":"http:\/\/hombresymujeresdelacasa.com\/home\/?p=2939"},"modified":"2017-12-14T10:42:03","modified_gmt":"2017-12-14T16:42:03","slug":"reportan-desaceleracion-en-credito-a-la-vivienda","status":"publish","type":"post","link":"https:\/\/hombresymujeresdelacasa.com\/home\/reportan-desaceleracion-en-credito-a-la-vivienda\/","title":{"rendered":"Reportan desaceleraci\u00f3n en cr\u00e9dito a la vivienda"},"content":{"rendered":"<p>Por Edgar Rosas<\/p>\n<p><em>Los segmentos de inter\u00e9s social y residencial registraron una reducci\u00f3n de 0.2pp<\/em><span id=\"more-64085\"><\/span><\/p>\n<p>Durante octubre 2017, el cr\u00e9dito a la vivienda creci\u00f3 9.2% a tasa anual nomina, lo que representa un decremento en relaci\u00f3n a la tasa observada a septiembre, cuando se posicion\u00f3 en 9.4 por ciento.<\/p>\n<p>As\u00ed lo dio a conocer BBVA Bancomer, quien en un documento donde expone el an\u00e1lisis y perspectivas en el mercado crediticio mexicano destac\u00f3 que el cr\u00e9dito a la vivienda en los segmentos de inter\u00e9s social y residencial registraron una reducci\u00f3n de 0.2 puntos porcentuales en su tasa de crecimiento anual en relaci\u00f3n a lo observado en septiembre.<\/p>\n<p>\u201cEl segmento de inter\u00e9s social profund\u00f3 su ca\u00edda de -4.9% a -5.1%, mientras que el cr\u00e9dito para vivienda media y residencial creci\u00f3 11.0% en octubre vs 11.2% en septiembre\u201d, detall\u00f3.<\/p>\n<p>La instituci\u00f3n record\u00f3 que el cr\u00e9dito a la vivienda est\u00e1 ligado a la capacidad de compra de los trabajadores. En este sentido, el banco puntualiz\u00f3 que \u201cel crecimiento moderado de esta cartera sigue reflejando el efecto negativo que la inflaci\u00f3n ha tenido sobre dichos salarios y la moderaci\u00f3n en el ritmo de crecimiento del empleo formal\u201d.<\/p>\n<p>En lo referente, Carlos Serrano economista jefe de BBVA Bancomer, se\u00f1al\u00f3 que la banca comercial se ha consolidado como el actor m\u00e1s importante en el otorgamiento de cr\u00e9dito. Precis\u00f3 que, de cada 100 pesos invertidos para financiamiento, 19 son para cr\u00e9dito a la vivienda.<\/p>\n","protected":false},"excerpt":{"rendered":"<p>Por Edgar Rosas Los segmentos de inter\u00e9s social y residencial registraron una reducci\u00f3n de 0.2pp Durante octubre 2017, el cr\u00e9dito a la vivienda creci\u00f3 9.2% a tasa anual nomina, lo que representa un decremento en relaci\u00f3n a la tasa observada a septiembre, cuando se posicion\u00f3 en 9.4 por ciento. As\u00ed lo dio a conocer BBVA [&hellip;]<\/p>\n","protected":false},"author":1,"featured_media":2944,"comment_status":"open","ping_status":"open","sticky":false,"template":"","format":"standard","meta":{"site-sidebar-layout":"default","site-content-layout":"","ast-site-content-layout":"default","site-content-style":"default","site-sidebar-style":"default","ast-global-header-display":"","ast-banner-title-visibility":"","ast-main-header-display":"","ast-hfb-above-header-display":"","ast-hfb-below-header-display":"","ast-hfb-mobile-header-display":"","site-post-title":"","ast-breadcrumbs-content":"","ast-featured-img":"","footer-sml-layout":"","ast-disable-related-posts":"","theme-transparent-header-meta":"","adv-header-id-meta":"","stick-header-meta":"","header-above-stick-meta":"","header-main-stick-meta":"","header-below-stick-meta":"","astra-migrate-meta-layouts":"default","ast-page-background-enabled":"default","ast-page-background-meta":{"desktop":{"background-color":"var(--ast-global-color-4)","background-image":"","background-repeat":"repeat","background-position":"center center","background-size":"auto","background-attachment":"scroll","background-type":"","background-media":"","overlay-type":"","overlay-color":"","overlay-opacity":"","overlay-gradient":""},"tablet":{"background-color":"","background-image":"","background-repeat":"repeat","background-position":"center center","background-size":"auto","background-attachment":"scroll","background-type":"","background-media":"","overlay-type":"","overlay-color":"","overlay-opacity":"","overlay-gradient":""},"mobile":{"background-color":"","background-image":"","background-repeat":"repeat","background-position":"center center","background-size":"auto","background-attachment":"scroll","background-type":"","background-media":"","overlay-type":"","overlay-color":"","overlay-opacity":"","overlay-gradient":""}},"ast-content-background-meta":{"desktop":{"background-color":"var(--ast-global-color-5)","background-image":"","background-repeat":"repeat","background-position":"center center","background-size":"auto","background-attachment":"scroll","background-type":"","background-media":"","overlay-type":"","overlay-color":"","overlay-opacity":"","overlay-gradient":""},"tablet":{"background-color":"var(--ast-global-color-5)","background-image":"","background-repeat":"repeat","background-position":"center center","background-size":"auto","background-attachment":"scroll","background-type":"","background-media":"","overlay-type":"","overlay-color":"","overlay-opacity":"","overlay-gradient":""},"mobile":{"background-color":"var(--ast-global-color-5)","background-image":"","background-repeat":"repeat","background-position":"center center","background-size":"auto","background-attachment":"scroll","background-type":"","background-media":"","overlay-type":"","overlay-color":"","overlay-opacity":"","overlay-gradient":""}},"footnotes":""},"categories":[4],"tags":[28,481,55,177],"class_list":["post-2939","post","type-post","status-publish","format-standard","has-post-thumbnail","hentry","category-noticias","tag-bbva-bancomer","tag-carlos-serrano-herrera","tag-credito","tag-vivienda"],"_links":{"self":[{"href":"https:\/\/hombresymujeresdelacasa.com\/home\/wp-json\/wp\/v2\/posts\/2939","targetHints":{"allow":["GET"]}}],"collection":[{"href":"https:\/\/hombresymujeresdelacasa.com\/home\/wp-json\/wp\/v2\/posts"}],"about":[{"href":"https:\/\/hombresymujeresdelacasa.com\/home\/wp-json\/wp\/v2\/types\/post"}],"author":[{"embeddable":true,"href":"https:\/\/hombresymujeresdelacasa.com\/home\/wp-json\/wp\/v2\/users\/1"}],"replies":[{"embeddable":true,"href":"https:\/\/hombresymujeresdelacasa.com\/home\/wp-json\/wp\/v2\/comments?post=2939"}],"version-history":[{"count":1,"href":"https:\/\/hombresymujeresdelacasa.com\/home\/wp-json\/wp\/v2\/posts\/2939\/revisions"}],"predecessor-version":[{"id":2945,"href":"https:\/\/hombresymujeresdelacasa.com\/home\/wp-json\/wp\/v2\/posts\/2939\/revisions\/2945"}],"wp:featuredmedia":[{"embeddable":true,"href":"https:\/\/hombresymujeresdelacasa.com\/home\/wp-json\/wp\/v2\/media\/2944"}],"wp:attachment":[{"href":"https:\/\/hombresymujeresdelacasa.com\/home\/wp-json\/wp\/v2\/media?parent=2939"}],"wp:term":[{"taxonomy":"category","embeddable":true,"href":"https:\/\/hombresymujeresdelacasa.com\/home\/wp-json\/wp\/v2\/categories?post=2939"},{"taxonomy":"post_tag","embeddable":true,"href":"https:\/\/hombresymujeresdelacasa.com\/home\/wp-json\/wp\/v2\/tags?post=2939"}],"curies":[{"name":"wp","href":"https:\/\/api.w.org\/{rel}","templated":true}]}}