{"id":2640,"date":"2017-11-29T14:15:40","date_gmt":"2017-11-29T20:15:40","guid":{"rendered":"http:\/\/hombresymujeresdelacasa.com\/home\/?p=2640"},"modified":"2017-11-29T14:15:40","modified_gmt":"2017-11-29T20:15:40","slug":"shf-y-aver-firman-acuerdo-para-impulsar-vivienda-en-renta","status":"publish","type":"post","link":"https:\/\/hombresymujeresdelacasa.com\/home\/shf-y-aver-firman-acuerdo-para-impulsar-vivienda-en-renta\/","title":{"rendered":"SHF y AVER firman acuerdo para impulsar vivienda en renta"},"content":{"rendered":"<p>Por Diego Rodr\u00edguez<\/p>\n<p><em>Buscar\u00e1n que el mercado de renta sea m\u00e1s amplio y haya mayor formalidad en este sector<\/em><\/p>\n<p>La Sociedad Hipotecaria Federal (SHF) y la Asociaci\u00f3n de Vivienda en Renta (AVER) firmaron una carta de entendiemiento, con la que la SHF ser\u00e1 integrante honorario de la organizaci\u00f3n, cuyo objetivo es el fomento, difusi\u00f3n, integraci\u00f3n, desarrollo, crecimiento y fortalecimiento del sector de la vivienda en renta en M\u00e9xico.<\/p>\n<p>Francisco Andragnes, presidente de la AVER, dijo que en M\u00e9xico s\u00f3lo 10% de la vivienda es en renta, por lo que hay un gran potencial para ampliar este mercado, con lo que se podr\u00e1 atender las necesidades de la gente.<\/p>\n<p>\u201cCreemos que la vivienda en renta aporta a la sociedad la posibilidad de tener una vivienda accesible, ubicadas en donde la gente quiere vivir, con los servicios que se necesitan, a un precio accesible para la gente joven, divorciados, viudos o gente que no tiene ahorros para pagar un enganche\u201d.<\/p>\n<p>Tambi\u00e9n destac\u00f3 el trabajo de la SHF para impulsar proyectos de renta como parte de su pol\u00edtica de cr\u00e9ditos, as\u00ed como por el impuls\u00f3 que les dio a diferentes desarrolladores enfocados en este sector para organizarse y tener mayor capacidad de gesti\u00f3n, por lo que decidieron hacerla integrante honoraria de AVER.<\/p>\n<p>\u201cDesde hace 10 a\u00f1os muchos de nosotros trabaj\u00e1bamos en los primeros proyectos, cada uno por su lado empez\u00f3, con ideas, con proyectos, pero de una manera aislada. SHF gener\u00f3 que empez\u00e1ramos a hablar entre nosotros, por eso quiero destacar el rol de Jes\u00fas Cano V\u00e9lez y de Homero Garza para que esta sociedad sea una realidad\u201d, agreg\u00f3.<\/p>\n<p>Asimismo, consider\u00f3 que la organizaci\u00f3n ayudar\u00e1 a que haya un mercado m\u00e1s transparente, con mayor informaci\u00f3n y generar un mercado m\u00e1s formal.<\/p>\n<p>\u201cHasta ahora se dec\u00eda que la vivienda en venta es formal y la vivienda en renta no, creemos en un mercado de renta formal, que paga impuestos, que tiene contratos, que respeta los derechos de los inquilinos, que se ayuda a que haya una mejor vida. Los inquilinos no son una contraparte, son nuestros clientes, son a los que nos debemos en nuestros productos\u201d.<\/p>\n<p>El director general de SHF explic\u00f3 que la participaci\u00f3n de la instituci\u00f3n ser\u00e1 generar sinergias importantes con la participaci\u00f3n de entidades p\u00fablicas y privadas, para impulsar el desarrollo del mercado de vivienda en renta; y as\u00ed cumplir como Banca de Desarrollo con el impulso del mercado institucional de vivienda en renta.<\/p>\n<p>\u201cDesde 2014 lanzamos un esquema novedoso de financiamiento para la vivienda en renta, el cual se da a plazos de hasta 25 a\u00f1os, con un periodo de gracia en capital de hasta 4 a\u00f1os. El objetivo de la SHF al impulsar este mercado es lograr una mayor institucionalizaci\u00f3n y formalizaci\u00f3n del mercado de vivienda en renta, mismo que actualmente es mayoritariamente informal\u201d.<\/p>\n<p>A la fecha, la SHF ha autorizado cr\u00e9ditos para 18 proyectos en ocho estados, con una inversi\u00f3n de 8,111 millones de pesos, a trav\u00e9s de financiamiento por 5,293 millones, con lo que se estima desarrollar m\u00e1s de 3,000 viviendas para renta institucional en el pa\u00eds.<\/p>\n<p>El Consejo de la Asociaci\u00f3n est\u00e1 integrado Francisco Andragnes, en la presidencia; Pablo Fonseca, como Tesorero, ambos pertenecen a la empresa de Metrobuildings Development; la Secretar\u00eda la ocupa Rodrigo Suarez, de HASTA Capital; los vocales son representantes de las empresas Greystar, Prudential, Gran Ciudad y Abilia.<\/p>\n","protected":false},"excerpt":{"rendered":"<p>Por Diego Rodr\u00edguez Buscar\u00e1n que el mercado de renta sea m\u00e1s amplio y haya mayor formalidad en este sector La Sociedad Hipotecaria Federal (SHF) y la Asociaci\u00f3n de Vivienda en Renta (AVER) firmaron una carta de entendiemiento, con la que la SHF ser\u00e1 integrante honorario de la organizaci\u00f3n, cuyo objetivo es el fomento, difusi\u00f3n, integraci\u00f3n, [&hellip;]<\/p>\n","protected":false},"author":1,"featured_media":2641,"comment_status":"open","ping_status":"open","sticky":false,"template":"","format":"standard","meta":{"site-sidebar-layout":"default","site-content-layout":"","ast-site-content-layout":"default","site-content-style":"default","site-sidebar-style":"default","ast-global-header-display":"","ast-banner-title-visibility":"","ast-main-header-display":"","ast-hfb-above-header-display":"","ast-hfb-below-header-display":"","ast-hfb-mobile-header-display":"","site-post-title":"","ast-breadcrumbs-content":"","ast-featured-img":"","footer-sml-layout":"","ast-disable-related-posts":"","theme-transparent-header-meta":"","adv-header-id-meta":"","stick-header-meta":"","header-above-stick-meta":"","header-main-stick-meta":"","header-below-stick-meta":"","astra-migrate-meta-layouts":"default","ast-page-background-enabled":"default","ast-page-background-meta":{"desktop":{"background-color":"var(--ast-global-color-4)","background-image":"","background-repeat":"repeat","background-position":"center center","background-size":"auto","background-attachment":"scroll","background-type":"","background-media":"","overlay-type":"","overlay-color":"","overlay-opacity":"","overlay-gradient":""},"tablet":{"background-color":"","background-image":"","background-repeat":"repeat","background-position":"center center","background-size":"auto","background-attachment":"scroll","background-type":"","background-media":"","overlay-type":"","overlay-color":"","overlay-opacity":"","overlay-gradient":""},"mobile":{"background-color":"","background-image":"","background-repeat":"repeat","background-position":"center center","background-size":"auto","background-attachment":"scroll","background-type":"","background-media":"","overlay-type":"","overlay-color":"","overlay-opacity":"","overlay-gradient":""}},"ast-content-background-meta":{"desktop":{"background-color":"var(--ast-global-color-5)","background-image":"","background-repeat":"repeat","background-position":"center center","background-size":"auto","background-attachment":"scroll","background-type":"","background-media":"","overlay-type":"","overlay-color":"","overlay-opacity":"","overlay-gradient":""},"tablet":{"background-color":"var(--ast-global-color-5)","background-image":"","background-repeat":"repeat","background-position":"center center","background-size":"auto","background-attachment":"scroll","background-type":"","background-media":"","overlay-type":"","overlay-color":"","overlay-opacity":"","overlay-gradient":""},"mobile":{"background-color":"var(--ast-global-color-5)","background-image":"","background-repeat":"repeat","background-position":"center center","background-size":"auto","background-attachment":"scroll","background-type":"","background-media":"","overlay-type":"","overlay-color":"","overlay-opacity":"","overlay-gradient":""}},"footnotes":""},"categories":[4],"tags":[436,437,203,201,155,177],"class_list":["post-2640","post","type-post","status-publish","format-standard","has-post-thumbnail","hentry","category-noticias","tag-aver","tag-francisco-andragnes","tag-homero-garza","tag-jesus-alberto-cano-velez","tag-shf","tag-vivienda"],"_links":{"self":[{"href":"https:\/\/hombresymujeresdelacasa.com\/home\/wp-json\/wp\/v2\/posts\/2640","targetHints":{"allow":["GET"]}}],"collection":[{"href":"https:\/\/hombresymujeresdelacasa.com\/home\/wp-json\/wp\/v2\/posts"}],"about":[{"href":"https:\/\/hombresymujeresdelacasa.com\/home\/wp-json\/wp\/v2\/types\/post"}],"author":[{"embeddable":true,"href":"https:\/\/hombresymujeresdelacasa.com\/home\/wp-json\/wp\/v2\/users\/1"}],"replies":[{"embeddable":true,"href":"https:\/\/hombresymujeresdelacasa.com\/home\/wp-json\/wp\/v2\/comments?post=2640"}],"version-history":[{"count":1,"href":"https:\/\/hombresymujeresdelacasa.com\/home\/wp-json\/wp\/v2\/posts\/2640\/revisions"}],"predecessor-version":[{"id":2642,"href":"https:\/\/hombresymujeresdelacasa.com\/home\/wp-json\/wp\/v2\/posts\/2640\/revisions\/2642"}],"wp:featuredmedia":[{"embeddable":true,"href":"https:\/\/hombresymujeresdelacasa.com\/home\/wp-json\/wp\/v2\/media\/2641"}],"wp:attachment":[{"href":"https:\/\/hombresymujeresdelacasa.com\/home\/wp-json\/wp\/v2\/media?parent=2640"}],"wp:term":[{"taxonomy":"category","embeddable":true,"href":"https:\/\/hombresymujeresdelacasa.com\/home\/wp-json\/wp\/v2\/categories?post=2640"},{"taxonomy":"post_tag","embeddable":true,"href":"https:\/\/hombresymujeresdelacasa.com\/home\/wp-json\/wp\/v2\/tags?post=2640"}],"curies":[{"name":"wp","href":"https:\/\/api.w.org\/{rel}","templated":true}]}}