{"id":2423,"date":"2017-11-15T17:47:43","date_gmt":"2017-11-15T23:47:43","guid":{"rendered":"http:\/\/hombresymujeresdelacasa.com\/home\/?p=2423"},"modified":"2017-11-15T17:48:13","modified_gmt":"2017-11-15T23:48:13","slug":"reconstruccion-de-viviendas-no-debe-detenerse-por-elecciones","status":"publish","type":"post","link":"https:\/\/hombresymujeresdelacasa.com\/home\/reconstruccion-de-viviendas-no-debe-detenerse-por-elecciones\/","title":{"rendered":"Reconstrucci\u00f3n de viviendas no debe detenerse por elecciones"},"content":{"rendered":"<p>Por Diego Rodr\u00edguez<\/p>\n<p><em>Conorevi solicita que presupuesto de 2018 se enfoque en su mayor\u00eda para las personas no afiliadas a los organismos nacionales de vivienda<\/em><\/p>\n<p>Para Octavio Gonz\u00e1lez, presidente del Consejo Nacional de Organismos Estatales de Vivienda (Conorevi), el proceso electoral para renovar la presidencia del pa\u00eds, as\u00ed como la gubernatura de varios estados que fueron afectados por los temblores de septiembre, no debe ser factor para detener el proceso de reconstrucci\u00f3n.<\/p>\n<p>En entrevista con <a href=\"http:\/\/bit.ly\/2oaQo6V\" rel=\"nofollow noopener\" target=\"_blank\"><strong>Centro Urbano<\/strong>,<\/a> el ingeniero consider\u00f3 que los aspirantes a alg\u00fan cargo p\u00fablico deben entender que no se debe sacar provecho pol\u00edtico de la tragedia, sino que el tema es ayudar a quienes resultaron damnificados, sin importar su militancia partidista.<\/p>\n<p>\u201cHasta ahora hemos visto que se ha hecho un manejo como tiene que ser: institucional y con sentido de responsabilidad como gobierno. Esto no debe ser un tema que se pueda sacar provecho pol\u00edtico. Es un tema que es la obligaci\u00f3n que se tiene como gobierno, es tambi\u00e9n de sentido humano, de colaboraci\u00f3n y de integraci\u00f3n con las personas que han sido afectadas\u201d.<\/p>\n<p>Reconoci\u00f3 que los gobierno estatales, como el de Oaxaca, Chiapas y de la Ciudad de M\u00e9xico, respondieron de manera inmediata, adem\u00e1s de coordinarse con el gobierno federal en el levantamiento del censo de las personas que fueron afectadas en su vivienda.<\/p>\n<p>Labor que implica un esfuerzo considerable, ya que muchas de las familias que perdieron su patrimonio est\u00e1 en comunidades dispersas, sobre todo en Oaxaca y Chiapas. Por lo que los trabajos de reconstrucci\u00f3n demoraron, aunque una vez que se tuvieron los datos comenzaron las obras.<\/p>\n<p>\u201cConsidero que en la medida que se realicen los trabajos de reconstrucci\u00f3n se comenzar\u00e1 a volver a la normalidad, veo un gran empuje de la sociedad y del gobierno, tambi\u00e9n se tiene que reconocer el trabajo de la iniciativa privada con la creaci\u00f3n de un fideicomiso para la reconstrucci\u00f3n, tanto de la Ciudad de M\u00e9xico como de otros estados\u201d.<\/p>\n<p><strong>Presupuesto 2018<\/strong><\/p>\n<p>Al referirse al presupuesto que se espera para el pr\u00f3ximo a\u00f1o, Gonz\u00e1lez Padilla consider\u00f3 que puede ser similar al de este a\u00f1o, con lo que tendr\u00edan poco m\u00e1s 6,000 millones de pesos para subsidios, aunque puede haber algunos ajustes por el tema de la reconstrucci\u00f3n, as\u00ed como de los ingresos que se tiene contemplados por el precio del petr\u00f3leo.<\/p>\n<p>\u201cAun as\u00ed, es muy importante que la orientaci\u00f3n del presupuesto 2018 vaya a las personas de m\u00e1s bajos ingresos econ\u00f3micos, para el segmento de no afiliados, que es un grupo de poblaci\u00f3n mayoritario en M\u00e9xico que no tiene acceso a Infonavit o Fovissste para una vivienda digna\u201d.<\/p>\n<p>Para poder beneficiar a m\u00e1s gente de bajos recursos econ\u00f3micos con una vivienda, explic\u00f3 que el pa\u00eds debe tener un crecimiento econ\u00f3mico sostenido, aprovechar las oportunidades que hay para hacer crecer el Producto Interno Bruto (PIB) a trav\u00e9s de la industria de la construcci\u00f3n, de la vivienda, de los desarrollos inmobiliarios y del turismo, ya que esta actividades generan ingresos econ\u00f3micos.<\/p>\n<p>\u201cEl tema es ver c\u00f3mo generar mayor desarrollo econ\u00f3mico en M\u00e9xico, el tema pol\u00edtico en 2018 no debe tomarse como un factor que pueda influir en el desarrollo del pa\u00eds, de toda la gente que quiere trabajar y esforzarse por un mejor pa\u00eds\u201d, concluy\u00f3.<\/p>\n","protected":false},"excerpt":{"rendered":"<p>Por Diego Rodr\u00edguez Conorevi solicita que presupuesto de 2018 se enfoque en su mayor\u00eda para las personas no afiliadas a los organismos nacionales de vivienda Para Octavio Gonz\u00e1lez, presidente del Consejo Nacional de Organismos Estatales de Vivienda (Conorevi), el proceso electoral para renovar la presidencia del pa\u00eds, as\u00ed como la gubernatura de varios estados que [&hellip;]<\/p>\n","protected":false},"author":1,"featured_media":2437,"comment_status":"open","ping_status":"open","sticky":false,"template":"","format":"standard","meta":{"site-sidebar-layout":"default","site-content-layout":"","ast-site-content-layout":"default","site-content-style":"default","site-sidebar-style":"default","ast-global-header-display":"","ast-banner-title-visibility":"","ast-main-header-display":"","ast-hfb-above-header-display":"","ast-hfb-below-header-display":"","ast-hfb-mobile-header-display":"","site-post-title":"","ast-breadcrumbs-content":"","ast-featured-img":"","footer-sml-layout":"","ast-disable-related-posts":"","theme-transparent-header-meta":"","adv-header-id-meta":"","stick-header-meta":"","header-above-stick-meta":"","header-main-stick-meta":"","header-below-stick-meta":"","astra-migrate-meta-layouts":"default","ast-page-background-enabled":"default","ast-page-background-meta":{"desktop":{"background-color":"var(--ast-global-color-4)","background-image":"","background-repeat":"repeat","background-position":"center center","background-size":"auto","background-attachment":"scroll","background-type":"","background-media":"","overlay-type":"","overlay-color":"","overlay-opacity":"","overlay-gradient":""},"tablet":{"background-color":"","background-image":"","background-repeat":"repeat","background-position":"center center","background-size":"auto","background-attachment":"scroll","background-type":"","background-media":"","overlay-type":"","overlay-color":"","overlay-opacity":"","overlay-gradient":""},"mobile":{"background-color":"","background-image":"","background-repeat":"repeat","background-position":"center center","background-size":"auto","background-attachment":"scroll","background-type":"","background-media":"","overlay-type":"","overlay-color":"","overlay-opacity":"","overlay-gradient":""}},"ast-content-background-meta":{"desktop":{"background-color":"var(--ast-global-color-5)","background-image":"","background-repeat":"repeat","background-position":"center center","background-size":"auto","background-attachment":"scroll","background-type":"","background-media":"","overlay-type":"","overlay-color":"","overlay-opacity":"","overlay-gradient":""},"tablet":{"background-color":"var(--ast-global-color-5)","background-image":"","background-repeat":"repeat","background-position":"center center","background-size":"auto","background-attachment":"scroll","background-type":"","background-media":"","overlay-type":"","overlay-color":"","overlay-opacity":"","overlay-gradient":""},"mobile":{"background-color":"var(--ast-global-color-5)","background-image":"","background-repeat":"repeat","background-position":"center center","background-size":"auto","background-attachment":"scroll","background-type":"","background-media":"","overlay-type":"","overlay-color":"","overlay-opacity":"","overlay-gradient":""}},"footnotes":""},"categories":[2],"tags":[41,44,50,229,230,215,181],"class_list":["post-2423","post","type-post","status-publish","format-standard","has-post-thumbnail","hentry","category-entrevistas","tag-cdmx","tag-chiapas","tag-conorevi","tag-oaxaca","tag-reconstruccion","tag-sismo","tag-viviendas"],"_links":{"self":[{"href":"https:\/\/hombresymujeresdelacasa.com\/home\/wp-json\/wp\/v2\/posts\/2423","targetHints":{"allow":["GET"]}}],"collection":[{"href":"https:\/\/hombresymujeresdelacasa.com\/home\/wp-json\/wp\/v2\/posts"}],"about":[{"href":"https:\/\/hombresymujeresdelacasa.com\/home\/wp-json\/wp\/v2\/types\/post"}],"author":[{"embeddable":true,"href":"https:\/\/hombresymujeresdelacasa.com\/home\/wp-json\/wp\/v2\/users\/1"}],"replies":[{"embeddable":true,"href":"https:\/\/hombresymujeresdelacasa.com\/home\/wp-json\/wp\/v2\/comments?post=2423"}],"version-history":[{"count":2,"href":"https:\/\/hombresymujeresdelacasa.com\/home\/wp-json\/wp\/v2\/posts\/2423\/revisions"}],"predecessor-version":[{"id":2439,"href":"https:\/\/hombresymujeresdelacasa.com\/home\/wp-json\/wp\/v2\/posts\/2423\/revisions\/2439"}],"wp:featuredmedia":[{"embeddable":true,"href":"https:\/\/hombresymujeresdelacasa.com\/home\/wp-json\/wp\/v2\/media\/2437"}],"wp:attachment":[{"href":"https:\/\/hombresymujeresdelacasa.com\/home\/wp-json\/wp\/v2\/media?parent=2423"}],"wp:term":[{"taxonomy":"category","embeddable":true,"href":"https:\/\/hombresymujeresdelacasa.com\/home\/wp-json\/wp\/v2\/categories?post=2423"},{"taxonomy":"post_tag","embeddable":true,"href":"https:\/\/hombresymujeresdelacasa.com\/home\/wp-json\/wp\/v2\/tags?post=2423"}],"curies":[{"name":"wp","href":"https:\/\/api.w.org\/{rel}","templated":true}]}}