{"id":2420,"date":"2017-11-15T17:38:18","date_gmt":"2017-11-15T23:38:18","guid":{"rendered":"http:\/\/hombresymujeresdelacasa.com\/home\/?p=2420"},"modified":"2017-11-15T17:38:18","modified_gmt":"2017-11-15T23:38:18","slug":"conavi-ha-impulsado-construccion-de-92472-viviendas-nama","status":"publish","type":"post","link":"https:\/\/hombresymujeresdelacasa.com\/home\/conavi-ha-impulsado-construccion-de-92472-viviendas-nama\/","title":{"rendered":"Conavi ha impulsado construcci\u00f3n de 92,472 viviendas Nama"},"content":{"rendered":"<p>Por Edgar Rosas<\/p>\n<p><em>A la fecha se han invertido 1,000 millones de euros para robustecer la aplicaci\u00f3n de estos criterios de sustentabilidad<\/em><\/p>\n<p>En lo que va de la actual administraci\u00f3n, el gobierno de la Rep\u00fablica ha impulsado la construcci\u00f3n 92,472 viviendas bajos los criterios de sustentabilidad NAMA, con lo que la administraci\u00f3n federal super\u00f3 la meta de 80,000 soluciones planteada para 2013.<\/p>\n<p>As\u00ed lo dio a conocer Jorge Wolpert Kuri, director general de la Comisi\u00f3n Nacional de Vivienda (Conavi) durante su participaci\u00f3n en la Convenci\u00f3n Marco de las Naciones Unidas sobre el Cambio Clim\u00e1tico (COP 23). En su intervenci\u00f3n, el funcionario mexicano destac\u00f3 que tres de cada 10 viviendas que se adquieren con subsidio federal ofrecen un grado de desempe\u00f1o alto y son m\u00e1s eficientes.<\/p>\n<p>\u201cLa NAMA de Vivienda Sustentable ofrece a las familias mexicanas la eficiencia energ\u00e9tica en su hogar al mitigar las emisiones contaminantes, y la reducci\u00f3n de hasta el 40% en sus recibos de luz y gas\u201d, detall\u00f3 Conavi.<\/p>\n<p>El titular del organismo reconoci\u00f3 el papel que ha jugado la iniciativa privada para consolidar las caracter\u00edsticas Nama. Adem\u00e1s, aplaudi\u00f3 la labor de organismos como el Instituto del Fondo Nacional de la Vivienda para los Trabajadores (Infonavit) y la Sociedad Hipotecaria Federal (SHF) en el impulso al esquema.<\/p>\n<p>\u201cEn total, se ha hecho una inversi\u00f3n de m\u00e1s de mil millones de euros (aproximadamente 22 mil millones de pesos, a tipo de cambio actual) en la implementaci\u00f3n de la NAMA de Vivienda Sustentable, desde el inicio de la administraci\u00f3n a noviembre de 2017.<\/p>\n<p>\u201cLa vivienda sustentable construida bajo los criterios NAMA \u201cnos hace ser responsables con el clima y tambi\u00e9n ambiciosos, pensando que hacia el futuro esta cifra solo se puede incrementar dado el \u00e9xito y capacitaci\u00f3n que ya tienen todos los actores relevantes del sector\u201d, dijo. Wolpert Kuri.<\/p>\n","protected":false},"excerpt":{"rendered":"<p>Por Edgar Rosas A la fecha se han invertido 1,000 millones de euros para robustecer la aplicaci\u00f3n de estos criterios de sustentabilidad En lo que va de la actual administraci\u00f3n, el gobierno de la Rep\u00fablica ha impulsado la construcci\u00f3n 92,472 viviendas bajos los criterios de sustentabilidad NAMA, con lo que la administraci\u00f3n federal super\u00f3 la [&hellip;]<\/p>\n","protected":false},"author":1,"featured_media":2421,"comment_status":"open","ping_status":"open","sticky":false,"template":"","format":"standard","meta":{"site-sidebar-layout":"default","site-content-layout":"","ast-site-content-layout":"default","site-content-style":"default","site-sidebar-style":"default","ast-global-header-display":"","ast-banner-title-visibility":"","ast-main-header-display":"","ast-hfb-above-header-display":"","ast-hfb-below-header-display":"","ast-hfb-mobile-header-display":"","site-post-title":"","ast-breadcrumbs-content":"","ast-featured-img":"","footer-sml-layout":"","ast-disable-related-posts":"","theme-transparent-header-meta":"","adv-header-id-meta":"","stick-header-meta":"","header-above-stick-meta":"","header-main-stick-meta":"","header-below-stick-meta":"","astra-migrate-meta-layouts":"default","ast-page-background-enabled":"default","ast-page-background-meta":{"desktop":{"background-color":"var(--ast-global-color-4)","background-image":"","background-repeat":"repeat","background-position":"center center","background-size":"auto","background-attachment":"scroll","background-type":"","background-media":"","overlay-type":"","overlay-color":"","overlay-opacity":"","overlay-gradient":""},"tablet":{"background-color":"","background-image":"","background-repeat":"repeat","background-position":"center center","background-size":"auto","background-attachment":"scroll","background-type":"","background-media":"","overlay-type":"","overlay-color":"","overlay-opacity":"","overlay-gradient":""},"mobile":{"background-color":"","background-image":"","background-repeat":"repeat","background-position":"center center","background-size":"auto","background-attachment":"scroll","background-type":"","background-media":"","overlay-type":"","overlay-color":"","overlay-opacity":"","overlay-gradient":""}},"ast-content-background-meta":{"desktop":{"background-color":"var(--ast-global-color-5)","background-image":"","background-repeat":"repeat","background-position":"center center","background-size":"auto","background-attachment":"scroll","background-type":"","background-media":"","overlay-type":"","overlay-color":"","overlay-opacity":"","overlay-gradient":""},"tablet":{"background-color":"var(--ast-global-color-5)","background-image":"","background-repeat":"repeat","background-position":"center center","background-size":"auto","background-attachment":"scroll","background-type":"","background-media":"","overlay-type":"","overlay-color":"","overlay-opacity":"","overlay-gradient":""},"mobile":{"background-color":"var(--ast-global-color-5)","background-image":"","background-repeat":"repeat","background-position":"center center","background-size":"auto","background-attachment":"scroll","background-type":"","background-media":"","overlay-type":"","overlay-color":"","overlay-opacity":"","overlay-gradient":""}},"footnotes":""},"categories":[4],"tags":[49,374,109,177,375],"class_list":["post-2420","post","type-post","status-publish","format-standard","has-post-thumbnail","hentry","category-noticias","tag-conavi","tag-cop","tag-jorge-wolpert-kuri","tag-vivienda","tag-vivienda-nama"],"_links":{"self":[{"href":"https:\/\/hombresymujeresdelacasa.com\/home\/wp-json\/wp\/v2\/posts\/2420","targetHints":{"allow":["GET"]}}],"collection":[{"href":"https:\/\/hombresymujeresdelacasa.com\/home\/wp-json\/wp\/v2\/posts"}],"about":[{"href":"https:\/\/hombresymujeresdelacasa.com\/home\/wp-json\/wp\/v2\/types\/post"}],"author":[{"embeddable":true,"href":"https:\/\/hombresymujeresdelacasa.com\/home\/wp-json\/wp\/v2\/users\/1"}],"replies":[{"embeddable":true,"href":"https:\/\/hombresymujeresdelacasa.com\/home\/wp-json\/wp\/v2\/comments?post=2420"}],"version-history":[{"count":1,"href":"https:\/\/hombresymujeresdelacasa.com\/home\/wp-json\/wp\/v2\/posts\/2420\/revisions"}],"predecessor-version":[{"id":2422,"href":"https:\/\/hombresymujeresdelacasa.com\/home\/wp-json\/wp\/v2\/posts\/2420\/revisions\/2422"}],"wp:featuredmedia":[{"embeddable":true,"href":"https:\/\/hombresymujeresdelacasa.com\/home\/wp-json\/wp\/v2\/media\/2421"}],"wp:attachment":[{"href":"https:\/\/hombresymujeresdelacasa.com\/home\/wp-json\/wp\/v2\/media?parent=2420"}],"wp:term":[{"taxonomy":"category","embeddable":true,"href":"https:\/\/hombresymujeresdelacasa.com\/home\/wp-json\/wp\/v2\/categories?post=2420"},{"taxonomy":"post_tag","embeddable":true,"href":"https:\/\/hombresymujeresdelacasa.com\/home\/wp-json\/wp\/v2\/tags?post=2420"}],"curies":[{"name":"wp","href":"https:\/\/api.w.org\/{rel}","templated":true}]}}