{"id":2300,"date":"2017-11-06T00:31:12","date_gmt":"2017-11-06T06:31:12","guid":{"rendered":"http:\/\/hombresymujeresdelacasa.com\/home\/?p=2300"},"modified":"2017-11-06T00:31:12","modified_gmt":"2017-11-06T06:31:12","slug":"reporta-sare-exitoso-aumento-de-capital-en-3t2017","status":"publish","type":"post","link":"https:\/\/hombresymujeresdelacasa.com\/home\/reporta-sare-exitoso-aumento-de-capital-en-3t2017\/","title":{"rendered":"Reporta Sare exitoso aumento de capital en 3T2017"},"content":{"rendered":"<p>Por Edgar Rosas<\/p>\n<p><em>La firma asegur\u00f3 que avanza en el fortalecimiento de su posici\u00f3n financiera<\/em><\/p>\n<p>La desarrolladora de vivienda Sare cerr\u00f3 el 3T2017 con la culminaci\u00f3n de su proceso de capitalizaci\u00f3n. Con esto, la firma registr\u00f3 un incremento de capital del orden de los 126 millones de pesos, con lo que alcanz\u00f3 90% del incremento aprobado por su Asamblea.<\/p>\n<p>Al dar a conocer los resultados del periodo, la desarrolladora detall\u00f3 que los recursos obtenidos ser\u00e1n implementados para dar celeridad a los proyectos en obra, as\u00ed como a impulsar su escrituraci\u00f3n y comercializaci\u00f3n.<\/p>\n<p>Sare detall\u00f3 que en el 3T2017 contrat\u00f3 dos cr\u00e9ditos puentes, esto tras seis a\u00f1os de no acceder a este tipo de veh\u00edculos de financiamientos. Explic\u00f3 que obtuvo dos l\u00edneas de financiamiento, una por 22 millones de pesos y otra por 50 millones de pesos. En el primero de los casos, los recursos se destinaron al proyecto a \u201cYikal\u201d, en Quintana Roo, mientras que el segundo a \u201cVaradera Residencial\u201d, en Quer\u00e9taro.<\/p>\n<p>\u201cAdicionalmente, Sare concret\u00f3 otra importante l\u00ednea de fondeo por 150 millones de pesos con la Sociedad Hipotecaria Federal (SHF), para impulsar el desarrollo de sus proyectos productivo, destacando entre ellos \u2018Magueyal\u2019\u201d, apunt\u00f3.<\/p>\n<p>En su reporte, la firma destac\u00f3 que durante el periodo obtuvo una Utilidad Bruta UDM de 70 millones de pesos. A\u00f1adi\u00f3 que el margen bruto UDM se ubic\u00f3 en 21.8 por ciento.<\/p>\n<p>\u201cEn el acumulado del a\u00f1o, el EBITDA fue negativo en 1 mill\u00f3n de pesos comparado con los 12 millones de los 9M16, afectado por la mayor proporci\u00f3n de costos a ingresos y por un efecto temporal en reposici\u00f3n de inventario, que indujo una disminuci\u00f3n en ingresos, los cuales ya han iniciado su recuperaci\u00f3n en septiembre, que ha sido un mes r\u00e9cord en escrituraciones e ingresos, en lo que va del a\u00f1o\u201d, dijo.<\/p>\n","protected":false},"excerpt":{"rendered":"<p>Por Edgar Rosas La firma asegur\u00f3 que avanza en el fortalecimiento de su posici\u00f3n financiera La desarrolladora de vivienda Sare cerr\u00f3 el 3T2017 con la culminaci\u00f3n de su proceso de capitalizaci\u00f3n. Con esto, la firma registr\u00f3 un incremento de capital del orden de los 126 millones de pesos, con lo que alcanz\u00f3 90% del incremento [&hellip;]<\/p>\n","protected":false},"author":1,"featured_media":2301,"comment_status":"open","ping_status":"open","sticky":false,"template":"","format":"standard","meta":{"site-sidebar-layout":"default","site-content-layout":"","ast-site-content-layout":"default","site-content-style":"default","site-sidebar-style":"default","ast-global-header-display":"","ast-banner-title-visibility":"","ast-main-header-display":"","ast-hfb-above-header-display":"","ast-hfb-below-header-display":"","ast-hfb-mobile-header-display":"","site-post-title":"","ast-breadcrumbs-content":"","ast-featured-img":"","footer-sml-layout":"","ast-disable-related-posts":"","theme-transparent-header-meta":"","adv-header-id-meta":"","stick-header-meta":"","header-above-stick-meta":"","header-main-stick-meta":"","header-below-stick-meta":"","astra-migrate-meta-layouts":"default","ast-page-background-enabled":"default","ast-page-background-meta":{"desktop":{"background-color":"var(--ast-global-color-4)","background-image":"","background-repeat":"repeat","background-position":"center center","background-size":"auto","background-attachment":"scroll","background-type":"","background-media":"","overlay-type":"","overlay-color":"","overlay-opacity":"","overlay-gradient":""},"tablet":{"background-color":"","background-image":"","background-repeat":"repeat","background-position":"center center","background-size":"auto","background-attachment":"scroll","background-type":"","background-media":"","overlay-type":"","overlay-color":"","overlay-opacity":"","overlay-gradient":""},"mobile":{"background-color":"","background-image":"","background-repeat":"repeat","background-position":"center center","background-size":"auto","background-attachment":"scroll","background-type":"","background-media":"","overlay-type":"","overlay-color":"","overlay-opacity":"","overlay-gradient":""}},"ast-content-background-meta":{"desktop":{"background-color":"var(--ast-global-color-5)","background-image":"","background-repeat":"repeat","background-position":"center center","background-size":"auto","background-attachment":"scroll","background-type":"","background-media":"","overlay-type":"","overlay-color":"","overlay-opacity":"","overlay-gradient":""},"tablet":{"background-color":"var(--ast-global-color-5)","background-image":"","background-repeat":"repeat","background-position":"center center","background-size":"auto","background-attachment":"scroll","background-type":"","background-media":"","overlay-type":"","overlay-color":"","overlay-opacity":"","overlay-gradient":""},"mobile":{"background-color":"var(--ast-global-color-5)","background-image":"","background-repeat":"repeat","background-position":"center center","background-size":"auto","background-attachment":"scroll","background-type":"","background-media":"","overlay-type":"","overlay-color":"","overlay-opacity":"","overlay-gradient":""}},"footnotes":""},"categories":[4],"tags":[214,329,143,177],"class_list":["post-2300","post","type-post","status-publish","format-standard","has-post-thumbnail","hentry","category-noticias","tag-capitalizacion","tag-reporte-3t2017","tag-sare","tag-vivienda"],"_links":{"self":[{"href":"https:\/\/hombresymujeresdelacasa.com\/home\/wp-json\/wp\/v2\/posts\/2300","targetHints":{"allow":["GET"]}}],"collection":[{"href":"https:\/\/hombresymujeresdelacasa.com\/home\/wp-json\/wp\/v2\/posts"}],"about":[{"href":"https:\/\/hombresymujeresdelacasa.com\/home\/wp-json\/wp\/v2\/types\/post"}],"author":[{"embeddable":true,"href":"https:\/\/hombresymujeresdelacasa.com\/home\/wp-json\/wp\/v2\/users\/1"}],"replies":[{"embeddable":true,"href":"https:\/\/hombresymujeresdelacasa.com\/home\/wp-json\/wp\/v2\/comments?post=2300"}],"version-history":[{"count":1,"href":"https:\/\/hombresymujeresdelacasa.com\/home\/wp-json\/wp\/v2\/posts\/2300\/revisions"}],"predecessor-version":[{"id":2302,"href":"https:\/\/hombresymujeresdelacasa.com\/home\/wp-json\/wp\/v2\/posts\/2300\/revisions\/2302"}],"wp:featuredmedia":[{"embeddable":true,"href":"https:\/\/hombresymujeresdelacasa.com\/home\/wp-json\/wp\/v2\/media\/2301"}],"wp:attachment":[{"href":"https:\/\/hombresymujeresdelacasa.com\/home\/wp-json\/wp\/v2\/media?parent=2300"}],"wp:term":[{"taxonomy":"category","embeddable":true,"href":"https:\/\/hombresymujeresdelacasa.com\/home\/wp-json\/wp\/v2\/categories?post=2300"},{"taxonomy":"post_tag","embeddable":true,"href":"https:\/\/hombresymujeresdelacasa.com\/home\/wp-json\/wp\/v2\/tags?post=2300"}],"curies":[{"name":"wp","href":"https:\/\/api.w.org\/{rel}","templated":true}]}}