{"id":2236,"date":"2017-11-03T13:38:08","date_gmt":"2017-11-03T19:38:08","guid":{"rendered":"http:\/\/hombresymujeresdelacasa.com\/home\/?p=2236"},"modified":"2017-11-07T10:21:51","modified_gmt":"2017-11-07T16:21:51","slug":"centro-urbano-y-su-reconocimiento-a-la-trayectoria-del-sector","status":"publish","type":"post","link":"https:\/\/hombresymujeresdelacasa.com\/home\/centro-urbano-y-su-reconocimiento-a-la-trayectoria-del-sector\/","title":{"rendered":"Centro Urbano y su reconocimiento a la trayectoria del sector"},"content":{"rendered":"<p>Por Hanae Pacheco<\/p>\n<p><em>En 2000, se cre\u00f3 el Consejo Editorial de Centro Urbano, quienes dos a\u00f1os despu\u00e9s piden la creaci\u00f3n del reconocimiento<\/em><\/p>\n<p>En 1999, <a href=\"https:\/\/centrourbano.com\" rel=\"nofollow noopener\" target=\"_blank\">Centro Urbano<\/a> inicia el proyecto editorial dirigido a difundir los valores de la vivienda como motor del desarrollo econ\u00f3mico y social.<\/p>\n<p>Parte de ese proyecto consist\u00eda en destacar el papel de quienes dirigen las empresas e instituciones del sector como factores determinantes en la evoluci\u00f3n de la industria de la vivienda y el cumplimiento de su demanda.<\/p>\n<p>Al a\u00f1o siguiente, en 2000, se cre\u00f3 el <strong>Consejo Editorial de Centro Urbano<\/strong>, \u00f3rgano formado por distinguidos representantes de los diferentes \u00e1mbitos de la industria con el objetivo de definir y dar seguimiento a su l\u00ednea editorial en los diferentes aspectos relacionados con sector <strong>Inmobiliario, Vivienda, Cr\u00e9dito Hipotecario, Construcci\u00f3n y Desarrollo Urbano.<\/strong><\/p>\n<p>Es en 2002 cuando, a petici\u00f3n de dicho consejo, se crea el Premio Hombres y Mujeres de la Casa, un reconocimiento anual que busca reconocer y felicitar la trayectoria de dos figuras del sector.<\/p>\n<p>Las categor\u00edas en un inicio fueron Sector P\u00fablico y Sector Privado, a las que en 2007 se agreg\u00f3 la de Cimientos, con el fin de sumar al reconocimiento a quienes han sido parte de la historia de la vivienda.<\/p>\n<p>Los encargados de nominar y elegir, a quienes por su trayectoria profesional son merecedores de estas distinciones, son los miembros del Consejo Editorial.<\/p>\n","protected":false},"excerpt":{"rendered":"<p>Por Hanae Pacheco En 2000, se cre\u00f3 el Consejo Editorial de Centro Urbano, quienes dos a\u00f1os despu\u00e9s piden la creaci\u00f3n del reconocimiento En 1999, Centro Urbano inicia el proyecto editorial dirigido a difundir los valores de la vivienda como motor del desarrollo econ\u00f3mico y social. Parte de ese proyecto consist\u00eda en destacar el papel de [&hellip;]<\/p>\n","protected":false},"author":1,"featured_media":2312,"comment_status":"open","ping_status":"open","sticky":false,"template":"","format":"standard","meta":{"site-sidebar-layout":"default","site-content-layout":"","ast-site-content-layout":"default","site-content-style":"default","site-sidebar-style":"default","ast-global-header-display":"","ast-banner-title-visibility":"","ast-main-header-display":"","ast-hfb-above-header-display":"","ast-hfb-below-header-display":"","ast-hfb-mobile-header-display":"","site-post-title":"","ast-breadcrumbs-content":"","ast-featured-img":"","footer-sml-layout":"","ast-disable-related-posts":"","theme-transparent-header-meta":"","adv-header-id-meta":"","stick-header-meta":"","header-above-stick-meta":"","header-main-stick-meta":"","header-below-stick-meta":"","astra-migrate-meta-layouts":"default","ast-page-background-enabled":"default","ast-page-background-meta":{"desktop":{"background-color":"var(--ast-global-color-4)","background-image":"","background-repeat":"repeat","background-position":"center center","background-size":"auto","background-attachment":"scroll","background-type":"","background-media":"","overlay-type":"","overlay-color":"","overlay-opacity":"","overlay-gradient":""},"tablet":{"background-color":"","background-image":"","background-repeat":"repeat","background-position":"center center","background-size":"auto","background-attachment":"scroll","background-type":"","background-media":"","overlay-type":"","overlay-color":"","overlay-opacity":"","overlay-gradient":""},"mobile":{"background-color":"","background-image":"","background-repeat":"repeat","background-position":"center center","background-size":"auto","background-attachment":"scroll","background-type":"","background-media":"","overlay-type":"","overlay-color":"","overlay-opacity":"","overlay-gradient":""}},"ast-content-background-meta":{"desktop":{"background-color":"var(--ast-global-color-5)","background-image":"","background-repeat":"repeat","background-position":"center center","background-size":"auto","background-attachment":"scroll","background-type":"","background-media":"","overlay-type":"","overlay-color":"","overlay-opacity":"","overlay-gradient":""},"tablet":{"background-color":"var(--ast-global-color-5)","background-image":"","background-repeat":"repeat","background-position":"center center","background-size":"auto","background-attachment":"scroll","background-type":"","background-media":"","overlay-type":"","overlay-color":"","overlay-opacity":"","overlay-gradient":""},"mobile":{"background-color":"var(--ast-global-color-5)","background-image":"","background-repeat":"repeat","background-position":"center center","background-size":"auto","background-attachment":"scroll","background-type":"","background-media":"","overlay-type":"","overlay-color":"","overlay-opacity":"","overlay-gradient":""}},"footnotes":""},"categories":[4],"tags":[299,334,51,304,104,335,177],"class_list":["post-2236","post","type-post","status-publish","format-standard","has-post-thumbnail","hentry","category-noticias","tag-centro-urbano","tag-consejo-editorial","tag-construccion","tag-desarrollo-urbano","tag-inmobiliario","tag-premio-hombres-y-mujeres-de-la-casa","tag-vivienda"],"_links":{"self":[{"href":"https:\/\/hombresymujeresdelacasa.com\/home\/wp-json\/wp\/v2\/posts\/2236","targetHints":{"allow":["GET"]}}],"collection":[{"href":"https:\/\/hombresymujeresdelacasa.com\/home\/wp-json\/wp\/v2\/posts"}],"about":[{"href":"https:\/\/hombresymujeresdelacasa.com\/home\/wp-json\/wp\/v2\/types\/post"}],"author":[{"embeddable":true,"href":"https:\/\/hombresymujeresdelacasa.com\/home\/wp-json\/wp\/v2\/users\/1"}],"replies":[{"embeddable":true,"href":"https:\/\/hombresymujeresdelacasa.com\/home\/wp-json\/wp\/v2\/comments?post=2236"}],"version-history":[{"count":1,"href":"https:\/\/hombresymujeresdelacasa.com\/home\/wp-json\/wp\/v2\/posts\/2236\/revisions"}],"predecessor-version":[{"id":2238,"href":"https:\/\/hombresymujeresdelacasa.com\/home\/wp-json\/wp\/v2\/posts\/2236\/revisions\/2238"}],"wp:featuredmedia":[{"embeddable":true,"href":"https:\/\/hombresymujeresdelacasa.com\/home\/wp-json\/wp\/v2\/media\/2312"}],"wp:attachment":[{"href":"https:\/\/hombresymujeresdelacasa.com\/home\/wp-json\/wp\/v2\/media?parent=2236"}],"wp:term":[{"taxonomy":"category","embeddable":true,"href":"https:\/\/hombresymujeresdelacasa.com\/home\/wp-json\/wp\/v2\/categories?post=2236"},{"taxonomy":"post_tag","embeddable":true,"href":"https:\/\/hombresymujeresdelacasa.com\/home\/wp-json\/wp\/v2\/tags?post=2236"}],"curies":[{"name":"wp","href":"https:\/\/api.w.org\/{rel}","templated":true}]}}