{"id":2230,"date":"2017-11-03T13:12:20","date_gmt":"2017-11-03T19:12:20","guid":{"rendered":"http:\/\/hombresymujeresdelacasa.com\/home\/?p=2230"},"modified":"2017-11-03T13:12:20","modified_gmt":"2017-11-03T19:12:20","slug":"fovissste-desplazara-30000-creditos-para-damnificados","status":"publish","type":"post","link":"https:\/\/hombresymujeresdelacasa.com\/home\/fovissste-desplazara-30000-creditos-para-damnificados\/","title":{"rendered":"Fovissste desplazar\u00e1 30,000 cr\u00e9ditos para damnificados"},"content":{"rendered":"<p>Por Edgar Rosas<\/p>\n<p><em>El Vocal Ejecutivo del Fondo record\u00f3 que el organismo puso en marcha una serie de medidas que representan la inversi\u00f3n de 15,000 mdp<\/em><\/p>\n<p>El Fondo de la Vivienda del Issste (Fovissste) entregar\u00e1 m\u00e1s de 30,000 cr\u00e9ditos para apoyar a las familias afectadas por los huracanes y sismos en el acceso a soluciones habitacionales, se\u00f1al\u00f3 Luis Antonio Godina Herrera, vocal ejecutivo del Fondo.<\/p>\n<p>Al participar en la Ceremonia de Cancelaci\u00f3n de la Estampilla Postal Conmemorativa al 45 aniversario del Fovissste, Godina Herrera record\u00f3 que el organismo que representa puso en marcha el Programa Inmediato de Reconstrucci\u00f3n de Vivienda para atender la emrgencia. Precis\u00f3 que, en total, el organismo prev\u00e9 una inversi\u00f3n de 15,000 millones de pesos para apoyar a los trabajadores damnificados.<\/p>\n<p>\u201cEl Fovissste, a lo largo de sus 45 a\u00f1os de historia se convirti\u00f3 en un instrumento clave del gobierno de la Rep\u00fablica que garantiza el ejercicio del derecho Constitucional a una vivienda digna (\u2026) A lo largo de la historia hemos otorgado m\u00e1s de 1 millones 600,000 cr\u00e9ditos\u201d, dijo.<\/p>\n<p>El Vocal Ejecutivo destac\u00f3 la unidad y trabajado coordinado entre los diversos actores para atender la emergencia por los desastres naturales. Manifest\u00f3 que ante la compleja situaci\u00f3n que vive el pa\u00eds tras los sismos, las instituciones de gobierno, la sociedad civil e iniciativa privada han trabajado en apoyo a los afectados.<\/p>\n<p>&nbsp;<\/p>\n<p>&nbsp;<\/p>\n","protected":false},"excerpt":{"rendered":"<p>Por Edgar Rosas El Vocal Ejecutivo del Fondo record\u00f3 que el organismo puso en marcha una serie de medidas que representan la inversi\u00f3n de 15,000 mdp El Fondo de la Vivienda del Issste (Fovissste) entregar\u00e1 m\u00e1s de 30,000 cr\u00e9ditos para apoyar a las familias afectadas por los huracanes y sismos en el acceso a soluciones [&hellip;]<\/p>\n","protected":false},"author":1,"featured_media":2231,"comment_status":"open","ping_status":"open","sticky":false,"template":"","format":"standard","meta":{"site-sidebar-layout":"default","site-content-layout":"","ast-site-content-layout":"default","site-content-style":"default","site-sidebar-style":"default","ast-global-header-display":"","ast-banner-title-visibility":"","ast-main-header-display":"","ast-hfb-above-header-display":"","ast-hfb-below-header-display":"","ast-hfb-mobile-header-display":"","site-post-title":"","ast-breadcrumbs-content":"","ast-featured-img":"","footer-sml-layout":"","ast-disable-related-posts":"","theme-transparent-header-meta":"","adv-header-id-meta":"","stick-header-meta":"","header-above-stick-meta":"","header-main-stick-meta":"","header-below-stick-meta":"","astra-migrate-meta-layouts":"default","ast-page-background-enabled":"default","ast-page-background-meta":{"desktop":{"background-color":"var(--ast-global-color-4)","background-image":"","background-repeat":"repeat","background-position":"center center","background-size":"auto","background-attachment":"scroll","background-type":"","background-media":"","overlay-type":"","overlay-color":"","overlay-opacity":"","overlay-gradient":""},"tablet":{"background-color":"","background-image":"","background-repeat":"repeat","background-position":"center center","background-size":"auto","background-attachment":"scroll","background-type":"","background-media":"","overlay-type":"","overlay-color":"","overlay-opacity":"","overlay-gradient":""},"mobile":{"background-color":"","background-image":"","background-repeat":"repeat","background-position":"center center","background-size":"auto","background-attachment":"scroll","background-type":"","background-media":"","overlay-type":"","overlay-color":"","overlay-opacity":"","overlay-gradient":""}},"ast-content-background-meta":{"desktop":{"background-color":"var(--ast-global-color-5)","background-image":"","background-repeat":"repeat","background-position":"center center","background-size":"auto","background-attachment":"scroll","background-type":"","background-media":"","overlay-type":"","overlay-color":"","overlay-opacity":"","overlay-gradient":""},"tablet":{"background-color":"var(--ast-global-color-5)","background-image":"","background-repeat":"repeat","background-position":"center center","background-size":"auto","background-attachment":"scroll","background-type":"","background-media":"","overlay-type":"","overlay-color":"","overlay-opacity":"","overlay-gradient":""},"mobile":{"background-color":"var(--ast-global-color-5)","background-image":"","background-repeat":"repeat","background-position":"center center","background-size":"auto","background-attachment":"scroll","background-type":"","background-media":"","overlay-type":"","overlay-color":"","overlay-opacity":"","overlay-gradient":""}},"footnotes":""},"categories":[4],"tags":[245,55,289,293,81,86,111],"class_list":["post-2230","post","type-post","status-publish","format-standard","has-post-thumbnail","hentry","category-noticias","tag-afectados","tag-credito","tag-damnificados","tag-emergencia","tag-familias","tag-fovissste","tag-luis-antonio-godina-herrera"],"_links":{"self":[{"href":"https:\/\/hombresymujeresdelacasa.com\/home\/wp-json\/wp\/v2\/posts\/2230","targetHints":{"allow":["GET"]}}],"collection":[{"href":"https:\/\/hombresymujeresdelacasa.com\/home\/wp-json\/wp\/v2\/posts"}],"about":[{"href":"https:\/\/hombresymujeresdelacasa.com\/home\/wp-json\/wp\/v2\/types\/post"}],"author":[{"embeddable":true,"href":"https:\/\/hombresymujeresdelacasa.com\/home\/wp-json\/wp\/v2\/users\/1"}],"replies":[{"embeddable":true,"href":"https:\/\/hombresymujeresdelacasa.com\/home\/wp-json\/wp\/v2\/comments?post=2230"}],"version-history":[{"count":1,"href":"https:\/\/hombresymujeresdelacasa.com\/home\/wp-json\/wp\/v2\/posts\/2230\/revisions"}],"predecessor-version":[{"id":2232,"href":"https:\/\/hombresymujeresdelacasa.com\/home\/wp-json\/wp\/v2\/posts\/2230\/revisions\/2232"}],"wp:featuredmedia":[{"embeddable":true,"href":"https:\/\/hombresymujeresdelacasa.com\/home\/wp-json\/wp\/v2\/media\/2231"}],"wp:attachment":[{"href":"https:\/\/hombresymujeresdelacasa.com\/home\/wp-json\/wp\/v2\/media?parent=2230"}],"wp:term":[{"taxonomy":"category","embeddable":true,"href":"https:\/\/hombresymujeresdelacasa.com\/home\/wp-json\/wp\/v2\/categories?post=2230"},{"taxonomy":"post_tag","embeddable":true,"href":"https:\/\/hombresymujeresdelacasa.com\/home\/wp-json\/wp\/v2\/tags?post=2230"}],"curies":[{"name":"wp","href":"https:\/\/api.w.org\/{rel}","templated":true}]}}