{"id":2211,"date":"2017-11-02T14:53:46","date_gmt":"2017-11-02T20:53:46","guid":{"rendered":"http:\/\/hombresymujeresdelacasa.com\/home\/?p=2211"},"modified":"2017-11-02T14:53:46","modified_gmt":"2017-11-02T20:53:46","slug":"inedita-capacidad-de-respuesta-institucional-ante-sismo-penchyna","status":"publish","type":"post","link":"https:\/\/hombresymujeresdelacasa.com\/home\/inedita-capacidad-de-respuesta-institucional-ante-sismo-penchyna\/","title":{"rendered":"In\u00e9dita, capacidad de respuesta institucional ante sismo: Penchyna"},"content":{"rendered":"<p>Por Edgar Rosas<\/p>\n<p><em>Penchyna reconoci\u00f3 que faltan derechohabientes por atender y dijo que el censo para conocer los da\u00f1os no termina<\/em><\/p>\n<p>David Penchyna Grub, director general del Instituto del Fondo Nacional de la Vivienda para los Trabajadores (Infonavit) calific\u00f3 de in\u00e9dita la respuesta de las instituciones mexicana ante la emergencia provocada por los sismos del 7 y 19 de septiembre. Asegur\u00f3 que la reacci\u00f3n del pa\u00eds en general es una muestra \u201cde que hoy somos un mejor pa\u00eds para responder ante los embates de la naturaleza\u201d.<\/p>\n<p>Durante su participaci\u00f3n en el s\u00e9ptimo Foro de Consulta de la C\u00e1mara Mexicana de la Industria de la Construcci\u00f3n (CMIC), el directivo destac\u00f3 que, tras los sismos en necesario acciones y propuestas, no pasividad ni diagn\u00f3sticos fatuos. Dijo que \u201cestamos ante un espacio muy importante para que crezca la industria de la construcci\u00f3n y que cada d\u00eda lo haga mejor\u201d.<\/p>\n<p>Penchyna Grub destac\u00f3 la coordinaci\u00f3n que se ha presentado entre diversos actores. De manera particular, se\u00f1al\u00f3 el trabajo conjunto que ha logrado el Infonavit con el gobierno de la Ciudad de M\u00e9xico.<\/p>\n<p>\u201cA lo largo de 24 d\u00edas hemos censado juntos, evaluado profesionalmente el c\u00famulo de viviendas da\u00f1adas e hicimos balances objetivos (\u2026) debemos enorgullecernos del nivel de coordinaci\u00f3n que hemos alcanzado con el Jefe de Gobierno de la Ciudad de M\u00e9xico y que la Familia Infonavit haya tenido la sensibilidad, a partir de la convocatoria del presidente Enrique Pe\u00f1a Nieto, de responder de inmediato ante la tragedia\u201d, dijo.<\/p>\n<p>&nbsp;<\/p>\n","protected":false},"excerpt":{"rendered":"<p>Por Edgar Rosas Penchyna reconoci\u00f3 que faltan derechohabientes por atender y dijo que el censo para conocer los da\u00f1os no termina David Penchyna Grub, director general del Instituto del Fondo Nacional de la Vivienda para los Trabajadores (Infonavit) calific\u00f3 de in\u00e9dita la respuesta de las instituciones mexicana ante la emergencia provocada por los sismos del [&hellip;]<\/p>\n","protected":false},"author":1,"featured_media":2212,"comment_status":"open","ping_status":"open","sticky":false,"template":"","format":"standard","meta":{"site-sidebar-layout":"default","site-content-layout":"","ast-site-content-layout":"default","site-content-style":"default","site-sidebar-style":"default","ast-global-header-display":"","ast-banner-title-visibility":"","ast-main-header-display":"","ast-hfb-above-header-display":"","ast-hfb-below-header-display":"","ast-hfb-mobile-header-display":"","site-post-title":"","ast-breadcrumbs-content":"","ast-featured-img":"","footer-sml-layout":"","ast-disable-related-posts":"","theme-transparent-header-meta":"","adv-header-id-meta":"","stick-header-meta":"","header-above-stick-meta":"","header-main-stick-meta":"","header-below-stick-meta":"","astra-migrate-meta-layouts":"default","ast-page-background-enabled":"default","ast-page-background-meta":{"desktop":{"background-color":"var(--ast-global-color-4)","background-image":"","background-repeat":"repeat","background-position":"center center","background-size":"auto","background-attachment":"scroll","background-type":"","background-media":"","overlay-type":"","overlay-color":"","overlay-opacity":"","overlay-gradient":""},"tablet":{"background-color":"","background-image":"","background-repeat":"repeat","background-position":"center center","background-size":"auto","background-attachment":"scroll","background-type":"","background-media":"","overlay-type":"","overlay-color":"","overlay-opacity":"","overlay-gradient":""},"mobile":{"background-color":"","background-image":"","background-repeat":"repeat","background-position":"center center","background-size":"auto","background-attachment":"scroll","background-type":"","background-media":"","overlay-type":"","overlay-color":"","overlay-opacity":"","overlay-gradient":""}},"ast-content-background-meta":{"desktop":{"background-color":"var(--ast-global-color-5)","background-image":"","background-repeat":"repeat","background-position":"center center","background-size":"auto","background-attachment":"scroll","background-type":"","background-media":"","overlay-type":"","overlay-color":"","overlay-opacity":"","overlay-gradient":""},"tablet":{"background-color":"var(--ast-global-color-5)","background-image":"","background-repeat":"repeat","background-position":"center center","background-size":"auto","background-attachment":"scroll","background-type":"","background-media":"","overlay-type":"","overlay-color":"","overlay-opacity":"","overlay-gradient":""},"mobile":{"background-color":"var(--ast-global-color-5)","background-image":"","background-repeat":"repeat","background-position":"center center","background-size":"auto","background-attachment":"scroll","background-type":"","background-media":"","overlay-type":"","overlay-color":"","overlay-opacity":"","overlay-gradient":""}},"footnotes":""},"categories":[4],"tags":[198,60,270,102,274,271,273,215,272],"class_list":["post-2211","post","type-post","status-publish","format-standard","has-post-thumbnail","hentry","category-noticias","tag-cmic","tag-david-penchyna-grub","tag-falta","tag-infonavit","tag-propuesta","tag-respuesta-institucional","tag-sensibilidad","tag-sismo","tag-tragedia"],"_links":{"self":[{"href":"https:\/\/hombresymujeresdelacasa.com\/home\/wp-json\/wp\/v2\/posts\/2211","targetHints":{"allow":["GET"]}}],"collection":[{"href":"https:\/\/hombresymujeresdelacasa.com\/home\/wp-json\/wp\/v2\/posts"}],"about":[{"href":"https:\/\/hombresymujeresdelacasa.com\/home\/wp-json\/wp\/v2\/types\/post"}],"author":[{"embeddable":true,"href":"https:\/\/hombresymujeresdelacasa.com\/home\/wp-json\/wp\/v2\/users\/1"}],"replies":[{"embeddable":true,"href":"https:\/\/hombresymujeresdelacasa.com\/home\/wp-json\/wp\/v2\/comments?post=2211"}],"version-history":[{"count":1,"href":"https:\/\/hombresymujeresdelacasa.com\/home\/wp-json\/wp\/v2\/posts\/2211\/revisions"}],"predecessor-version":[{"id":2213,"href":"https:\/\/hombresymujeresdelacasa.com\/home\/wp-json\/wp\/v2\/posts\/2211\/revisions\/2213"}],"wp:featuredmedia":[{"embeddable":true,"href":"https:\/\/hombresymujeresdelacasa.com\/home\/wp-json\/wp\/v2\/media\/2212"}],"wp:attachment":[{"href":"https:\/\/hombresymujeresdelacasa.com\/home\/wp-json\/wp\/v2\/media?parent=2211"}],"wp:term":[{"taxonomy":"category","embeddable":true,"href":"https:\/\/hombresymujeresdelacasa.com\/home\/wp-json\/wp\/v2\/categories?post=2211"},{"taxonomy":"post_tag","embeddable":true,"href":"https:\/\/hombresymujeresdelacasa.com\/home\/wp-json\/wp\/v2\/tags?post=2211"}],"curies":[{"name":"wp","href":"https:\/\/api.w.org\/{rel}","templated":true}]}}