{"id":2193,"date":"2017-11-02T14:08:05","date_gmt":"2017-11-02T20:08:05","guid":{"rendered":"http:\/\/hombresymujeresdelacasa.com\/home\/?p=2193"},"modified":"2017-11-02T14:08:05","modified_gmt":"2017-11-02T20:08:05","slug":"reporta-infonavit-173-viviendas-con-perdida-total-en-morelos","status":"publish","type":"post","link":"https:\/\/hombresymujeresdelacasa.com\/home\/reporta-infonavit-173-viviendas-con-perdida-total-en-morelos\/","title":{"rendered":"Reporta Infonavit 173 viviendas con p\u00e9rdida total en Morelos"},"content":{"rendered":"<p>Por Edgar Rosas<\/p>\n<p><em>El Instituto se\u00f1al\u00f3 que las afectaciones registradas hasta el momento pertenecen a los los municipios de Cuautla, Cuernavaca, Emiliano Zapata, Jiutepec, Jojutla, Temixco y Tepoztl\u00e1n<\/em><\/p>\n<p>Con un avance de 40% en el proceso de an\u00e1lisis y dictaminaci\u00f3n, el Instituto del Fondo Nacional e la Vivienda para los Trabajadores (Infonavit) report\u00f3 806 viviendas con alg\u00fan da\u00f1o en Morelos, de las cuales 173 tienen en estatus de p\u00e9rdida total.<\/p>\n<p>Al sostener una reuni\u00f3n con el gobernador de la entidad, Graco Ram\u00edrez, David Penchyna Grub, director del Infonavit, se\u00f1al\u00f3 que 633 viviendas presentan da\u00f1o parcial. Dijo que las unidades que resultaron afectadas son de los municipios de Cuautla, Cuernavaca, Emiliano Zapata, Jiutepec, Jojutla, Temixco y Tepoztl\u00e1n.<\/p>\n<p>El Director del Infonavit record\u00f3 que el organismo que encabeza lanz\u00f3 una serie de 10 acciones para atender a la derechohabiencia que result\u00f3 afectada por el sismo. Record\u00f3 que se est\u00e1n aplicando mecanismos para acelerar la aplicaci\u00f3n de estas medidas en el estado de Morelos.<\/p>\n<p>En la reuni\u00f3n, el mandatario morelense y Penchyna Grub acordaron mantener la coordinaci\u00f3n en aras de compartir informaci\u00f3n y cruzar padrones para atender caso por caso.<\/p>\n","protected":false},"excerpt":{"rendered":"<p>Por Edgar Rosas El Instituto se\u00f1al\u00f3 que las afectaciones registradas hasta el momento pertenecen a los los municipios de Cuautla, Cuernavaca, Emiliano Zapata, Jiutepec, Jojutla, Temixco y Tepoztl\u00e1n Con un avance de 40% en el proceso de an\u00e1lisis y dictaminaci\u00f3n, el Instituto del Fondo Nacional e la Vivienda para los Trabajadores (Infonavit) report\u00f3 806 viviendas [&hellip;]<\/p>\n","protected":false},"author":1,"featured_media":2194,"comment_status":"open","ping_status":"open","sticky":false,"template":"","format":"standard","meta":{"site-sidebar-layout":"default","site-content-layout":"","ast-site-content-layout":"default","site-content-style":"default","site-sidebar-style":"default","ast-global-header-display":"","ast-banner-title-visibility":"","ast-main-header-display":"","ast-hfb-above-header-display":"","ast-hfb-below-header-display":"","ast-hfb-mobile-header-display":"","site-post-title":"","ast-breadcrumbs-content":"","ast-featured-img":"","footer-sml-layout":"","ast-disable-related-posts":"","theme-transparent-header-meta":"","adv-header-id-meta":"","stick-header-meta":"","header-above-stick-meta":"","header-main-stick-meta":"","header-below-stick-meta":"","astra-migrate-meta-layouts":"default","ast-page-background-enabled":"default","ast-page-background-meta":{"desktop":{"background-color":"var(--ast-global-color-4)","background-image":"","background-repeat":"repeat","background-position":"center center","background-size":"auto","background-attachment":"scroll","background-type":"","background-media":"","overlay-type":"","overlay-color":"","overlay-opacity":"","overlay-gradient":""},"tablet":{"background-color":"","background-image":"","background-repeat":"repeat","background-position":"center center","background-size":"auto","background-attachment":"scroll","background-type":"","background-media":"","overlay-type":"","overlay-color":"","overlay-opacity":"","overlay-gradient":""},"mobile":{"background-color":"","background-image":"","background-repeat":"repeat","background-position":"center center","background-size":"auto","background-attachment":"scroll","background-type":"","background-media":"","overlay-type":"","overlay-color":"","overlay-opacity":"","overlay-gradient":""}},"ast-content-background-meta":{"desktop":{"background-color":"var(--ast-global-color-5)","background-image":"","background-repeat":"repeat","background-position":"center center","background-size":"auto","background-attachment":"scroll","background-type":"","background-media":"","overlay-type":"","overlay-color":"","overlay-opacity":"","overlay-gradient":""},"tablet":{"background-color":"var(--ast-global-color-5)","background-image":"","background-repeat":"repeat","background-position":"center center","background-size":"auto","background-attachment":"scroll","background-type":"","background-media":"","overlay-type":"","overlay-color":"","overlay-opacity":"","overlay-gradient":""},"mobile":{"background-color":"var(--ast-global-color-5)","background-image":"","background-repeat":"repeat","background-position":"center center","background-size":"auto","background-attachment":"scroll","background-type":"","background-media":"","overlay-type":"","overlay-color":"","overlay-opacity":"","overlay-gradient":""}},"footnotes":""},"categories":[4],"tags":[249,250,60,251,102,252,253,228,247,248,254,255],"class_list":["post-2193","post","type-post","status-publish","format-standard","has-post-thumbnail","hentry","category-noticias","tag-cuautla","tag-cuernavaca","tag-david-penchyna-grub","tag-emiliano-zapata","tag-infonavit","tag-jiutepec","tag-jojutla","tag-morelos","tag-municipios","tag-perdida-total","tag-temixco","tag-tepozotlan"],"_links":{"self":[{"href":"https:\/\/hombresymujeresdelacasa.com\/home\/wp-json\/wp\/v2\/posts\/2193","targetHints":{"allow":["GET"]}}],"collection":[{"href":"https:\/\/hombresymujeresdelacasa.com\/home\/wp-json\/wp\/v2\/posts"}],"about":[{"href":"https:\/\/hombresymujeresdelacasa.com\/home\/wp-json\/wp\/v2\/types\/post"}],"author":[{"embeddable":true,"href":"https:\/\/hombresymujeresdelacasa.com\/home\/wp-json\/wp\/v2\/users\/1"}],"replies":[{"embeddable":true,"href":"https:\/\/hombresymujeresdelacasa.com\/home\/wp-json\/wp\/v2\/comments?post=2193"}],"version-history":[{"count":1,"href":"https:\/\/hombresymujeresdelacasa.com\/home\/wp-json\/wp\/v2\/posts\/2193\/revisions"}],"predecessor-version":[{"id":2195,"href":"https:\/\/hombresymujeresdelacasa.com\/home\/wp-json\/wp\/v2\/posts\/2193\/revisions\/2195"}],"wp:featuredmedia":[{"embeddable":true,"href":"https:\/\/hombresymujeresdelacasa.com\/home\/wp-json\/wp\/v2\/media\/2194"}],"wp:attachment":[{"href":"https:\/\/hombresymujeresdelacasa.com\/home\/wp-json\/wp\/v2\/media?parent=2193"}],"wp:term":[{"taxonomy":"category","embeddable":true,"href":"https:\/\/hombresymujeresdelacasa.com\/home\/wp-json\/wp\/v2\/categories?post=2193"},{"taxonomy":"post_tag","embeddable":true,"href":"https:\/\/hombresymujeresdelacasa.com\/home\/wp-json\/wp\/v2\/tags?post=2193"}],"curies":[{"name":"wp","href":"https:\/\/api.w.org\/{rel}","templated":true}]}}