{"id":2170,"date":"2017-11-02T12:38:10","date_gmt":"2017-11-02T18:38:10","guid":{"rendered":"http:\/\/hombresymujeresdelacasa.com\/home\/?p=2170"},"modified":"2017-11-05T20:54:06","modified_gmt":"2017-11-06T02:54:06","slug":"reporta-infonavit-120-viviendas-con-perdida-total-en-la-cdmx","status":"publish","type":"post","link":"https:\/\/hombresymujeresdelacasa.com\/home\/reporta-infonavit-120-viviendas-con-perdida-total-en-la-cdmx\/","title":{"rendered":"Reporta Infonavit 120 viviendas con p\u00e9rdida total en la CDMX"},"content":{"rendered":"<p>Por Edgar Rosas<\/p>\n<p><em>El organismo dio a conocer que se ha reforzado la coordinaci\u00f3n con las autoridades capitalinas en aras de atender a la derechohabiencia afectada por el sismo del pasado 19 de septiembre<\/em><\/p>\n<p>A casi dos semanas del sismo que azot\u00f3 la Ciudad de M\u00e9xico, el Instituto del Fondo Nacional de la Vivienda para los Trabajadores (Infonavit) tiene registradas 120 viviendas con p\u00e9rdida total, y 562 casas con da\u00f1os parciales, inform\u00f3 David Penchyna Grub, director general de este organismo de vivienda.<\/p>\n<p>Al dar a conocer las acciones que implementar\u00e1 el Infonavit en la Ciudad de M\u00e9xico para atender a los damnificados por el sismo, el directivo inform\u00f3 que el organismo contempla un universo de verificaci\u00f3n de 110,000 cr\u00e9ditos vigentes. Se\u00f1al\u00f3 que hasta el momento se han revisado 3,900 unidades y se estima que para esta semana se llegue a las 6,000.<\/p>\n<p>En el acto, en el que particip\u00f3 el jefe de Gobierno, Miguel \u00c1ngel Mancera, record\u00f3 que el Infonavit aplicar\u00e1 en la capital las 10 medidas emergentes que dio a conocer el jueves pasado. Entre ellos, precis\u00f3, se otorgar\u00e1n apoyos de renta para los acreditados que sufrieron p\u00e9rdida total de su vivienda.<\/p>\n<p>Adem\u00e1s, dijo, personal del Infonavit estar\u00e1 presente en los 18 m\u00f3dulos de atenci\u00f3n instalados por el gobierno de la Ciudad de M\u00e9xico. Esto, acompa\u00f1ado de los recorridos del Infonabus, con lo que se busca atender la informaci\u00f3n a los trabajadores afectados por el terremoto.<\/p>\n<p>&nbsp;<\/p>\n","protected":false},"excerpt":{"rendered":"<p>Por Edgar Rosas El organismo dio a conocer que se ha reforzado la coordinaci\u00f3n con las autoridades capitalinas en aras de atender a la derechohabiencia afectada por el sismo del pasado 19 de septiembre A casi dos semanas del sismo que azot\u00f3 la Ciudad de M\u00e9xico, el Instituto del Fondo Nacional de la Vivienda para [&hellip;]<\/p>\n","protected":false},"author":1,"featured_media":2172,"comment_status":"open","ping_status":"open","sticky":false,"template":"","format":"standard","meta":{"site-sidebar-layout":"default","site-content-layout":"","ast-site-content-layout":"default","site-content-style":"default","site-sidebar-style":"default","ast-global-header-display":"","ast-banner-title-visibility":"","ast-main-header-display":"","ast-hfb-above-header-display":"","ast-hfb-below-header-display":"","ast-hfb-mobile-header-display":"","site-post-title":"","ast-breadcrumbs-content":"","ast-featured-img":"","footer-sml-layout":"","ast-disable-related-posts":"","theme-transparent-header-meta":"","adv-header-id-meta":"","stick-header-meta":"","header-above-stick-meta":"","header-main-stick-meta":"","header-below-stick-meta":"","astra-migrate-meta-layouts":"default","ast-page-background-enabled":"default","ast-page-background-meta":{"desktop":{"background-color":"var(--ast-global-color-4)","background-image":"","background-repeat":"repeat","background-position":"center center","background-size":"auto","background-attachment":"scroll","background-type":"","background-media":"","overlay-type":"","overlay-color":"","overlay-opacity":"","overlay-gradient":""},"tablet":{"background-color":"","background-image":"","background-repeat":"repeat","background-position":"center center","background-size":"auto","background-attachment":"scroll","background-type":"","background-media":"","overlay-type":"","overlay-color":"","overlay-opacity":"","overlay-gradient":""},"mobile":{"background-color":"","background-image":"","background-repeat":"repeat","background-position":"center center","background-size":"auto","background-attachment":"scroll","background-type":"","background-media":"","overlay-type":"","overlay-color":"","overlay-opacity":"","overlay-gradient":""}},"ast-content-background-meta":{"desktop":{"background-color":"var(--ast-global-color-5)","background-image":"","background-repeat":"repeat","background-position":"center center","background-size":"auto","background-attachment":"scroll","background-type":"","background-media":"","overlay-type":"","overlay-color":"","overlay-opacity":"","overlay-gradient":""},"tablet":{"background-color":"var(--ast-global-color-5)","background-image":"","background-repeat":"repeat","background-position":"center center","background-size":"auto","background-attachment":"scroll","background-type":"","background-media":"","overlay-type":"","overlay-color":"","overlay-opacity":"","overlay-gradient":""},"mobile":{"background-color":"var(--ast-global-color-5)","background-image":"","background-repeat":"repeat","background-position":"center center","background-size":"auto","background-attachment":"scroll","background-type":"","background-media":"","overlay-type":"","overlay-color":"","overlay-opacity":"","overlay-gradient":""}},"footnotes":""},"categories":[4],"tags":[41,57,60,102,216,215,177],"class_list":["post-2170","post","type-post","status-publish","format-standard","has-post-thumbnail","hentry","category-noticias","tag-cdmx","tag-creditos","tag-david-penchyna-grub","tag-infonavit","tag-miguel-angel-mancera","tag-sismo","tag-vivienda"],"_links":{"self":[{"href":"https:\/\/hombresymujeresdelacasa.com\/home\/wp-json\/wp\/v2\/posts\/2170","targetHints":{"allow":["GET"]}}],"collection":[{"href":"https:\/\/hombresymujeresdelacasa.com\/home\/wp-json\/wp\/v2\/posts"}],"about":[{"href":"https:\/\/hombresymujeresdelacasa.com\/home\/wp-json\/wp\/v2\/types\/post"}],"author":[{"embeddable":true,"href":"https:\/\/hombresymujeresdelacasa.com\/home\/wp-json\/wp\/v2\/users\/1"}],"replies":[{"embeddable":true,"href":"https:\/\/hombresymujeresdelacasa.com\/home\/wp-json\/wp\/v2\/comments?post=2170"}],"version-history":[{"count":3,"href":"https:\/\/hombresymujeresdelacasa.com\/home\/wp-json\/wp\/v2\/posts\/2170\/revisions"}],"predecessor-version":[{"id":2271,"href":"https:\/\/hombresymujeresdelacasa.com\/home\/wp-json\/wp\/v2\/posts\/2170\/revisions\/2271"}],"wp:featuredmedia":[{"embeddable":true,"href":"https:\/\/hombresymujeresdelacasa.com\/home\/wp-json\/wp\/v2\/media\/2172"}],"wp:attachment":[{"href":"https:\/\/hombresymujeresdelacasa.com\/home\/wp-json\/wp\/v2\/media?parent=2170"}],"wp:term":[{"taxonomy":"category","embeddable":true,"href":"https:\/\/hombresymujeresdelacasa.com\/home\/wp-json\/wp\/v2\/categories?post=2170"},{"taxonomy":"post_tag","embeddable":true,"href":"https:\/\/hombresymujeresdelacasa.com\/home\/wp-json\/wp\/v2\/tags?post=2170"}],"curies":[{"name":"wp","href":"https:\/\/api.w.org\/{rel}","templated":true}]}}