{"id":2116,"date":"2017-11-01T13:35:47","date_gmt":"2017-11-01T19:35:47","guid":{"rendered":"http:\/\/hombresymujeresdelacasa.com\/home\/?p=2116"},"modified":"2017-11-01T13:35:47","modified_gmt":"2017-11-01T19:35:47","slug":"consolidar-a-la-vivienda-en-el-cierre-de-ano-objetivo-de-cmic","status":"publish","type":"post","link":"https:\/\/hombresymujeresdelacasa.com\/home\/consolidar-a-la-vivienda-en-el-cierre-de-ano-objetivo-de-cmic\/","title":{"rendered":"Consolidar a la vivienda en el cierre de a\u00f1o, objetivo de CMIC"},"content":{"rendered":"<p>Por: Edgar Rosas<\/p>\n<p><em>Para la Vicepresidencia de Vivienda de la C\u00e1mara la meta ser\u00e1 establecer estrategias para que la industria cierre de mejor manera el a\u00f1o. Entre ellos, dijo Sergio Tripp, trabajar para que las pol\u00edticas se aterricen de forma m\u00e1s \u00f3ptima en municipios<\/em><span id=\"more-57768\"><\/span><\/p>\n<p>Desde la C\u00e1mara Mexicana de la Industria de la Construcci\u00f3n (<a href=\"http:\/\/cmic.org\/\" target=\"_blank\" rel=\"noopener nofollow\">CMIC<\/a>) la prioridad para el cierre del a\u00f1o ser\u00e1 establecer la estrategia para que el sector vivienda no se detenga y contin\u00fae con un paso s\u00f3lido. Sobre todo, trabajar para que las pol\u00edticas definidas a nivel federal, se concreten de mejor manera en el \u00e1mbito municipal y estatal, y con ello dinamizar a la industria.<\/p>\n<p>Lo anterior lo manifest\u00f3\u00a0<strong>Sergio Tripp G\u00f3mez<\/strong>, titular de la\u00a0<a href=\"http:\/\/www.cmic.org.mx\/comisiones\/sectoriales\/vivienda\/\" target=\"_blank\" rel=\"noopener nofollow\">vicepresidencia de Vivienda y Desarrollo Urbano<\/a>\u00a0de la CMIC, quien destac\u00f3 que a pesar de que el inicio del a\u00f1o ha tra\u00eddo buenos n\u00famero para la industria, a\u00fan no se puede cantar victoria, sobre todo ante un escenario de incertidumbre a nivel mundial.<\/p>\n<p>Tripp G\u00f3mez manifest\u00f3 que entre las tareas definidas como prioridad para la CMIC se encuentra mejorar el desempe\u00f1o de la industria, sobre todo ante circunstancias como el aumento en el precio del cemento. Dijo, adem\u00e1s, que se debe empezar a trabajar en planteamientos concretos para fortalecer al sector e impulsar la industria en 2018.<\/p>\n<p>\u201cEntre lo m\u00e1s importante que tenemos es ver c\u00f3mo podemos cerrar de mejor forma este segundo semestre, c\u00f3mo podemos seguir incentivando la producci\u00f3n de vivienda, el mercado.<\/p>\n<p>\u201cLo que es urgente es empezar a desarrollar que las pol\u00edticas p\u00fablicas que se dan a nivel federal, podamos aterrizarlas en estados y municipios. Porque efectivamente tenemos avances en la materia, pero de alguna forma no se aterrizan en los municipios como se quisiera, que realmente son los detonantes de la econom\u00eda\u201d, apunt\u00f3.<\/p>\n<p>El Vicepresidente de Vivienda de CMIC destac\u00f3 que el 1S2017 ha sido de mucha actividad para el sector. A\u00f1adi\u00f3 que a pesar que se han enfrentado situaciones complejas tambi\u00e9n se han presentado grandes sucesos, como el aumento en el monto de financiamiento del Infonavit.<\/p>\n<p>\u201cHemos tenido buenas noticias como lo es que el Infonavit haya incrementado los montos de financiamiento. Este hecho ha permitido dejar de depender tanto del subsidio, que es un recurso finito. De alguna forma esperamos que esto empiece a dinamizar la colocaci\u00f3n de la vivienda econ\u00f3mica, que esperamos estar midiendo en pr\u00f3ximos meses para tener alg\u00fan avance de ello\u201d, se\u00f1al\u00f3.<\/p>\n<p>Para el cierre del a\u00f1o, el encargado del tema de vivienda de CMIC destac\u00f3 que el camino de los participantes de la industria debe estar dirigido a que las pol\u00edticas p\u00fablicas se conviertan en un real impulsor de la industria.<\/p>\n<p>\u201cA\u00fan no podemos cantar victoria. El tema sigue en la incertidumbre. No s\u00f3lo por nuestro pa\u00eds. El entorno mundial econ\u00f3mico as\u00ed nos est\u00e1 jalando. Estamos en una econom\u00eda globalizada y como tal estas expectativas siguen todav\u00eda con esa incertidumbre de lo que va a suceder en los pr\u00f3ximos 6 meses\u201d, expuso.<\/p>\n<p>Tripp G\u00f3mez llam\u00f3 a las autoridades a estar pendiente de lo que sucede en la industria y su cadena de valor. De manera concreta recalc\u00f3 la importancia de que el gobierno intervenga en temas como el alza en el precio del cemento, el cual, dijo, fue injustificado<\/p>\n","protected":false},"excerpt":{"rendered":"<p>Por: Edgar Rosas Para la Vicepresidencia de Vivienda de la C\u00e1mara la meta ser\u00e1 establecer estrategias para que la industria cierre de mejor manera el a\u00f1o. Entre ellos, dijo Sergio Tripp, trabajar para que las pol\u00edticas se aterricen de forma m\u00e1s \u00f3ptima en municipios Desde la C\u00e1mara Mexicana de la Industria de la Construcci\u00f3n (CMIC) [&hellip;]<\/p>\n","protected":false},"author":1,"featured_media":2117,"comment_status":"open","ping_status":"open","sticky":false,"template":"","format":"standard","meta":{"site-sidebar-layout":"default","site-content-layout":"","ast-site-content-layout":"default","site-content-style":"default","site-sidebar-style":"default","ast-global-header-display":"","ast-banner-title-visibility":"","ast-main-header-display":"","ast-hfb-above-header-display":"","ast-hfb-below-header-display":"","ast-hfb-mobile-header-display":"","site-post-title":"","ast-breadcrumbs-content":"","ast-featured-img":"","footer-sml-layout":"","ast-disable-related-posts":"","theme-transparent-header-meta":"","adv-header-id-meta":"","stick-header-meta":"","header-above-stick-meta":"","header-main-stick-meta":"","header-below-stick-meta":"","astra-migrate-meta-layouts":"default","ast-page-background-enabled":"default","ast-page-background-meta":{"desktop":{"background-color":"var(--ast-global-color-4)","background-image":"","background-repeat":"repeat","background-position":"center center","background-size":"auto","background-attachment":"scroll","background-type":"","background-media":"","overlay-type":"","overlay-color":"","overlay-opacity":"","overlay-gradient":""},"tablet":{"background-color":"","background-image":"","background-repeat":"repeat","background-position":"center center","background-size":"auto","background-attachment":"scroll","background-type":"","background-media":"","overlay-type":"","overlay-color":"","overlay-opacity":"","overlay-gradient":""},"mobile":{"background-color":"","background-image":"","background-repeat":"repeat","background-position":"center center","background-size":"auto","background-attachment":"scroll","background-type":"","background-media":"","overlay-type":"","overlay-color":"","overlay-opacity":"","overlay-gradient":""}},"ast-content-background-meta":{"desktop":{"background-color":"var(--ast-global-color-5)","background-image":"","background-repeat":"repeat","background-position":"center center","background-size":"auto","background-attachment":"scroll","background-type":"","background-media":"","overlay-type":"","overlay-color":"","overlay-opacity":"","overlay-gradient":""},"tablet":{"background-color":"var(--ast-global-color-5)","background-image":"","background-repeat":"repeat","background-position":"center center","background-size":"auto","background-attachment":"scroll","background-type":"","background-media":"","overlay-type":"","overlay-color":"","overlay-opacity":"","overlay-gradient":""},"mobile":{"background-color":"var(--ast-global-color-5)","background-image":"","background-repeat":"repeat","background-position":"center center","background-size":"auto","background-attachment":"scroll","background-type":"","background-media":"","overlay-type":"","overlay-color":"","overlay-opacity":"","overlay-gradient":""}},"footnotes":""},"categories":[2],"tags":[198,199,200,177],"class_list":["post-2116","post","type-post","status-publish","format-standard","has-post-thumbnail","hentry","category-entrevistas","tag-cmic","tag-sergio-tripp","tag-vicepresidencia-de-vivienda-y-desarrollo-urbano","tag-vivienda"],"_links":{"self":[{"href":"https:\/\/hombresymujeresdelacasa.com\/home\/wp-json\/wp\/v2\/posts\/2116","targetHints":{"allow":["GET"]}}],"collection":[{"href":"https:\/\/hombresymujeresdelacasa.com\/home\/wp-json\/wp\/v2\/posts"}],"about":[{"href":"https:\/\/hombresymujeresdelacasa.com\/home\/wp-json\/wp\/v2\/types\/post"}],"author":[{"embeddable":true,"href":"https:\/\/hombresymujeresdelacasa.com\/home\/wp-json\/wp\/v2\/users\/1"}],"replies":[{"embeddable":true,"href":"https:\/\/hombresymujeresdelacasa.com\/home\/wp-json\/wp\/v2\/comments?post=2116"}],"version-history":[{"count":1,"href":"https:\/\/hombresymujeresdelacasa.com\/home\/wp-json\/wp\/v2\/posts\/2116\/revisions"}],"predecessor-version":[{"id":2118,"href":"https:\/\/hombresymujeresdelacasa.com\/home\/wp-json\/wp\/v2\/posts\/2116\/revisions\/2118"}],"wp:featuredmedia":[{"embeddable":true,"href":"https:\/\/hombresymujeresdelacasa.com\/home\/wp-json\/wp\/v2\/media\/2117"}],"wp:attachment":[{"href":"https:\/\/hombresymujeresdelacasa.com\/home\/wp-json\/wp\/v2\/media?parent=2116"}],"wp:term":[{"taxonomy":"category","embeddable":true,"href":"https:\/\/hombresymujeresdelacasa.com\/home\/wp-json\/wp\/v2\/categories?post=2116"},{"taxonomy":"post_tag","embeddable":true,"href":"https:\/\/hombresymujeresdelacasa.com\/home\/wp-json\/wp\/v2\/tags?post=2116"}],"curies":[{"name":"wp","href":"https:\/\/api.w.org\/{rel}","templated":true}]}}